{"id":9874,"date":"2021-06-14T14:14:27","date_gmt":"2021-06-14T12:14:27","guid":{"rendered":"https:\/\/blog.startups.ch\/fr\/?p=9874"},"modified":"2021-06-14T14:14:29","modified_gmt":"2021-06-14T12:14:29","slug":"la-start-up-suisse-librec-recycle-les-batteries-des-voitures-electriques","status":"publish","type":"post","link":"https:\/\/blog.startups.ch\/fr\/2021\/06\/14\/la-start-up-suisse-librec-recycle-les-batteries-des-voitures-electriques\/","title":{"rendered":"La start-up suisse Librec recycle les batteries des voitures \u00e9lectriques"},"content":{"rendered":"<h2>De plus en plus de personnes d\u00e9cident d&#8217;acheter une voiture \u00e9lectrique. Mais qu&#8217;advient-il r\u00e9ellement des batteries lorsqu&#8217;un v\u00e9hicule arrive en fin de vie et est mis \u00e0 la casse ? La start-up suisse Librec a mis au point une solution durable et respectueuse de l&#8217;environnement pour le recyclage des batteries de voitures \u00e9lectriques.<\/h2>\n<p><!--more--><\/p>\n<p><img loading=\"lazy\" decoding=\"async\" class=\"alignnone size-large wp-image-9876\" src=\"https:\/\/i0.wp.com\/blog.startups.ch\/fr\/wp-content\/uploads\/2021\/06\/Bildschirmfoto-2021-06-14-um-13.39.27.png?resize=1200%2C801&#038;ssl=1\" alt=\"Voiture \u00e9lectrique\" width=\"1200\" height=\"801\" data-recalc-dims=\"1\" \/><\/p>\n<p>Les v\u00e9hicules \u00e9lectriques deviennent de plus en plus r\u00e9pandus. Chaque ann\u00e9e, toujours plus de Suisses ach\u00e8tent un v\u00e9hicule \u00e9lectrique ou hybride. L&#8217;ann\u00e9e derni\u00e8re, les v\u00e9hicules hybrides ont repr\u00e9sent\u00e9 environ 20 % des nouvelles immatriculations de voitures et les v\u00e9hicules purement \u00e9lectriques environ 8,3 %. Les voitures hybrides et \u00e9lectriques sont plus demand\u00e9es que jamais. Celles et ceux qui choisissent un tel v\u00e9hicule le font g\u00e9n\u00e9ralement par souci de respecter l&#8217;environnement.<\/p>\n<h3>Recycler au lieu de jeter<\/h3>\n<p>Qu\u2019arrive-t-il r\u00e9ellement aux batteries des voitures \u00e9lectriques lorsqu&#8217;elles atteignent la fin de leur vie ? Jusqu&#8217;\u00e0 pr\u00e9sent, les batteries de voitures \u00e9lectriques \u00e9taient g\u00e9n\u00e9ralement export\u00e9es \u00e0 l&#8217;\u00e9tranger pour y \u00eatre \u00e9limin\u00e9es. Elles \u00e9taient fondues ou d\u00e9vers\u00e9es dans des d\u00e9charges. Hors, cette approche est non seulement mauvaise pour l&#8217;environnement, mais elle entra\u00eene \u00e9galement des co\u00fbts consid\u00e9rables car les batteries doivent \u00eatre prot\u00e9g\u00e9es de mani\u00e8re ad\u00e9quate contre les risques d&#8217;incendie pendant le transport. La start-up suisse Librec a mis au point une solution de recyclage des batteries de v\u00e9hicules \u00e9lectriques qui rem\u00e9die \u00e0 ces probl\u00e8mes.<\/p>\n<h3>Des attentes \u00e9lev\u00e9es pour la start-up<\/h3>\n<p>La start-up suisse Librec a \u00e9t\u00e9 fond\u00e9e en f\u00e9vrier 2021 et est bas\u00e9e \u00e0 Oensingen (SO). Les attentes \u00e0 l&#8217;\u00e9gard de la jeune entreprise sont \u00e9lev\u00e9es. En effet, l&#8217;Office f\u00e9d\u00e9ral de l&#8217;environnement (OFEV), des entreprises renomm\u00e9es de l&#8217;industrie automobile suisse ainsi que l&#8217;Empa, la Fondation suisse pour le recyclage des automobiles, Swiss e-Mobility et la Haute \u00e9cole sp\u00e9cialis\u00e9e de Berne soutiennent la start-up.<\/p>\n<h3>Usine de recyclage fonctionnelle d&#8217;ici 2024<\/h3>\n<p>La jeune entreprise pr\u00e9voit de commencer la construction d&#8217;une usine de recyclage dans le canton de Soleure l&#8217;ann\u00e9e prochaine. D\u00e8s 2024, la nouvelle usine devrait recycler les batteries des v\u00e9hicules \u00e9lectriques et r\u00e9cup\u00e9rer jusqu&#8217;\u00e0 90 % des mati\u00e8res premi\u00e8res. La premi\u00e8re ann\u00e9e, Librec pr\u00e9voit de recycler environ 300 tonnes de batteries provenant de 1\u2019000 voitures \u00e9lectriques. D&#8217;ici dix ans, la start-up esp\u00e8re \u00eatre en mesure de recycler plus de 3\u2019000 tonnes par an. La jeune entreprise \u00e9tudie d\u00e9j\u00e0 la possibilit\u00e9 de construire un deuxi\u00e8me site.<\/p>\n<h3>Financement par l&#8217;\u00e9nergie r\u00e9siduelle et la vente de mati\u00e8res premi\u00e8res<\/h3>\n<p>Le projet sera financ\u00e9 par la vente des mati\u00e8res premi\u00e8res obtenues \u00e0 travers le recyclage et par une contribution vers\u00e9e \u00e0 l&#8217;achat d&#8217;un v\u00e9hicule \u00e9lectrique. En outre, la start-up pr\u00e9voit de d\u00e9charger les batteries avant de les recycler. Elle utilisera l&#8217;\u00e9nergie r\u00e9siduelle pour faire fonctionner l&#8217;usine d&#8217;\u00e9limination. Il devrait \u00eatre possible de couvrir plus d&#8217;un quart de la demande d&#8217;\u00e9lectricit\u00e9 de l&#8217;usine avec l&#8217;\u00e9nergie r\u00e9siduelle.<\/p>\n<p><em>Source: Blick Artikel \u00abSchweizer Start-up will Akkus von E-Autos ausschlachten\u00bb vom 28. April 2021: &lt;https:\/\/www.blick.ch\/auto\/service\/recyclinganlage-in-solothurn-geplant-schweizer-start-up-will-akkus-von-e-autos-ausschlachten-id16488594.html&gt;<\/em><\/p>\n<p>Vous avez une id\u00e9e d&#8217;entreprise innovante que vous souhaitez mettre en \u0153uvre ? Les experts de STARTUPS.CH sont \u00e0 votre disposition et vous accompagneront dans votre ind\u00e9pendance professionnelle.<\/p>\n<div dir=\"auto\">Se lancer en tant que <a href=\"https:\/\/bit.ly\/3fccZuN\">Mompreneur<\/a><\/div>\n<div dir=\"auto\">Se lancer en tant que <a href=\"https:\/\/bit.ly\/2UFV71N\">Dadpreneur<\/a><\/div>\n<div dir=\"auto\">Se lancer en tant <a href=\"https:\/\/bit.ly\/35JYyLi\">Seniorpreneur<\/a><\/div>\n<div dir=\"auto\">Se lancer en tant que <a href=\"https:\/\/bit.ly\/2UEHhwy\">Youngpreneur<\/a><\/div>\n<p><a class=\"postButton\" href=\"https:\/\/www.startups.ch\/fr\/home\" target=\"_blank\" rel=\"noopener noreferrer\">\u00bb STARTUPS.CH<\/a>\u00a0<a class=\"postButton\" href=\"https:\/\/www.startups.ch\/fr\/services\/creation-entreprise\" target=\"_blank\" rel=\"noopener noreferrer\">\u00bb Cr\u00e9er une entreprise<\/a><\/p>\n","protected":false},"excerpt":{"rendered":"<p>De plus en plus de personnes d\u00e9cident d&#8217;acheter une voiture \u00e9lectrique. Mais qu&#8217;advient-il r\u00e9ellement des batteries lorsqu&#8217;un v\u00e9hicule arrive en fin de vie et est mis \u00e0 la casse ? La start-up suisse Librec a mis au point une solution durable et respectueuse de l&#8217;environnement pour le recyclage des batteries de voitures \u00e9lectriques.<\/p>\n","protected":false},"author":1,"featured_media":0,"comment_status":"open","ping_status":"open","sticky":false,"template":"","format":"standard","meta":{"content-type":"","jetpack_post_was_ever_published":false,"_jetpack_newsletter_access":"","_jetpack_dont_email_post_to_subs":false,"_jetpack_newsletter_tier_id":0,"footnotes":"","jetpack_publicize_message":"","jetpack_publicize_feature_enabled":true,"jetpack_social_post_already_shared":true,"jetpack_social_options":{"image_generator_settings":{"template":"highway","enabled":false}}},"categories":[228,1],"tags":[],"jetpack_publicize_connections":[],"aioseo_notices":[],"views":1565,"jetpack_featured_media_url":"","jetpack_sharing_enabled":true,"jetpack_shortlink":"https:\/\/wp.me\/p7y0qY-2zg","_links":{"self":[{"href":"https:\/\/blog.startups.ch\/fr\/wp-json\/wp\/v2\/posts\/9874"}],"collection":[{"href":"https:\/\/blog.startups.ch\/fr\/wp-json\/wp\/v2\/posts"}],"about":[{"href":"https:\/\/blog.startups.ch\/fr\/wp-json\/wp\/v2\/types\/post"}],"author":[{"embeddable":true,"href":"https:\/\/blog.startups.ch\/fr\/wp-json\/wp\/v2\/users\/1"}],"replies":[{"embeddable":true,"href":"https:\/\/blog.startups.ch\/fr\/wp-json\/wp\/v2\/comments?post=9874"}],"version-history":[{"count":5,"href":"https:\/\/blog.startups.ch\/fr\/wp-json\/wp\/v2\/posts\/9874\/revisions"}],"predecessor-version":[{"id":9880,"href":"https:\/\/blog.startups.ch\/fr\/wp-json\/wp\/v2\/posts\/9874\/revisions\/9880"}],"wp:attachment":[{"href":"https:\/\/blog.startups.ch\/fr\/wp-json\/wp\/v2\/media?parent=9874"}],"wp:term":[{"taxonomy":"category","embeddable":true,"href":"https:\/\/blog.startups.ch\/fr\/wp-json\/wp\/v2\/categories?post=9874"},{"taxonomy":"post_tag","embeddable":true,"href":"https:\/\/blog.startups.ch\/fr\/wp-json\/wp\/v2\/tags?post=9874"}],"curies":[{"name":"wp","href":"https:\/\/api.w.org\/{rel}","templated":true}]}}