{"id":9808,"date":"2021-05-31T16:16:40","date_gmt":"2021-05-31T14:16:40","guid":{"rendered":"https:\/\/blog.startups.ch\/fr\/?p=9808"},"modified":"2021-05-31T22:04:15","modified_gmt":"2021-05-31T20:04:15","slug":"votation-populaire-sur-la-loi-covid-19","status":"publish","type":"post","link":"https:\/\/blog.startups.ch\/fr\/2021\/05\/31\/votation-populaire-sur-la-loi-covid-19\/","title":{"rendered":"Votation populaire sur la Loi COVID-19"},"content":{"rendered":"<h2>Le 13 juin 2021, la Suisse votera sur la Loi COVID-19. Cette loi vise \u00e0 att\u00e9nuer les cons\u00e9quences \u00e9conomiques de la pand\u00e9mie et \u00e0 garantir les soins m\u00e9dicaux. Si la loi n&#8217;est pas adopt\u00e9e, elle expirera le 25 septembre 2021.<\/h2>\n<p><!--more--><\/p>\n<p><img loading=\"lazy\" decoding=\"async\" class=\"alignnone size-large wp-image-9809\" src=\"https:\/\/i0.wp.com\/blog.startups.ch\/fr\/wp-content\/uploads\/2021\/05\/Bildschirmfoto-2021-05-31-um-15.53.12.png?resize=1200%2C798&#038;ssl=1\" alt=\"Loi COVID-19\" width=\"1200\" height=\"798\" data-recalc-dims=\"1\" \/><\/p>\n<h3><strong>Soutien aux victimes du COVID-19<\/strong><\/h3>\n<p>Au printemps 2020, le Conseil f\u00e9d\u00e9ral a pris de nombreuses mesures destin\u00e9es \u00e0 att\u00e9nuer les cons\u00e9quences \u00e9conomiques de la pand\u00e9mie COVID-19. \u00c0 cette fin, et afin de garantir les soins m\u00e9dicaux, il a \u00e9dict\u00e9 diverses r\u00e9glementations par le biais d&#8217;une loi urgente. Les dispositions urgentes ayant une dur\u00e9e de validit\u00e9 limit\u00e9e \u00e0 six mois, la Loi COVID-19 a d\u00fb \u00eatre soumise au Parlement pour ensuite \u00eatre adopt\u00e9e par ce dernier.<\/p>\n<h3><strong>Aide financi\u00e8re et soins m\u00e9dicaux<\/strong><\/h3>\n<p>Consid\u00e9r\u00e9e comme urgente, la loi est entr\u00e9e en vigueur en septembre 2020. Elle permet au Conseil f\u00e9d\u00e9ral de prolonger l&#8217;indemnisation du ch\u00f4mage partiel et de soutenir financi\u00e8rement les cantons, les entreprises et les employ\u00e9s particuli\u00e8rement touch\u00e9s par la pand\u00e9mie. En outre, elle permet de faire des exceptions \u00e0 l&#8217;autorisation de certains m\u00e9dicaments. En revanche, aucune exception n&#8217;est pr\u00e9vue pour l&#8217;autorisation des vaccins. La plupart des dispositions de la loi s&#8217;appliqueront jusqu&#8217;\u00e0 la fin de 2021 et d&#8217;autres resteront en vigueur jusqu&#8217;en 2022.<\/p>\n<h3><strong>Votation du 13 juin 2021 sur la loi COVID-19 <\/strong><\/h3>\n<p><a href=\"https:\/\/www.admin.ch\/gov\/fr\/accueil\/documentation\/votations\/20210613\/loi-covid-19.html\" target=\"_blank\" rel=\"noopener noreferrer\">La Loi COVID-19<\/a> ayant fait l&#8217;objet d&#8217;un r\u00e9f\u00e9rendum, le peuple suisse devra se rendre aux urnes. Si la loi est approuv\u00e9e, elle restera en vigueur. Si les \u00e9lecteurs suisses la rejettent, elle expirera le 25 septembre 2021.<\/p>\n<h4><strong>Arguments des partisans<\/strong><\/h4>\n<p>Les partisans de la Loi COVID-19 font valoir que de nombreux particuliers et entreprises auraient besoin du soutien financier qu&#8217;elle pr\u00e9voit. Il s\u2019agit l\u00e0 surtout des domaines de la culture et du sport qui d\u00e9pendent fortement des aides de la Conf\u00e9d\u00e9ration. L&#8217;adoption de la Loi COVID-19 permettrait ainsi d&#8217;\u00e9viter l&#8217;augmentation du ch\u00f4mage et de l&#8217;ins\u00e9curit\u00e9 au sein de la population. De plus, cette loi a \u00e9t\u00e9 approuv\u00e9e d&#8217;une mani\u00e8re d\u00e9mocratique par le Parlement et garantit \u00e9galement la participation des cantons dans les d\u00e9cisions.<\/p>\n<h4><strong>Arguments des opposants<\/strong><\/h4>\n<p>Le comit\u00e9 r\u00e9f\u00e9rendaire et les opposants \u00e0 la Loi COVID-19 affirment que le parlement rate la cible et ne respecte pas les besoins de la population. Ils critiquent le fait que la loi urgente adopt\u00e9e n&#8217;est pas ad\u00e9quate et que le Parlement n&#8217;a pas contr\u00f4l\u00e9 son efficacit\u00e9, comportement qui serait contraire \u00e0 la Constitution. Avec la Loi COVID-19, le Conseil f\u00e9d\u00e9ral \u00e9tendrait de plus en plus le droit de &#8220;n\u00e9cessit\u00e9&#8221; et cela d&#8217;une mani\u00e8re antid\u00e9mocratique. Bien qu\u2019il y ait quelques \u00e9l\u00e9ments positifs, la loi contiendrait \u00e9galement des subventions n\u00e9fastes pour les m\u00e9dias.<\/p>\n<p>Vous avez une id\u00e9e d&#8217;entreprise innovante que vous souhaitez mettre en \u0153uvre ? Les experts de STARTUPS.CH sont \u00e0 votre disposition et vous accompagneront dans votre ind\u00e9pendance professionnelle.<\/p>\n<div dir=\"auto\">Se lancer en tant que <a href=\"https:\/\/bit.ly\/3fccZuN\">Mompreneur<\/a><\/div>\n<div dir=\"auto\">Se lancer en tant que <a href=\"https:\/\/bit.ly\/2UFV71N\">Dadpreneur<\/a><\/div>\n<div dir=\"auto\">Se lancer en tant <a href=\"https:\/\/bit.ly\/35JYyLi\">Seniorpreneur<\/a><\/div>\n<div dir=\"auto\">Se lancer en tant que <a href=\"https:\/\/bit.ly\/2UEHhwy\">Youngpreneur<\/a><\/div>\n<p><a class=\"postButton\" href=\"https:\/\/www.startups.ch\/fr\/home\" target=\"_blank\" rel=\"noopener noreferrer\">\u00bb STARTUPS.CH<\/a>\u00a0<a class=\"postButton\" href=\"https:\/\/www.startups.ch\/fr\/services\/creation-entreprise\" target=\"_blank\" rel=\"noopener noreferrer\">\u00bb Cr\u00e9er une entreprise<\/a><\/p>\n","protected":false},"excerpt":{"rendered":"<p>Le 13 juin 2021, la Suisse votera sur la Loi COVID-19. Cette loi vise \u00e0 att\u00e9nuer les cons\u00e9quences \u00e9conomiques de la pand\u00e9mie et \u00e0 garantir les soins m\u00e9dicaux. Si la loi n&#8217;est pas adopt\u00e9e, elle expirera le 25 septembre 2021.<\/p>\n","protected":false},"author":1,"featured_media":0,"comment_status":"open","ping_status":"open","sticky":false,"template":"","format":"standard","meta":{"content-type":"","jetpack_post_was_ever_published":false,"_jetpack_newsletter_access":"","_jetpack_dont_email_post_to_subs":false,"_jetpack_newsletter_tier_id":0,"footnotes":"","jetpack_publicize_message":"","jetpack_publicize_feature_enabled":true,"jetpack_social_post_already_shared":true,"jetpack_social_options":{"image_generator_settings":{"template":"highway","enabled":false}}},"categories":[1],"tags":[],"jetpack_publicize_connections":[],"aioseo_notices":[],"views":589,"jetpack_featured_media_url":"","jetpack_sharing_enabled":true,"jetpack_shortlink":"https:\/\/wp.me\/p7y0qY-2yc","_links":{"self":[{"href":"https:\/\/blog.startups.ch\/fr\/wp-json\/wp\/v2\/posts\/9808"}],"collection":[{"href":"https:\/\/blog.startups.ch\/fr\/wp-json\/wp\/v2\/posts"}],"about":[{"href":"https:\/\/blog.startups.ch\/fr\/wp-json\/wp\/v2\/types\/post"}],"author":[{"embeddable":true,"href":"https:\/\/blog.startups.ch\/fr\/wp-json\/wp\/v2\/users\/1"}],"replies":[{"embeddable":true,"href":"https:\/\/blog.startups.ch\/fr\/wp-json\/wp\/v2\/comments?post=9808"}],"version-history":[{"count":4,"href":"https:\/\/blog.startups.ch\/fr\/wp-json\/wp\/v2\/posts\/9808\/revisions"}],"predecessor-version":[{"id":9813,"href":"https:\/\/blog.startups.ch\/fr\/wp-json\/wp\/v2\/posts\/9808\/revisions\/9813"}],"wp:attachment":[{"href":"https:\/\/blog.startups.ch\/fr\/wp-json\/wp\/v2\/media?parent=9808"}],"wp:term":[{"taxonomy":"category","embeddable":true,"href":"https:\/\/blog.startups.ch\/fr\/wp-json\/wp\/v2\/categories?post=9808"},{"taxonomy":"post_tag","embeddable":true,"href":"https:\/\/blog.startups.ch\/fr\/wp-json\/wp\/v2\/tags?post=9808"}],"curies":[{"name":"wp","href":"https:\/\/api.w.org\/{rel}","templated":true}]}}