{"id":9378,"date":"2021-02-22T12:32:18","date_gmt":"2021-02-22T11:32:18","guid":{"rendered":"https:\/\/blog.startups.ch\/fr\/?p=9378"},"modified":"2024-09-24T11:11:27","modified_gmt":"2024-09-24T09:11:27","slug":"vous-desirez-creer-une-raison-individuelle-voici-ce-que-vous-devez-savoir","status":"publish","type":"post","link":"https:\/\/blog.startups.ch\/fr\/2021\/02\/22\/vous-desirez-creer-une-raison-individuelle-voici-ce-que-vous-devez-savoir\/","title":{"rendered":"Vous d\u00e9sirez cr\u00e9er une raison individuelle ? Voici ce que vous devez savoir."},"content":{"rendered":"\n<h2 class=\"wp-block-heading\">Songez-vous \u00e0 cr\u00e9er votre propre entreprise&nbsp;? Vous ne savez pas quelle forme juridique correspond le plus \u00e0 vos besoins&nbsp;? La raison individuelle est une forme juridique tr\u00e8s r\u00e9pandue en Suisse car sa constitution ne n\u00e9cessite pas de capital minimum. De ce fait, la raison individuelle est particuli\u00e8rement adapt\u00e9e pour les petites entreprises.<\/h2>\n\n\n\n<!--more-->\n\n\n\n<h3 class=\"wp-block-heading\"><a href=\"https:\/\/i0.wp.com\/blog.startups.ch\/fr\/wp-content\/uploads\/2021\/02\/pexels-quang-nguyen-vinh-2159129.jpg?ssl=1\"><img loading=\"lazy\" decoding=\"async\" class=\"alignnone size-large wp-image-9379\" src=\"https:\/\/i0.wp.com\/blog.startups.ch\/fr\/wp-content\/uploads\/2021\/02\/pexels-quang-nguyen-vinh-2159129.jpg?resize=1200%2C800&#038;ssl=1\" alt=\"\" width=\"1200\" height=\"800\"  data-recalc-dims=\"1\"><\/a><\/h3>\n\n\n\n<h3 class=\"wp-block-heading\"><strong>La raison individuelle en bref<\/strong><\/h3>\n\n\n\n<p>La raison individuelle est tr\u00e8s appr\u00e9ci\u00e9e par les fondateurs d\u2019entreprise. En 2020, on compte 14&#8217;858 cr\u00e9ations de raisons individuelles en Suisse. C\u2019est id\u00e9al pour les activit\u00e9s qui d\u00e9pendent fortement du propri\u00e9taire de l\u2019entreprise. Les artisans, les m\u00e9decins ou encore les avocats optent souvent pour la raison individuelle. En g\u00e9n\u00e9ral, cette forme juridique convient aux personnes physiques qui souhaitent exercer seules une activit\u00e9 commerciale. On parle aussi d\u2019entreprises unipersonnelles.<\/p>\n\n\n\n<p>Toute personne souhaitant cr\u00e9er une raison individuelle devrait, par cons\u00e9quent, conna\u00eetre les avantages et les inconv\u00e9nients de cette forme juridique.<\/p>\n\n\n\n<h3 class=\"wp-block-heading\"><strong>Avantages<\/strong><\/h3>\n\n\n\n<p>Avant tout, la raison individuelle permet le d\u00e9marrage simple et informel d\u2019une activit\u00e9 commerciale. Au contraire d\u2019une SA ou d\u2019une S\u00e0RL, aucun capital constitutif n\u2019est requis. L\u2019absence de capital minimal n\u2019exclut bien \u00e9videmment pas la n\u00e9cessit\u00e9 de certains investissements pour la cr\u00e9ation et le maintien de l\u2019entreprise.<\/p>\n\n\n\n<p>En outre, la raison individuelle est soumise \u00e0 relativement peu de r\u00e8glementations l\u00e9gales. Par exemple, lorsque le chiffre d\u2019affaire annuel de l\u2019entreprise est inf\u00e9rieur \u00e0 CHF 500&#8217;000, il n\u2019est pas n\u00e9cessaire de tenir une comptabilit\u00e9 et de pr\u00e9senter des comptes conform\u00e9ment aux r\u00e8gles \u00e9tablies dans le Code des Obligations. Une comptabilit\u00e9 simplifi\u00e9e qui ne comporte que les recettes, les d\u00e9penses et le patrimoine est suffisante. En ce qui concerne l\u2019inscription au registre du commerce, celle-ci est requise seulement lorsque le chiffre d\u2019affaire annuel est sup\u00e9rieur \u00e0 CHF 100&#8217;000. Enfin, il est possible d\u2019\u00e9viter la double imposition des b\u00e9n\u00e9fices de l\u2019entreprise.<\/p>\n\n\n\n<h3 class=\"wp-block-heading\"><strong>Inconv\u00e9nients<\/strong><\/h3>\n\n\n\n<p>Contrairement aux actionnaires d\u2019une SA, les fondateurs d\u2019une raison individuelle sont responsables personnellement et de mani\u00e8re illimit\u00e9e, c\u2019est-\u00e0-dire qu\u2019ils r\u00e9pondent des dettes de l\u2019entreprise avec leur patrimoine priv\u00e9. Ceci explique pourquoi les fondateurs d\u2019entreprise auront tendance \u00e0 choisir la forme d\u2019une S\u00e0RL ou une SA unipersonnelle. Dans ce contexte, la crise actuelle li\u00e9e au coronavirus d\u00e9montre clairement les dangers li\u00e9s \u00e0 la responsabilit\u00e9 illimit\u00e9e et justifie, dans une certaine mesure, la r\u00e9ticence par rapport \u00e0 cette forme juridique.<\/p>\n\n\n\n<p>Pourtant, une responsabilit\u00e9 illimit\u00e9e peut s\u2019av\u00e9rer avantageuse lors de certaines transactions commerciales, par exemple, car elle accroit la solvabilit\u00e9 et la confiance des parties contractantes. En effets, les soci\u00e9taires d\u2019une raison individuelle portent non seulement les charges financi\u00e8res de la soci\u00e9t\u00e9, mais aussi l\u2019enti\u00e8re responsabilit\u00e9. Cela est \u00e9galement un facteur \u00e0 prendre en compte. Si certains entrepreneurs aiment prendre le lead eux-m\u00eames, d\u2019autres pr\u00e9f\u00e8rent ne pas avoir le pouvoir de d\u00e9cision et la pression qui en d\u00e9coule. C\u2019est le cas de jeunes entrepreneurs avec relativement peu d\u2019exp\u00e9rience. Ils profitent sp\u00e9cialement de l\u2019exp\u00e9rience d\u2019autres directeurs g\u00e9n\u00e9raux travaillant avec eux.<\/p>\n\n\n\n<h3 class=\"wp-block-heading\">Cr\u00e9ez votre entreprise en ligne avec STARTUPS.CH !<\/h3>\n\n\n\n<p>Vous avez une id\u00e9e d&#8217;entreprise innovante que vous souhaitez mettre en \u0153uvre ? Les experts de STARTUPS.CH sont \u00e0 votre disposition et vous accompagneront dans votre ind\u00e9pendance professionnelle.<\/p>\n\n\n\n<p>Obtenez d\u00e8s maintenant une <a href=\"https:\/\/www.startups.ch\/fr\/creation-entreprise\" title=\"offre sans engagement\">offre sans engagement<\/a> pour la cr\u00e9ation de votre entreprise !<\/p>\n\n\n\n<p>D\u00e9couvrez <a href=\"https:\/\/www.startups.ch\/fr\/prix\" title=\"Notre offre\">Notre offre<\/a><\/p>\n\n\n\n<p><a href=\"https:\/\/www.youtube.com\/user\/STARTUPSTV\" target=\"_blank\" rel=\"noopener\" title=\"StartupsTV\">D\u00e9couvrez des informations int\u00e9ressantes sur<\/a> <a href=\"https:\/\/www.youtube.com\/user\/STARTUPSTV\" target=\"_blank\" rel=\"noopener\" title=\"StartupsTV\">StartupsTV<\/a><\/p>\n\n\n\n<p><a class=\"postButton\" href=\"https:\/\/www.startups.ch\/fr\/services\/creation-entreprise\" target=\"_blank\" rel=\"noopener noreferrer\">\u00bb Se lancer, cr\u00e9er son entreprise<\/a>&nbsp;<a class=\"postButton\" href=\"https:\/\/startups.ch\/fr\/preparer\/business-plan\/qui-besoin\/\" target=\"_blank\" rel=\"noopener noreferrer\">\u00bb R\u00e9diger son Business plan<\/a><\/p>\n","protected":false},"excerpt":{"rendered":"<p>Songez-vous \u00e0 cr\u00e9er votre propre entreprise&nbsp;? Vous ne savez pas quelle forme juridique correspond le plus \u00e0 vos besoins&nbsp;? La raison individuelle est une forme juridique tr\u00e8s r\u00e9pandue en Suisse car sa constitution ne n\u00e9cessite pas de capital minimum. De ce fait, la raison individuelle est particuli\u00e8rement adapt\u00e9e pour les petites entreprises.<\/p>\n","protected":false},"author":1,"featured_media":0,"comment_status":"open","ping_status":"open","sticky":false,"template":"","format":"standard","meta":{"content-type":"","jetpack_post_was_ever_published":false,"_jetpack_newsletter_access":"","_jetpack_dont_email_post_to_subs":false,"_jetpack_newsletter_tier_id":0,"footnotes":"","jetpack_publicize_message":"","jetpack_publicize_feature_enabled":true,"jetpack_social_post_already_shared":true,"jetpack_social_options":{"image_generator_settings":{"template":"highway","enabled":false}}},"categories":[13,228],"tags":[],"jetpack_publicize_connections":[],"aioseo_notices":[],"views":893,"jetpack_featured_media_url":"","jetpack_sharing_enabled":true,"jetpack_shortlink":"https:\/\/wp.me\/p7y0qY-2rg","_links":{"self":[{"href":"https:\/\/blog.startups.ch\/fr\/wp-json\/wp\/v2\/posts\/9378"}],"collection":[{"href":"https:\/\/blog.startups.ch\/fr\/wp-json\/wp\/v2\/posts"}],"about":[{"href":"https:\/\/blog.startups.ch\/fr\/wp-json\/wp\/v2\/types\/post"}],"author":[{"embeddable":true,"href":"https:\/\/blog.startups.ch\/fr\/wp-json\/wp\/v2\/users\/1"}],"replies":[{"embeddable":true,"href":"https:\/\/blog.startups.ch\/fr\/wp-json\/wp\/v2\/comments?post=9378"}],"version-history":[{"count":3,"href":"https:\/\/blog.startups.ch\/fr\/wp-json\/wp\/v2\/posts\/9378\/revisions"}],"predecessor-version":[{"id":11539,"href":"https:\/\/blog.startups.ch\/fr\/wp-json\/wp\/v2\/posts\/9378\/revisions\/11539"}],"wp:attachment":[{"href":"https:\/\/blog.startups.ch\/fr\/wp-json\/wp\/v2\/media?parent=9378"}],"wp:term":[{"taxonomy":"category","embeddable":true,"href":"https:\/\/blog.startups.ch\/fr\/wp-json\/wp\/v2\/categories?post=9378"},{"taxonomy":"post_tag","embeddable":true,"href":"https:\/\/blog.startups.ch\/fr\/wp-json\/wp\/v2\/tags?post=9378"}],"curies":[{"name":"wp","href":"https:\/\/api.w.org\/{rel}","templated":true}]}}