{"id":9320,"date":"2021-01-13T11:49:58","date_gmt":"2021-01-13T10:49:58","guid":{"rendered":"https:\/\/blog.startups.ch\/fr\/?p=9320"},"modified":"2021-01-13T11:49:59","modified_gmt":"2021-01-13T10:49:59","slug":"deuxieme-rapport-semestriel-2020","status":"publish","type":"post","link":"https:\/\/blog.startups.ch\/fr\/2021\/01\/13\/deuxieme-rapport-semestriel-2020\/","title":{"rendered":"Deuxi\u00e8me rapport semestriel 2020"},"content":{"rendered":"<h2>Au second semestre 2020, 24\u2019875 entreprises ont \u00e9t\u00e9 cr\u00e9\u00e9es sur l&#8217;ensemble du territoire suisse. Malgr\u00e9 les mesures de lutte contre le coronavirus, le r\u00e9sultat du premier semestre a \u00e9t\u00e9 largement d\u00e9pass\u00e9 avec une augmentation de 2\u2019933 nouvelles d&#8217;entreprises.<\/h2>\n<p><!--more--><\/p>\n<p><img loading=\"lazy\" decoding=\"async\" class=\"alignnone size-full wp-image-9313\" src=\"https:\/\/i0.wp.com\/blog.startups.ch\/fr\/wp-content\/uploads\/2021\/01\/FR-Dez20-Die-Entwicklung-im-zeitlichen-Verlauf-Handelsregistereintragungen.png?resize=750%2C570&#038;ssl=1\" alt=\"\" width=\"750\" height=\"570\" data-recalc-dims=\"1\" \/><\/p>\n<p>Entre le 1er juillet 2020 et le 31 d\u00e9cembre 2020, 24&#8217;875 nouvelles inscriptions ont \u00e9t\u00e9 enregistr\u00e9es au registre du commerce suisse. Par rapport au premier semestre 2020, il y a eu une augmentation consid\u00e9rable de 2&#8217;933 start-ups. D\u00e9cembre fut le mois le plus prolifique de cette ann\u00e9e 2020, avec pas moins de 5&#8217;069 nouvelles entreprises cr\u00e9\u00e9es. Il semble que de nombreuses personnes aient profit\u00e9 de la situation particuli\u00e8re li\u00e9e aux mesures de lutte contre le coronavirus pour se lancer dans l\u2019entrepreneuriat.<\/p>\n<table class=\"wp-block-table\">\n<tbody>\n<tr>\n<td>7.<\/td>\n<td>juillet<\/td>\n<td>4&#8217;560<\/td>\n<\/tr>\n<tr>\n<td>8.<\/td>\n<td>ao\u00fbt<\/td>\n<td>3&#8217;327<\/td>\n<\/tr>\n<tr>\n<td>9.<\/td>\n<td>septembre<\/td>\n<td>3&#8217;788<\/td>\n<\/tr>\n<tr>\n<td>10.<\/td>\n<td>octobre<\/td>\n<td>3&#8217;956<\/td>\n<\/tr>\n<tr>\n<td>11.<\/td>\n<td>novembre<\/td>\n<td>4&#8217;175<\/td>\n<\/tr>\n<tr>\n<td>12.<\/td>\n<td>d\u00e9cembre<\/td>\n<td>5&#8217;069<\/td>\n<\/tr>\n<\/tbody>\n<\/table>\n<p>La r\u00e9partition du nombre de start-ups entre les cantons n&#8217;a gu\u00e8re chang\u00e9 par rapport au premier semestre. La plupart des cantons ont r\u00e9ussi \u00e0 maintenir leur position. Le canton de Zurich occupe la premi\u00e8re place, avec 17,79% (4\u2019426 start-ups) de toutes les entreprises cr\u00e9\u00e9es en Suisse. La deuxi\u00e8me place continue d&#8217;\u00eatre d\u00e9tenue par le canton de Vaud avec une part de 9,38% (2\u2019334 start-ups). Les cantons de Berne et de Gen\u00e8ve, en revanche, ont de nouveau \u00e9chang\u00e9 leurs places. Avec 8,44% (2\u2019100 start-ups), le canton de Gen\u00e8ve figure d\u00e9sormais \u00e0 la troisi\u00e8me place, tandis que le canton de Berne a gliss\u00e9 du podium malgr\u00e9 un score de 8,25% (2\u2019053 start-ups).<\/p>\n<p>Le Tessin a r\u00e9ussi \u00e0 gagner quelques places. Avec une part de 4,54% (1129 start-ups), le canton transalpin se situe d\u00e9sormais \u00e0 la neuvi\u00e8me place (+1 place). En outre, le nombre d&#8217;entreprises cr\u00e9\u00e9es dans les cantons de Schwyz (+2 places), B\u00e2le-Campagne (+2 places) et Schaffhouse (+2 places) a augment\u00e9. En revanche, le nombre de nouvelles entreprises a diminu\u00e9 dans les cantons du Valais (-1 place), de Thurgovie (-1 place), de B\u00e2le-Ville (-1 place), de Soleure (-1 place) et du Jura (-2 places). Le canton de B\u00e2le-Ville a \u00e9galement \u00e9t\u00e9 le seul \u00e0 enregistrer une baisse par rapport au premier semestre, avec une diminution de 27 cr\u00e9ations d&#8217;entreprises (-4,25 %).<\/p>\n<p>La r\u00e9partition des start-ups entre les cantons est la suivante :<\/p>\n<table class=\"wp-block-table\">\n<tbody>\n<tr>\n<td>1.<\/td>\n<td>\u2192<\/td>\n<td>Zurich<\/td>\n<td>4426<\/td>\n<td>17.79%<\/td>\n<td>14.<\/td>\n<td>\u2197<\/td>\n<td>B\u00e2le-Campagne<\/td>\n<td>665<\/td>\n<td>2.67%<\/td>\n<\/tr>\n<tr>\n<td>2.<\/td>\n<td>\u2192<\/td>\n<td>Vaud<\/td>\n<td>2334<\/td>\n<td>9.38%<\/td>\n<td>15.<\/td>\n<td>\u2198<\/td>\n<td>B\u00e2le-Ville<\/td>\n<td>608<\/td>\n<td>2.44%<\/td>\n<\/tr>\n<tr>\n<td>3.<\/td>\n<td>\u2197<\/td>\n<td>Gen\u00e8ve<\/td>\n<td>2100<\/td>\n<td>8.44%<\/td>\n<td>16.<\/td>\n<td>\u2198<\/td>\n<td>Soleure<\/td>\n<td>593<\/td>\n<td>2.38%<\/td>\n<\/tr>\n<tr>\n<td>4.<\/td>\n<td>\u2198<\/td>\n<td>Berne<\/td>\n<td>2053<\/td>\n<td>8.25%<\/td>\n<td>17.<\/td>\n<td>\u2192<\/td>\n<td>Grisons<\/td>\n<td>554<\/td>\n<td>2.23%<\/td>\n<\/tr>\n<tr>\n<td>5.<\/td>\n<td>\u2192<\/td>\n<td>Argovie<\/td>\n<td>1536<\/td>\n<td>6.17%<\/td>\n<td>18.<\/td>\n<td>\u2192<\/td>\n<td>Neuch\u00e2tel<\/td>\n<td>412<\/td>\n<td>1.66%<\/td>\n<\/tr>\n<tr>\n<td>6.<\/td>\n<td>\u2192<\/td>\n<td>Zoug<\/td>\n<td>1414<\/td>\n<td>5.68%<\/td>\n<td>19.<\/td>\n<td>\u2197<\/td>\n<td>Schaffhouse<\/td>\n<td>185<\/td>\n<td>0.74%<\/td>\n<\/tr>\n<tr>\n<td>7.<\/td>\n<td>\u2192<\/td>\n<td>St.Gall<\/td>\n<td>1327<\/td>\n<td>5.33%<\/td>\n<td>20.<\/td>\n<td>\u2192<\/td>\n<td>Appenzell Ausserrhoden<\/td>\n<td>181<\/td>\n<td>0.73%<\/td>\n<\/tr>\n<tr>\n<td>8.<\/td>\n<td>\u2192<\/td>\n<td>Lucerne<\/td>\n<td>1188<\/td>\n<td>4.78%<\/td>\n<td>21.<\/td>\n<td>\u2198<\/td>\n<td>Jura<\/td>\n<td>166<\/td>\n<td>0.67%<\/td>\n<\/tr>\n<tr>\n<td>9.<\/td>\n<td>\u2197<\/td>\n<td>Tessin<\/td>\n<td>1129<\/td>\n<td>4.54%<\/td>\n<td>22.<\/td>\n<td>\u2192<\/td>\n<td>Nidwald<\/td>\n<td>148<\/td>\n<td>0.59%<\/td>\n<\/tr>\n<tr>\n<td>10.<\/td>\n<td>\u2198<\/td>\n<td>Valais<\/td>\n<td>1124<\/td>\n<td>4.52%<\/td>\n<td>23.<\/td>\n<td>\u2192<\/td>\n<td>Obwald<\/td>\n<td>127<\/td>\n<td>0.51%<\/td>\n<\/tr>\n<tr>\n<td>11.<\/td>\n<td>\u2192<\/td>\n<td>Fribourg<\/td>\n<td>872<\/td>\n<td>3.51%<\/td>\n<td>24.<\/td>\n<td>\u2192<\/td>\n<td>Glaris<\/td>\n<td>108<\/td>\n<td>0.43%<\/td>\n<\/tr>\n<tr>\n<td>12.<\/td>\n<td>\u2197<\/td>\n<td>Schwyz<\/td>\n<td>775<\/td>\n<td>3.12%<\/td>\n<td>25.<\/td>\n<td>\u2192<\/td>\n<td>Appenzell Innerhoden<\/td>\n<td>70<\/td>\n<td>0.28%<\/td>\n<\/tr>\n<tr>\n<td>13.<\/td>\n<td>\u2198<\/td>\n<td>Thurgovie<\/td>\n<td>716<\/td>\n<td>2.88%<\/td>\n<td>26.<\/td>\n<td>\u2192<\/td>\n<td>Uri<\/td>\n<td>64<\/td>\n<td>0.26%<\/td>\n<\/tr>\n<\/tbody>\n<\/table>\n<p>Sur les 24 875 start-up du second semestre 2020, 16 738 (67,29 %) ont \u00e9t\u00e9 cr\u00e9\u00e9es en Suisse al\u00e9manique, 7008 en Suisse romande (28,17 %) et 1129 au Tessin (4,54 %). Les trois r\u00e9gions linguistiques ont r\u00e9ussi \u00e0 augmenter leur nombre de start-ups par rapport au premier semestre de l&#8217;ann\u00e9e. La croissance a \u00e9t\u00e9 de 12,58% (1\u2019870 start-ups) en Suisse al\u00e9manique, 14,38% (881 start-ups) en Suisse romande et 19,22% (182 start-ups) au Tessin. Les r\u00e9sultats du second semestre 2019 ont \u00e9galement \u00e9t\u00e9 d\u00e9pass\u00e9s, avec une augmentation de 2427 start-ups (+16,96%) en Suisse al\u00e9manique, 559 start-ups (+8,67%) en Suisse romande et 3 start-ups (+0,27%) au Tessin.<\/p>\n<p>La popularit\u00e9 relative des diff\u00e9rentes formes juridiques n&#8217;a gu\u00e8re chang\u00e9. La forme juridique la plus populaire est et reste la soci\u00e9t\u00e9 \u00e0 responsabilit\u00e9 limit\u00e9e (S\u00e0rl), qui repr\u00e9sente 39,92% de toutes les nouvelles entreprises en Suisse. La deuxi\u00e8me place est occup\u00e9e par la raison individuelle avec 30,49%, bien qu&#8217;elle ait subi une baisse (-2,66%) au cours des six derniers mois. La troisi\u00e8me place continue \u00e0 \u00eatre occup\u00e9e par la soci\u00e9t\u00e9 anonyme (SA) avec une part de 20,72%.<\/p>\n<p>La r\u00e9partition entre les diff\u00e9rentes formes juridiques est la suivante :<\/p>\n<table class=\"wp-block-table\">\n<tbody>\n<tr>\n<td>1.<\/td>\n<td>S\u00e0rl<\/td>\n<td>39.32 %<\/td>\n<td>\u2192 (+0.55%)<\/td>\n<\/tr>\n<tr>\n<td>2.<\/td>\n<td>Raison individuelle<\/td>\n<td>30.49 %<\/td>\n<td>\u2192 (-2.66%)<\/td>\n<\/tr>\n<tr>\n<td>3.<\/td>\n<td>SA<\/td>\n<td>20.72 %<\/td>\n<td>\u2192 (+1.71%)<\/td>\n<\/tr>\n<tr>\n<td>4.<\/td>\n<td>Soci\u00e9t\u00e9 en nom collectif<\/td>\n<td>2.91 %<\/td>\n<td>\u2192 (-0.10%)<\/td>\n<\/tr>\n<tr>\n<td>5.<\/td>\n<td>Succursale suisse<\/td>\n<td>2.65 %<\/td>\n<td>\u2192 (-0.33%)<\/td>\n<\/tr>\n<tr>\n<td>\u00a06.<\/td>\n<td>Fondation<\/td>\n<td>1.64 %<\/td>\n<td><img decoding=\"async\" class=\"emoji\" draggable=\"false\" src=\"https:\/\/s.w.org\/images\/core\/emoji\/12.0.0-1\/svg\/2197.svg\" alt=\"\u2197\" \/>(+0.61%)<\/td>\n<\/tr>\n<tr>\n<td>7.<\/td>\n<td>Association<\/td>\n<td>1.30 %<\/td>\n<td><img decoding=\"async\" class=\"emoji\" draggable=\"false\" src=\"https:\/\/s.w.org\/images\/core\/emoji\/12.0.0-1\/svg\/2198.svg\" alt=\"\u2198\" \/>(+0.08%)<\/td>\n<\/tr>\n<tr>\n<td>8.<\/td>\n<td>Succursale \u00e9trang\u00e8re<\/td>\n<td>0.57 %<\/td>\n<td>\u2192 (+0.03%)<\/td>\n<\/tr>\n<tr>\n<td>9.<\/td>\n<td>Coop\u00e9rative<\/td>\n<td>0.29 %<\/td>\n<td>\u2192 (+0.06%)<\/td>\n<\/tr>\n<tr>\n<td>10.<\/td>\n<td>Soci\u00e9t\u00e9 en commandite<\/td>\n<td>0.10%<\/td>\n<td>\u2192 (+0.04%)<\/td>\n<\/tr>\n<tr>\n<td>11.<\/td>\n<td>Formes juridiques particuli\u00e8res<\/td>\n<td>0.01%<\/td>\n<td>\u2192 (+0.01%)<\/td>\n<\/tr>\n<\/tbody>\n<\/table>\n<p>Vous avez une id\u00e9e d&#8217;entreprise innovante que vous souhaitez mettre en \u0153uvre ? Les experts de STARTUPS.CH sont \u00e0 votre disposition et vous accompagneront dans votre ind\u00e9pendance professionnelle.<\/p>\n<div dir=\"auto\">Se lancer en tant que <a href=\"https:\/\/bit.ly\/3fccZuN\">Mompreneur<\/a><\/div>\n<div dir=\"auto\">Se lancer en tant que <a href=\"https:\/\/bit.ly\/2UFV71N\">Dadpreneur<\/a><\/div>\n<div dir=\"auto\">Se lancer en tant <a href=\"https:\/\/bit.ly\/35JYyLi\">Seniorpreneur<\/a><\/div>\n<div dir=\"auto\">Se lancer en tant que <a href=\"https:\/\/bit.ly\/2UEHhwy\">Youngpreneur<\/a><\/div>\n<p><a class=\"postButton\" href=\"https:\/\/www.startups.ch\/fr\/home\" target=\"_blank\" rel=\"noopener noreferrer\">\u00bb STARTUPS.CH<\/a>\u00a0<a class=\"postButton\" href=\"https:\/\/www.startups.ch\/fr\/services\/creation-entreprise\" target=\"_blank\" rel=\"noopener noreferrer\">\u00bb Cr\u00e9er une entreprise<br \/>\n<\/a><\/p>\n<p><!-- \/wp:table --><\/p>\n","protected":false},"excerpt":{"rendered":"<p>Au second semestre 2020, 24\u2019875 entreprises ont \u00e9t\u00e9 cr\u00e9\u00e9es sur l&#8217;ensemble du territoire suisse. Malgr\u00e9 les mesures de lutte contre le coronavirus, le r\u00e9sultat du premier semestre a \u00e9t\u00e9 largement d\u00e9pass\u00e9 avec une augmentation de 2\u2019933 nouvelles d&#8217;entreprises.<\/p>\n","protected":false},"author":1,"featured_media":0,"comment_status":"open","ping_status":"open","sticky":false,"template":"","format":"standard","meta":{"content-type":"","jetpack_post_was_ever_published":false,"_jetpack_newsletter_access":"","_jetpack_dont_email_post_to_subs":false,"_jetpack_newsletter_tier_id":0,"footnotes":"","jetpack_publicize_message":"","jetpack_publicize_feature_enabled":true,"jetpack_social_post_already_shared":true,"jetpack_social_options":{"image_generator_settings":{"template":"highway","enabled":false}}},"categories":[228],"tags":[],"jetpack_publicize_connections":[],"aioseo_notices":[],"views":508,"jetpack_featured_media_url":"","jetpack_sharing_enabled":true,"jetpack_shortlink":"https:\/\/wp.me\/p7y0qY-2qk","_links":{"self":[{"href":"https:\/\/blog.startups.ch\/fr\/wp-json\/wp\/v2\/posts\/9320"}],"collection":[{"href":"https:\/\/blog.startups.ch\/fr\/wp-json\/wp\/v2\/posts"}],"about":[{"href":"https:\/\/blog.startups.ch\/fr\/wp-json\/wp\/v2\/types\/post"}],"author":[{"embeddable":true,"href":"https:\/\/blog.startups.ch\/fr\/wp-json\/wp\/v2\/users\/1"}],"replies":[{"embeddable":true,"href":"https:\/\/blog.startups.ch\/fr\/wp-json\/wp\/v2\/comments?post=9320"}],"version-history":[{"count":2,"href":"https:\/\/blog.startups.ch\/fr\/wp-json\/wp\/v2\/posts\/9320\/revisions"}],"predecessor-version":[{"id":9322,"href":"https:\/\/blog.startups.ch\/fr\/wp-json\/wp\/v2\/posts\/9320\/revisions\/9322"}],"wp:attachment":[{"href":"https:\/\/blog.startups.ch\/fr\/wp-json\/wp\/v2\/media?parent=9320"}],"wp:term":[{"taxonomy":"category","embeddable":true,"href":"https:\/\/blog.startups.ch\/fr\/wp-json\/wp\/v2\/categories?post=9320"},{"taxonomy":"post_tag","embeddable":true,"href":"https:\/\/blog.startups.ch\/fr\/wp-json\/wp\/v2\/tags?post=9320"}],"curies":[{"name":"wp","href":"https:\/\/api.w.org\/{rel}","templated":true}]}}