{"id":9290,"date":"2020-12-14T07:37:35","date_gmt":"2020-12-14T06:37:35","guid":{"rendered":"https:\/\/blog.startups.ch\/fr\/?p=9290"},"modified":"2020-12-14T07:37:37","modified_gmt":"2020-12-14T06:37:37","slug":"licenciement-en-raison-de-lage-du-salarie","status":"publish","type":"post","link":"https:\/\/blog.startups.ch\/fr\/2020\/12\/14\/licenciement-en-raison-de-lage-du-salarie\/","title":{"rendered":"Licenciement en raison de l&#8217;\u00e2ge du salari\u00e9"},"content":{"rendered":"<h2>Un licenciement qui n&#8217;est prononc\u00e9 qu&#8217;en raison de l&#8217;\u00e2ge du salari\u00e9 est abusif. Bien que ce genre de licenciement ne puisse pas \u00eatre annul\u00e9, il donne lieu \u00e0 un droit \u00e0 des dommages et int\u00e9r\u00eats.<\/h2>\n<p><!--more--><\/p>\n<p><img loading=\"lazy\" decoding=\"async\" class=\"alignnone size-medium wp-image-9291\" src=\"https:\/\/i0.wp.com\/blog.startups.ch\/fr\/wp-content\/uploads\/2020\/12\/pexels-andrea-piacquadio-3782192-1.jpg?resize=1200%2C800&#038;ssl=1\" alt=\"\" width=\"1200\" height=\"800\"  data-recalc-dims=\"1\"><\/p>\n<p>En Suisse, un employ\u00e9 peut en principe \u00eatre licenci\u00e9 sans raison valable. Ce n&#8217;est qu&#8217;apr\u00e8s, s&#8217;il n&#8217;y a pas de raison valable qu&#8217;un licenciement peut \u00eatre contest\u00e9. Il n&#8217;est m\u00eame pas n\u00e9cessaire de fournir une raison \u00e0 l&#8217;avance, mais celle-ci doit \u00eatre fournie \u00e0 la demande de l&#8217;autre partie. Un des nombreux motifs de licenciement peut \u00eatre l&#8217;\u00e2ge d&#8217;un employ\u00e9. La mani\u00e8re dont la raison &#8220;\u00e2ge&#8221; affecte l&#8217;effet juridique de la r\u00e9siliation est expliqu\u00e9e ci-dessous.<\/p>\n<p>Le Code des obligations suisse \u00e9num\u00e8re certains motifs de licenciement qui permettent de conclure \u00e0 un licenciement abusif. Bien que la liste de l&#8217;article 336 du Code des obligations suisse ne soit pas exhaustive, elle contient quelques-unes des motifs de licenciement abusif les plus importants. L&#8217;\u00e2ge figure \u00e9galement dans la liste de l&#8217;art. 336 CO. Cela signifie que si un employeur licencie un employ\u00e9 uniquement en raison de son \u00e2ge, le licenciement est abusif. Bien que le licenciement abusif n&#8217;entra\u00eene pas la reprise de la relation de travail, l&#8217;employeur peut \u00eatre tenu de verser des dommages et int\u00e9r\u00eats. Toutefois, si la personne est licenci\u00e9e alors qu&#8217;elle n&#8217;est plus capable de faire face aux nouvelles technologies ou m\u00e9thodes de travail en raison de son \u00e2ge, le motif du licenciement est li\u00e9 \u00e0 la relation de travail et n&#8217;est en principe pas abusif.<\/p>\n<p>La question de savoir si un licenciement est abusif dans un cas particulier doit \u00eatre \u00e9valu\u00e9e par un tribunal. Ainsi, m\u00eame un licenciement dont le motif ne rel\u00e8ve pas de l&#8217;\u00e9num\u00e9ration de l&#8217;art. 336 CO peut \u00eatre consid\u00e9r\u00e9 comme abusif par un tribunal. C&#8217;est souvent le cas si le principe de bonne foi et\/ou le principe de l&#8217;interdiction de formalisme excessif est viol\u00e9. Ces principes sont bafou\u00e9s si l&#8217;employeur harc\u00e8le l&#8217;employ\u00e9, par exemple.<\/p>\n<p>En cas de licenciement, l&#8217;employeur est tenu de prendre certaines mesures avant d&#8217;\u00e9mettre le pr\u00e9avis. Il a le devoir d&#8217;\u00e9couter l&#8217;employ\u00e9 avant le licenciement et de chercher \u00e0 discuter avec lui. L&#8217;employeur est alors oblig\u00e9 de chercher des solutions. En ce qui concerne l&#8217;\u00e2ge, par exemple, une formation est recommand\u00e9e.<\/p>\n<p><a class=\"postButton\" href=\"https:\/\/www.startups.ch\/fr\/home\" target=\"_blank\" rel=\"noopener noreferrer\">\u00bb STARTUPS.CH<\/a>&nbsp;<a class=\"postButton\" href=\"https:\/\/www.startups.ch\/fr\/services\/creation-entreprise\" target=\"_blank\" rel=\"noopener noreferrer\">\u00bb Cr\u00e9er une entreprise<\/a><\/p>\n","protected":false},"excerpt":{"rendered":"<p>Un licenciement qui n&#8217;est prononc\u00e9 qu&#8217;en raison de l&#8217;\u00e2ge du salari\u00e9 est abusif. Bien que ce genre de licenciement ne puisse pas \u00eatre annul\u00e9, il donne lieu \u00e0 un droit \u00e0 des dommages et int\u00e9r\u00eats.<\/p>\n","protected":false},"author":1,"featured_media":0,"comment_status":"open","ping_status":"open","sticky":false,"template":"","format":"standard","meta":{"content-type":"","jetpack_post_was_ever_published":false,"_jetpack_newsletter_access":"","_jetpack_dont_email_post_to_subs":false,"_jetpack_newsletter_tier_id":0,"footnotes":"","jetpack_publicize_message":"","jetpack_publicize_feature_enabled":true,"jetpack_social_post_already_shared":true,"jetpack_social_options":{"image_generator_settings":{"template":"highway","enabled":false}}},"categories":[9],"tags":[],"jetpack_publicize_connections":[],"aioseo_notices":[],"views":778,"jetpack_featured_media_url":"","jetpack_sharing_enabled":true,"jetpack_shortlink":"https:\/\/wp.me\/p7y0qY-2pQ","_links":{"self":[{"href":"https:\/\/blog.startups.ch\/fr\/wp-json\/wp\/v2\/posts\/9290"}],"collection":[{"href":"https:\/\/blog.startups.ch\/fr\/wp-json\/wp\/v2\/posts"}],"about":[{"href":"https:\/\/blog.startups.ch\/fr\/wp-json\/wp\/v2\/types\/post"}],"author":[{"embeddable":true,"href":"https:\/\/blog.startups.ch\/fr\/wp-json\/wp\/v2\/users\/1"}],"replies":[{"embeddable":true,"href":"https:\/\/blog.startups.ch\/fr\/wp-json\/wp\/v2\/comments?post=9290"}],"version-history":[{"count":2,"href":"https:\/\/blog.startups.ch\/fr\/wp-json\/wp\/v2\/posts\/9290\/revisions"}],"predecessor-version":[{"id":9297,"href":"https:\/\/blog.startups.ch\/fr\/wp-json\/wp\/v2\/posts\/9290\/revisions\/9297"}],"wp:attachment":[{"href":"https:\/\/blog.startups.ch\/fr\/wp-json\/wp\/v2\/media?parent=9290"}],"wp:term":[{"taxonomy":"category","embeddable":true,"href":"https:\/\/blog.startups.ch\/fr\/wp-json\/wp\/v2\/categories?post=9290"},{"taxonomy":"post_tag","embeddable":true,"href":"https:\/\/blog.startups.ch\/fr\/wp-json\/wp\/v2\/tags?post=9290"}],"curies":[{"name":"wp","href":"https:\/\/api.w.org\/{rel}","templated":true}]}}