{"id":918,"date":"2012-10-16T15:59:37","date_gmt":"2012-10-16T13:59:37","guid":{"rendered":"http:\/\/blog.startups.ch\/fr\/?p=918"},"modified":"2013-03-26T13:16:27","modified_gmt":"2013-03-26T11:16:27","slug":"concours-suisse-colombie-suisse-perou","status":"publish","type":"post","link":"https:\/\/blog.startups.ch\/fr\/2012\/10\/16\/concours-suisse-colombie-suisse-perou\/","title":{"rendered":"Concours de plans d\u2019affaires dans le cadre des Accords de libre-\u00e9change Suisse-Colombie et Suisse-P\u00e9rou"},"content":{"rendered":"<p><strong>Une id\u00e9e pour un plan d&#8217;affaires entre la Suisse et la Colombie et\/ou le P\u00e9rou? Ne ratez pas cette opportunit\u00e9! Plus au sujet du concours dans cet article.<\/strong><\/p>\n<p><!--more--><\/p>\n<p><a href=\"http:\/\/blog.startups.ch\/fr\/wp-content\/uploads\/2012\/10\/puntoLatino.jpg\"><img class=\"size-full wp-image-921 alignleft\" alt=\"\" \/><img loading=\"lazy\" decoding=\"async\" class=\"wp-image-6585 alignleft\" style=\"margin: 8px 16px; border: 10px solid black;\" title=\"Concours puntoLatino\" alt=\"Concours puntoLatino\" src=\"https:\/\/i0.wp.com\/blog.startups.ch\/fr\/wp-content\/uploads\/2012\/10\/puntoLatino.jpg?resize=150%2C150\" width=\"150\" height=\"150\" data-recalc-dims=\"1\" \/><\/a><\/p>\n<p>Le concours est destin\u00e9 aux PMEs et aux jeunes entrepreneurs: Vous trouverez de plus amples informations au sujet du concours en cliquant sur le lien suivant:<a href=\"http:\/\/www.puntolatino.ch\/index.php?option=com_content&amp;view=article&amp;id=4718%253Atlc-concurso-planes-de-negocio-sumario-esp-deutsch-francais&amp;catid=742%253Aconcurso-2012-tlc-suiza-colombia-suiza-peru&amp;Itemid=880&amp;lang=es\"><strong> Concours de Plans d&#8217;affaires de PuntoLatino.ch<\/strong><\/a><\/p>\n<p>Les participants doivent avoir 18 ans au moins et \u00eatre domicili\u00e9s en Suisse, en Colombia ou au P\u00e9rou.<\/p>\n<p>Le concours est ouvert \u00e0 toutes les nationalit\u00e9s. Les plans d&#8217;affaires peuvent \u00eatre r\u00e9dig\u00e9s en espagnol, allemand, fran\u00e7ais ou anglais.<\/p>\n<p>Attention: le d\u00e9lai pour la r\u00e9ception des travaux en format PDF est fix\u00e9 au 15 novembre 2012.<br \/>\nLes dossiers doivent \u00eatre envoy\u00e9s \u00e0: <a href=\"mailto:luis.velez@puntolatino.ch\">luis.velez@puntolatino.ch<br \/>\n<\/a>D\u00e9cision du Jury: f\u00e9vrier\/mars 2013<\/p>\n<p>Comit\u00e9 de Patronage: SECO, OSEC, Fondation Avina, FUNDES, C\u00e1mara de Comercio Colombo Suiza, Ambassade de la Colombie, Ambassade du P\u00e9rou,\u00a0Chambre de Commerce latino-am\u00e9ricaine en Suisse, Association des \u00e9tudiants latins de l&#8217;UZH et de l&#8217;ETHZ.<\/p>\n<p>Infos: prix, jury, conditions, crit\u00e8res d&#8217;\u00e9valuation, etc.. c&#8217;est par <a href=\"http:\/\/http:\/\/www.puntolatino.ch\/index.php?option=com_content&amp;view=article&amp;id=5038%253A2012-convocatoria-on-line-planes-de-negocio-prospecto&amp;catid=742%253Aconcurso-2012-tlc-suiza-colombia-suiza-peru&amp;Itemid=880&amp;lang=es\" target=\"_blank\">ici<\/a>.<\/p>\n","protected":false},"excerpt":{"rendered":"<p>Une id\u00e9e pour un plan d&#8217;affaires entre la Suisse et la Colombie et\/ou le P\u00e9rou? Ne ratez pas cette opportunit\u00e9! Plus au sujet du concours dans cet article.<\/p>\n","protected":false},"author":1,"featured_media":0,"comment_status":"closed","ping_status":"closed","sticky":false,"template":"","format":"standard","meta":{"content-type":"","jetpack_post_was_ever_published":false,"_jetpack_newsletter_access":"","_jetpack_dont_email_post_to_subs":false,"_jetpack_newsletter_tier_id":0,"footnotes":"","jetpack_publicize_message":"","jetpack_publicize_feature_enabled":true,"jetpack_social_post_already_shared":false,"jetpack_social_options":{"image_generator_settings":{"template":"highway","enabled":false}}},"categories":[1],"tags":[],"jetpack_publicize_connections":[],"aioseo_notices":[],"views":1758,"jetpack_featured_media_url":"","jetpack_sharing_enabled":true,"jetpack_shortlink":"https:\/\/wp.me\/p7y0qY-eO","_links":{"self":[{"href":"https:\/\/blog.startups.ch\/fr\/wp-json\/wp\/v2\/posts\/918"}],"collection":[{"href":"https:\/\/blog.startups.ch\/fr\/wp-json\/wp\/v2\/posts"}],"about":[{"href":"https:\/\/blog.startups.ch\/fr\/wp-json\/wp\/v2\/types\/post"}],"author":[{"embeddable":true,"href":"https:\/\/blog.startups.ch\/fr\/wp-json\/wp\/v2\/users\/1"}],"replies":[{"embeddable":true,"href":"https:\/\/blog.startups.ch\/fr\/wp-json\/wp\/v2\/comments?post=918"}],"version-history":[{"count":27,"href":"https:\/\/blog.startups.ch\/fr\/wp-json\/wp\/v2\/posts\/918\/revisions"}],"predecessor-version":[{"id":1504,"href":"https:\/\/blog.startups.ch\/fr\/wp-json\/wp\/v2\/posts\/918\/revisions\/1504"}],"wp:attachment":[{"href":"https:\/\/blog.startups.ch\/fr\/wp-json\/wp\/v2\/media?parent=918"}],"wp:term":[{"taxonomy":"category","embeddable":true,"href":"https:\/\/blog.startups.ch\/fr\/wp-json\/wp\/v2\/categories?post=918"},{"taxonomy":"post_tag","embeddable":true,"href":"https:\/\/blog.startups.ch\/fr\/wp-json\/wp\/v2\/tags?post=918"}],"curies":[{"name":"wp","href":"https:\/\/api.w.org\/{rel}","templated":true}]}}