{"id":915,"date":"2012-10-15T08:00:44","date_gmt":"2012-10-15T06:00:44","guid":{"rendered":"http:\/\/blog.startups.ch\/fr\/?p=915"},"modified":"2013-03-26T14:24:10","modified_gmt":"2013-03-26T12:24:10","slug":"cotisations-2013","status":"publish","type":"post","link":"https:\/\/blog.startups.ch\/fr\/2012\/10\/15\/cotisations-2013\/","title":{"rendered":"Nouvelles cotisations 2013 pour la pr\u00e9voyance individuelle 3a"},"content":{"rendered":"<p><strong>D\u00e8s le 1<sup>er<\/sup> janvier 2013, le montant maximum pouvant \u00eatre d\u00e9duit est modifi\u00e9. Quelles sont les nouvelles cotisations\u00a02013 pour la pr\u00e9voyance individuelle 3a.<\/strong><\/p>\n<p><!--more--><\/p>\n<p><a href=\"https:\/\/i0.wp.com\/blog.startups.ch\/fr\/wp-content\/uploads\/2010\/09\/Fotolia_Mann-mit-Rechner_zugeschnitten.jpg\"><img loading=\"lazy\" decoding=\"async\" class=\"size-medium wp-image-1081 alignleft\" alt=\"cotisations\" src=\"https:\/\/i0.wp.com\/blog.startups.ch\/fr\/wp-content\/uploads\/2010\/09\/Fotolia_Mann-mit-Rechner_zugeschnitten-300x158.jpg?resize=300%2C158\" width=\"300\" height=\"158\" srcset=\"https:\/\/i0.wp.com\/blog.startups.ch\/fr\/wp-content\/uploads\/2010\/09\/Fotolia_Mann-mit-Rechner_zugeschnitten.jpg?resize=300%2C158&amp;ssl=1 300w, https:\/\/i0.wp.com\/blog.startups.ch\/fr\/wp-content\/uploads\/2010\/09\/Fotolia_Mann-mit-Rechner_zugeschnitten.jpg?w=689&amp;ssl=1 689w\" sizes=\"(max-width: 300px) 100vw, 300px\" data-recalc-dims=\"1\" \/><\/a><\/p>\n<p>Les nouvelles cotisations pour la pr\u00e9voyance individuelle 3a seront modif\u00e9es au 1<sup>er<\/sup> janvier 2013: le montant maximum qui pourra \u00eatre d\u00e9duit change. Le montant maximum qui pourra\u00a0 d\u00e9sormais \u00eatre d\u00e9duit se monte \u00e0 CHF 6&#8217;739.<\/p>\n<p>Quelqu\u2019un qui n\u2019est pas inscrit aupr\u00e8s d&#8217;un institut de pr\u00e9voyance peut d\u00e9duire un maximum 20% de son revenu et au maximum CHF 33&#8217;696.<\/p>\n<p>Vous trouverez de plus amples informations <a href=\"http:\/\/www.bsv.admin.ch\/themen\/vorsorge\/aktuell\/00330\/index.html?lang=fr&amp;download=NHzLpZeg7t,lnp6I0NTU042l2Z6ln1ae2IZn4Z2qZpnO2Yuq2Z6gpJCEdH9,gWym162epYbg2c_JjKbNoKSn6A--\">ici<\/a>.<\/p>\n<p>&nbsp;<\/p>\n","protected":false},"excerpt":{"rendered":"<p>D\u00e8s le 1er janvier 2013, le montant maximum pouvant \u00eatre d\u00e9duit est modifi\u00e9. Quelles sont les nouvelles cotisations\u00a02013 pour la pr\u00e9voyance individuelle 3a.<\/p>\n","protected":false},"author":7,"featured_media":0,"comment_status":"closed","ping_status":"closed","sticky":false,"template":"","format":"standard","meta":{"content-type":"","jetpack_post_was_ever_published":false,"_jetpack_newsletter_access":"","_jetpack_dont_email_post_to_subs":false,"_jetpack_newsletter_tier_id":0,"footnotes":"","jetpack_publicize_message":"","jetpack_publicize_feature_enabled":true,"jetpack_social_post_already_shared":false,"jetpack_social_options":{"image_generator_settings":{"template":"highway","enabled":false}}},"categories":[1,12],"tags":[241,410,138,242],"jetpack_publicize_connections":[],"aioseo_notices":[],"views":2786,"jetpack_featured_media_url":"","jetpack_sharing_enabled":true,"jetpack_shortlink":"https:\/\/wp.me\/p7y0qY-eL","_links":{"self":[{"href":"https:\/\/blog.startups.ch\/fr\/wp-json\/wp\/v2\/posts\/915"}],"collection":[{"href":"https:\/\/blog.startups.ch\/fr\/wp-json\/wp\/v2\/posts"}],"about":[{"href":"https:\/\/blog.startups.ch\/fr\/wp-json\/wp\/v2\/types\/post"}],"author":[{"embeddable":true,"href":"https:\/\/blog.startups.ch\/fr\/wp-json\/wp\/v2\/users\/7"}],"replies":[{"embeddable":true,"href":"https:\/\/blog.startups.ch\/fr\/wp-json\/wp\/v2\/comments?post=915"}],"version-history":[{"count":16,"href":"https:\/\/blog.startups.ch\/fr\/wp-json\/wp\/v2\/posts\/915\/revisions"}],"predecessor-version":[{"id":1519,"href":"https:\/\/blog.startups.ch\/fr\/wp-json\/wp\/v2\/posts\/915\/revisions\/1519"}],"wp:attachment":[{"href":"https:\/\/blog.startups.ch\/fr\/wp-json\/wp\/v2\/media?parent=915"}],"wp:term":[{"taxonomy":"category","embeddable":true,"href":"https:\/\/blog.startups.ch\/fr\/wp-json\/wp\/v2\/categories?post=915"},{"taxonomy":"post_tag","embeddable":true,"href":"https:\/\/blog.startups.ch\/fr\/wp-json\/wp\/v2\/tags?post=915"}],"curies":[{"name":"wp","href":"https:\/\/api.w.org\/{rel}","templated":true}]}}