{"id":9086,"date":"2020-07-27T10:10:47","date_gmt":"2020-07-27T08:10:47","guid":{"rendered":"https:\/\/blog.startups.ch\/fr\/?p=9086"},"modified":"2020-07-27T10:13:57","modified_gmt":"2020-07-27T08:13:57","slug":"le-moral-des-consommateurs-a-peu-souffert-de-la-crise-du-coronavirus","status":"publish","type":"post","link":"https:\/\/blog.startups.ch\/fr\/2020\/07\/27\/le-moral-des-consommateurs-a-peu-souffert-de-la-crise-du-coronavirus\/","title":{"rendered":"Le moral des consommateurs a peu souffert de la crise du coronavirus"},"content":{"rendered":"<h2>Durant le lockdown, les produits superflus ont \u00e9t\u00e9 peu demand\u00e9s. Aujourd\u2019hui, la demande pour ce type de produits a de nouveau augment\u00e9. Toutefois des changements ont \u00e9t\u00e9 constat\u00e9s : La r\u00e9gionalit\u00e9 et la &#8221; Swissness &#8221; ont gagn\u00e9 en importance. La question du prix est devenue moins tranchante.<\/h2>\n<p><!--more--><\/p>\n<p><img loading=\"lazy\" decoding=\"async\" class=\"alignnone size-full wp-image-9087\" src=\"https:\/\/i0.wp.com\/blog.startups.ch\/fr\/wp-content\/uploads\/2020\/07\/Couple-with-shopping-bag-Media-ID-6341451_xs.jpg?resize=569%2C321&#038;ssl=1\" alt=\"\" width=\"569\" height=\"321\"  data-recalc-dims=\"1\"><\/p>\n<p>L&#8217;enqu\u00eate a \u00e9t\u00e9 men\u00e9e du 5 au 16 juin 2020. Elle a \u00e9t\u00e9 r\u00e9alis\u00e9e aupr\u00e8s de 1 000 personnes de Suisse al\u00e9manique et romande \u00e2g\u00e9es de 14 \u00e0 74 ans.<\/p>\n<p>Par rapport \u00e0 l&#8217;enqu\u00eate d&#8217;avril, le comportement d&#8217;achat de la population suisse est d\u00e9j\u00e0 revenu \u00e0 la normale. Cela vaut \u00e9galement pour l&#8217;achat de biens durables ou de produits de luxe &#8211; ceci apr\u00e8s que les consommateurs aient \u00e9t\u00e9 peu enthousiastes ou aient d\u00fb renoncer \u00e0 acheter certains produits durant le lockdown.<\/p>\n<h3>&#8220;Swissness&#8221; en vogue &#8211; le &#8220;prix&#8221; n&#8217;est pas d\u00e9cisif<\/h3>\n<p>En ce qui concerne les crit\u00e8res d&#8217;achat, environ un tiers des consommateurs accordent plus d&#8217;attention \u00e0 la provenance des produits et \u00e0 leur &#8220;Swissness&#8221;. Cependant, seule une personne sur cinq accorde plus d&#8217;attention aux produits biologiques ou issus d&#8217;une production durable. C&#8217;est en Suisse romande que ce chiffre est le plus \u00e9lev\u00e9 (28%).<\/p>\n<p>De mani\u00e8re g\u00e9n\u00e9rale, la sensibilit\u00e9 au prix a baiss\u00e9 dans toute la Suisse. Seul 29% des sond\u00e9s accordent une attention toute particuli\u00e8re aux produits sold\u00e9s ou \u00e0 bas prix.<\/p>\n<h3>La volont\u00e9 de consommer est plus forte que la peur des pertes financi\u00e8res<\/h3>\n<p>Le pourcentage de personnes interrog\u00e9es ayant d\u00e9clar\u00e9 craindre des difficult\u00e9s financi\u00e8res en raison de la crise actuelle est rest\u00e9 le m\u00eame que lors de l&#8217;enqu\u00eate d&#8217;avril (environ 32%). N\u00e9anmoins, cette crainte semble avoir moins de poids sur les d\u00e9penses que deux mois auparavant.<\/p>\n<h3>Cuisiner davantage \u00e0 la maison et passer ses vacances en Suisse<\/h3>\n<p>Concernant les loisirs, de petits changements de comportement sont en train d&#8217;appara\u00eetre. La remise en forme \u00e0 la maison, les achats en ligne &#8211; y compris pour la nourriture -, la cuisine \u00e0 la maison et, par cons\u00e9quent, l&#8217;utilisation d&#8217;un plus grand nombre d&#8217;applications de remise en forme et de cuisine sont de plus en plus populaires aupr\u00e8s de la population helv\u00e9tique.<\/p>\n<p>27% des personnes interrog\u00e9es pr\u00e9voient de prendre des vacances en Suisse durant les prochains mois. Ce chiffre atteint 35% pour les plus jeunes.<\/p>\n<p><em><strong>Enqu\u00eate r\u00e9alis\u00e9e par Marketagent.com Schweiz AG.<\/strong><\/em><\/p>\n<p><a class=\"postButton\" href=\"https:\/\/www.startups.ch\/fr\/home\" target=\"_blank\" rel=\"noopener noreferrer\">\u00bb Startups.ch<\/a>&nbsp;<a class=\"postButton\" href=\"https:\/\/startups.ch\/fr\/preparer\/business-plan\/qui-besoin\/\" target=\"_blank\" rel=\"noopener noreferrer\">\u00bb R\u00e9diger son Business plan<\/a><\/p>\n","protected":false},"excerpt":{"rendered":"<p>Durant le lockdown, les produits superflus ont \u00e9t\u00e9 peu demand\u00e9s. Aujourd\u2019hui, la demande pour ce type de produits a de nouveau augment\u00e9. Toutefois des changements ont \u00e9t\u00e9 constat\u00e9s : La r\u00e9gionalit\u00e9 et la &#8221; Swissness &#8221; ont gagn\u00e9 en importance. La question du prix est devenue moins tranchante.<\/p>\n","protected":false},"author":1,"featured_media":0,"comment_status":"open","ping_status":"open","sticky":false,"template":"","format":"standard","meta":{"content-type":"","jetpack_post_was_ever_published":false,"_jetpack_newsletter_access":"","_jetpack_dont_email_post_to_subs":false,"_jetpack_newsletter_tier_id":0,"footnotes":"","jetpack_publicize_message":"","jetpack_publicize_feature_enabled":true,"jetpack_social_post_already_shared":true,"jetpack_social_options":{"image_generator_settings":{"template":"highway","enabled":false}}},"categories":[10],"tags":[],"jetpack_publicize_connections":[],"aioseo_notices":[],"views":1171,"jetpack_featured_media_url":"","jetpack_sharing_enabled":true,"jetpack_shortlink":"https:\/\/wp.me\/p7y0qY-2my","_links":{"self":[{"href":"https:\/\/blog.startups.ch\/fr\/wp-json\/wp\/v2\/posts\/9086"}],"collection":[{"href":"https:\/\/blog.startups.ch\/fr\/wp-json\/wp\/v2\/posts"}],"about":[{"href":"https:\/\/blog.startups.ch\/fr\/wp-json\/wp\/v2\/types\/post"}],"author":[{"embeddable":true,"href":"https:\/\/blog.startups.ch\/fr\/wp-json\/wp\/v2\/users\/1"}],"replies":[{"embeddable":true,"href":"https:\/\/blog.startups.ch\/fr\/wp-json\/wp\/v2\/comments?post=9086"}],"version-history":[{"count":3,"href":"https:\/\/blog.startups.ch\/fr\/wp-json\/wp\/v2\/posts\/9086\/revisions"}],"predecessor-version":[{"id":9091,"href":"https:\/\/blog.startups.ch\/fr\/wp-json\/wp\/v2\/posts\/9086\/revisions\/9091"}],"wp:attachment":[{"href":"https:\/\/blog.startups.ch\/fr\/wp-json\/wp\/v2\/media?parent=9086"}],"wp:term":[{"taxonomy":"category","embeddable":true,"href":"https:\/\/blog.startups.ch\/fr\/wp-json\/wp\/v2\/categories?post=9086"},{"taxonomy":"post_tag","embeddable":true,"href":"https:\/\/blog.startups.ch\/fr\/wp-json\/wp\/v2\/tags?post=9086"}],"curies":[{"name":"wp","href":"https:\/\/api.w.org\/{rel}","templated":true}]}}