{"id":9083,"date":"2020-07-23T10:55:05","date_gmt":"2020-07-23T08:55:05","guid":{"rendered":"https:\/\/blog.startups.ch\/fr\/?p=9083"},"modified":"2020-07-23T10:55:07","modified_gmt":"2020-07-23T08:55:07","slug":"initiative-populaire-entreprises-reponsables","status":"publish","type":"post","link":"https:\/\/blog.startups.ch\/fr\/2020\/07\/23\/initiative-populaire-entreprises-reponsables\/","title":{"rendered":"Quel est l&#8217;objectif de l&#8217;initiative populaire f\u00e9d\u00e9rale &#8220;Entreprises responsables&#8221; ?"},"content":{"rendered":"<h2>Le 29 novembre 2020, l&#8217;Initiative populaire f\u00e9d\u00e9rale &#8220;<a href=\"https:\/\/www.bk.admin.ch\/ch\/f\/pore\/vi\/vis462t.html\" target=\"_blank\" rel=\"noopener noreferrer\">Entreprises responsables<\/a>&#8221; sera pr\u00e9sent\u00e9e au peuple. Lisez l&#8217;article pour d\u00e9couvrir les objectifs de cette initiative populaire et les arguments avanc\u00e9s par les opposants et les partisans.<\/h2>\n<p><!--more--><\/p>\n<h3><img loading=\"lazy\" decoding=\"async\" class=\"alignnone size-medium wp-image-9084\" src=\"https:\/\/i0.wp.com\/blog.startups.ch\/fr\/wp-content\/uploads\/2020\/07\/iStock-1128880632-1.jpg?resize=1200%2C800&#038;ssl=1\" alt=\"\" width=\"1200\" height=\"800\" data-recalc-dims=\"1\" \/><\/h3>\n<h3><strong>De quoi s&#8217;agit-il ?<\/strong><\/h3>\n<p>Le Conseil f\u00e9d\u00e9ral a d\u00e9cid\u00e9 que le 29 novembre 2020, l&#8217;initiative populaire &#8220;<a href=\"https:\/\/www.bk.admin.ch\/ch\/f\/pore\/vi\/vis462t.html\" target=\"_blank\" rel=\"noopener noreferrer\">Entreprises responsables<\/a> &#8211; pour prot\u00e9ger I&#8217;\u00eatre humain et l&#8217;environnement&#8221; du 10 octobre 2016 sera soumise aux urnes. Ce projet de loi demande aux entreprises bas\u00e9es en Suisse de respecter les droits de l&#8217;homme et les normes environnementales internationales \u00e9galement en dehors de la Suisse. Les entreprises devraient \u00eatre tenues responsables des violations des droits de l&#8217;homme ou du non-respect des normes environnementales, m\u00eame si ces actions ont \u00e9t\u00e9 men\u00e9es \u00e0 l&#8217;\u00e9tranger. Cette initiative vise \u00e0 prot\u00e9ger les populations des pays en d\u00e9veloppement contre les actions dommageables des grandes entreprises et \u00e0 rendre les cha\u00eenes d&#8217;approvisionnement plus respectueuses de l&#8217;environnement.<\/p>\n<h3><strong>Arguments des partisans<\/strong><\/h3>\n<p>Les partisans de l&#8217;Initiative pour la responsabilit\u00e9 des entreprises, et surtout le Comit\u00e9 d&#8217;initiative, affirment que diverses grandes entreprises suisses violent de mani\u00e8re r\u00e9p\u00e9t\u00e9e les normes minimales en mati\u00e8re de droits de l&#8217;homme et de l&#8217;environnement et doivent en \u00eatre tenues responsables. \u00c0 l&#8217;avenir, les entreprises qui causent des dommages devraient \u00eatre tenues pour responsables de ces dommages. En particulier, il convient d&#8217;emp\u00eacher les atteintes d\u00e9lib\u00e9r\u00e9es aux droits afin d&#8217;obtenir des avantages concurrentiels. Afin de pr\u00e9venir les violations de la loi, les soci\u00e9t\u00e9s devraient \u00eatre oblig\u00e9es de proc\u00e9der \u00e0 des contr\u00f4les approfondis. Les partisans du projet de loi soulignent que les entreprises qui respectent les droits de l&#8217;homme et les normes environnementales internationales en vigueur n&#8217;ont rien \u00e0 craindre d&#8217;\u00e9ventuelles cons\u00e9quences.<\/p>\n<h3><strong>Arguments des opposants<\/strong><\/h3>\n<p>C&#8217;est pr\u00e9cis\u00e9ment sur ce dernier argument que les opposants \u00e0 l&#8217;initiative pour la responsabilit\u00e9 des entreprises ont des doutes. Comme l&#8217;initiative pr\u00e9voit un renversement de la charge de la preuve, c&#8217;est-\u00e0-dire que les entreprises doivent prouver qu&#8217;aucune violation n&#8217;a \u00e9t\u00e9 commise, les opposants craignent un nombre excessif de condamnations en raison du manque de preuves. En outre, les opposants au projet de loi consid\u00e8rent comme excessive la responsabilit\u00e9 pr\u00e9vue des groupes bas\u00e9s en Suisse pour les filiales \u00e9trang\u00e8res et les fournisseurs d\u00e9pendants. Ils font valoir que les entreprises suisses feraient d\u00e9j\u00e0 preuve d&#8217;une rigueur suffisante et que l&#8217;initiative ne ferait qu&#8217;engendrer des co\u00fbts suppl\u00e9mentaires inutiles. Les opposants au projet de loi rejettent \u00e9galement l&#8217;application du droit suisse aux transactions ayant lieu \u00e0 l&#8217;\u00e9tranger.<\/p>\n<p><a class=\"postButton\" href=\"https:\/\/www.startups.ch\/fr\/home\" target=\"_blank\" rel=\"noopener noreferrer\">\u00bb Startups.ch<\/a>\u00a0<a class=\"postButton\" href=\"https:\/\/startups.ch\/fr\/preparer\/business-plan\/qui-besoin\/\" target=\"_blank\" rel=\"noopener noreferrer\">\u00bb R\u00e9diger son Business plan<\/a><\/p>\n","protected":false},"excerpt":{"rendered":"<p>Le 29 novembre 2020, l&#8217;Initiative populaire f\u00e9d\u00e9rale &#8220;Entreprises responsables&#8221; sera pr\u00e9sent\u00e9e au peuple. Lisez l&#8217;article pour d\u00e9couvrir les objectifs de cette initiative populaire et les arguments avanc\u00e9s par les opposants et les partisans.<\/p>\n","protected":false},"author":1,"featured_media":0,"comment_status":"open","ping_status":"open","sticky":false,"template":"","format":"standard","meta":{"content-type":"","jetpack_post_was_ever_published":false,"_jetpack_newsletter_access":"","_jetpack_dont_email_post_to_subs":false,"_jetpack_newsletter_tier_id":0,"footnotes":"","jetpack_publicize_message":"","jetpack_publicize_feature_enabled":true,"jetpack_social_post_already_shared":true,"jetpack_social_options":{"image_generator_settings":{"template":"highway","enabled":false}}},"categories":[1],"tags":[],"jetpack_publicize_connections":[],"aioseo_notices":[],"views":795,"jetpack_featured_media_url":"","jetpack_sharing_enabled":true,"jetpack_shortlink":"https:\/\/wp.me\/p7y0qY-2mv","_links":{"self":[{"href":"https:\/\/blog.startups.ch\/fr\/wp-json\/wp\/v2\/posts\/9083"}],"collection":[{"href":"https:\/\/blog.startups.ch\/fr\/wp-json\/wp\/v2\/posts"}],"about":[{"href":"https:\/\/blog.startups.ch\/fr\/wp-json\/wp\/v2\/types\/post"}],"author":[{"embeddable":true,"href":"https:\/\/blog.startups.ch\/fr\/wp-json\/wp\/v2\/users\/1"}],"replies":[{"embeddable":true,"href":"https:\/\/blog.startups.ch\/fr\/wp-json\/wp\/v2\/comments?post=9083"}],"version-history":[{"count":1,"href":"https:\/\/blog.startups.ch\/fr\/wp-json\/wp\/v2\/posts\/9083\/revisions"}],"predecessor-version":[{"id":9085,"href":"https:\/\/blog.startups.ch\/fr\/wp-json\/wp\/v2\/posts\/9083\/revisions\/9085"}],"wp:attachment":[{"href":"https:\/\/blog.startups.ch\/fr\/wp-json\/wp\/v2\/media?parent=9083"}],"wp:term":[{"taxonomy":"category","embeddable":true,"href":"https:\/\/blog.startups.ch\/fr\/wp-json\/wp\/v2\/categories?post=9083"},{"taxonomy":"post_tag","embeddable":true,"href":"https:\/\/blog.startups.ch\/fr\/wp-json\/wp\/v2\/tags?post=9083"}],"curies":[{"name":"wp","href":"https:\/\/api.w.org\/{rel}","templated":true}]}}