{"id":9049,"date":"2020-07-13T14:40:23","date_gmt":"2020-07-13T12:40:23","guid":{"rendered":"https:\/\/blog.startups.ch\/fr\/?p=9049"},"modified":"2020-07-13T14:40:25","modified_gmt":"2020-07-13T12:40:25","slug":"rapport-du-premier-semestre-2020","status":"publish","type":"post","link":"https:\/\/blog.startups.ch\/fr\/2020\/07\/13\/rapport-du-premier-semestre-2020\/","title":{"rendered":"Rapport du premier semestre 2020"},"content":{"rendered":"\n<h2>Durant le premier semestre de l\u2019ann\u00e9e 2020, 21\u2018942 entreprises ont \u00e9t\u00e9 cr\u00e9\u00e9es sur l\u2019ensemble du territoire suisse. Malgr\u00e9 la crise actuelle, il s\u2019agit tout de m\u00eame d\u2019une augmentation par rapport au deuxi\u00e8me semestre 2019 (+56 unit\u00e9s). Le canton de Zurich reste le leader incontest\u00e9 en mati\u00e8re de cr\u00e9ation d&#8217;entreprises.<\/h2>\n<!--more-->\n\n<img loading=\"lazy\" decoding=\"async\" class=\"alignnone size-full wp-image-9045\" src=\"https:\/\/i0.wp.com\/blog.startups.ch\/fr\/wp-content\/uploads\/2020\/07\/FR-Jun20-Die-Entwicklung-im-zeitlichen-Verlauf-Handelsregistereintragungen.png.png?resize=749%2C567&#038;ssl=1\" alt=\"\" width=\"749\" height=\"567\" data-recalc-dims=\"1\" \/>\n\nEntre le 1er janvier 2020 et le 30 juin 2020, 21 942 nouvelles inscriptions ont \u00e9t\u00e9 enregistr\u00e9es au registre du commerce suisse. Cela repr\u00e9sente une augmentation de 56 entr\u00e9es par rapport au second semestre de l&#8217;ann\u00e9e derni\u00e8re. Apr\u00e8s des r\u00e9sultats plut\u00f4t faibles durant le lockdown, le nombre de cr\u00e9ations d&#8217;entreprises a litt\u00e9ralement explos\u00e9 durant le mois de juin 2020.\n<h2> <\/h2>\n<table class=\"wp-block-table\">\n<tbody>\n<tr>\n<td>1.<\/td>\n<td>Juin<\/td>\n<td>4484<\/td>\n<\/tr>\n<tr>\n<td>2.<\/td>\n<td>F\u00e9vrier<\/td>\n<td>3957<\/td>\n<\/tr>\n<tr>\n<td>3.<\/td>\n<td>Mars<\/td>\n<td>3740<\/td>\n<\/tr>\n<tr>\n<td>4.<\/td>\n<td>Janvier<\/td>\n<td>3710<\/td>\n<\/tr>\n<tr>\n<td>5.<\/td>\n<td>Mai<\/td>\n<td>3319<\/td>\n<\/tr>\n<tr>\n<td>6.<\/td>\n<td>Avril<\/td>\n<td>2732<\/td>\n<\/tr>\n<\/tbody>\n<\/table>\n\n\n\n\nLa r\u00e9partition entre les cantons a quelque peu chang\u00e9 au cours des six derniers mois. Le canton de Zurich reste invaincu \u00e0 la premi\u00e8re place avec pr\u00e8s de deux fois plus de start-ups que le canton de Vaud, qui occupe la deuxi\u00e8me place. Le canton de Berne a r\u00e9ussi \u00e0 gagner une place par rapport \u00e0 la derni\u00e8re analyse de d\u00e9cembre 2019 et se retrouve \u00e0 nouveau dans le top 3. En revanche, le Tessin a perdu deux places suppl\u00e9mentaires et se trouve \u00e0 pr\u00e9sent \u00e0 la 10e place.\n\nLes cantons de Lucerne, du Valais, de Thurgovie, de B\u00e2le-Ville, de Soleure, du Jura et d&#8217;Appenzell Rhodes-Ext\u00e9rieures ont chacun gagn\u00e9 une place. En contrepartie, les cantons de Gen\u00e8ve (-1 place), Schwyz (-2 places), B\u00e2le-Campagne (-1 place) et Schaffhouse (-2 places) ont connu une d\u00e9croissance. Enfin, les cantons d&#8217;Appenzell-Rhodes-Int\u00e9rieures et d&#8217;Uri ont de nouveau \u00e9chang\u00e9 leurs places.\n\nLa r\u00e9partition des cr\u00e9ations d&#8217;entreprises entre les cantons est la suivante :\n<table class=\"wp-block-table\">\n<tbody>\n<tr>\n<td>1.<\/td>\n<td>\u2192<\/td>\n<td>Zurich<\/td>\n<td>4003<\/td>\n<td>18.24%<\/td>\n<td>14.<\/td>\n<td>\u2198<\/td>\n<td>Schwyz<\/td>\n<td>634<\/td>\n<td>2.89%<\/td>\n<\/tr>\n<tr>\n<td>2.<\/td>\n<td>\u2192<\/td>\n<td>Vaud<\/td>\n<td>2096<\/td>\n<td>9.55%<\/td>\n<td>15.<\/td>\n<td>\u2197<\/td>\n<td>Soleure<\/td>\n<td>585<\/td>\n<td>2.67%<\/td>\n<\/tr>\n<tr>\n<td>3.<\/td>\n<td>\u2197<\/td>\n<td>Berne<\/td>\n<td>1895<\/td>\n<td>8.64%<\/td>\n<td>16.<\/td>\n<td>\u2198<\/td>\n<td>B\u00e2le-Campagne<\/td>\n<td>572<\/td>\n<td>2.61%<\/td>\n<\/tr>\n<tr>\n<td>4.<\/td>\n<td>\u2198<\/td>\n<td>Gen\u00e8ve<\/td>\n<td>1768<\/td>\n<td>8.06%<\/td>\n<td>17.<\/td>\n<td>\u2192<\/td>\n<td>Grisons<\/td>\n<td>497<\/td>\n<td>2.27%<\/td>\n<\/tr>\n<tr>\n<td>5.<\/td>\n<td>\u2192<\/td>\n<td>Argovie<\/td>\n<td>1441<\/td>\n<td>6.57%<\/td>\n<td>18.<\/td>\n<td>\u2192<\/td>\n<td>Neuch\u00e2tel<\/td>\n<td>403<\/td>\n<td>1.84%<\/td>\n<\/tr>\n<tr>\n<td>6.<\/td>\n<td>\u2192<\/td>\n<td>Zoug<\/td>\n<td>1107<\/td>\n<td>5.05%<\/td>\n<td>19.<\/td>\n<td>\u2197<\/td>\n<td>Jura<\/td>\n<td>166<\/td>\n<td>0.76%<\/td>\n<\/tr>\n<tr>\n<td>7.<\/td>\n<td>\u2192<\/td>\n<td>St.Gall<\/td>\n<td>1089<\/td>\n<td>4.96%<\/td>\n<td>20.<\/td>\n<td>\u2197<\/td>\n<td>Appenzell Rhodes-Ext\u00e9rieures<\/td>\n<td>155<\/td>\n<td>0.71%<\/td>\n<\/tr>\n<tr>\n<td>8.<\/td>\n<td>\u2197<\/td>\n<td>Lucerne<\/td>\n<td>1000<\/td>\n<td>4.56%<\/td>\n<td>21.<\/td>\n<td>\u2198<\/td>\n<td>Schaffhouse<\/td>\n<td>136<\/td>\n<td>0.62%<\/td>\n<\/tr>\n<tr>\n<td>9.<\/td>\n<td>\u2197<\/td>\n<td>Valais<\/td>\n<td>955<\/td>\n<td>4.35%<\/td>\n<td>22.<\/td>\n<td>\u2192<\/td>\n<td>Nidwalde<\/td>\n<td>125<\/td>\n<td>0.57%<\/td>\n<\/tr>\n<tr>\n<td>10.<\/td>\n<td>\u2198<\/td>\n<td>Tessin<\/td>\n<td>947<\/td>\n<td>4.32%<\/td>\n<td>23.<\/td>\n<td>\u2192<\/td>\n<td>Obwalde<\/td>\n<td>119<\/td>\n<td>0.54%<\/td>\n<\/tr>\n<tr>\n<td>11.<\/td>\n<td>\u2192<\/td>\n<td>Fribourg<\/td>\n<td>739<\/td>\n<td>3.37%<\/td>\n<td>24.<\/td>\n<td>\u2192<\/td>\n<td>Glaris<\/td>\n<td>91<\/td>\n<td>0.41%<\/td>\n<\/tr>\n<tr>\n<td>12.<\/td>\n<td>\u2197<\/td>\n<td>Turgovie<\/td>\n<td>664<\/td>\n<td>3.03%<\/td>\n<td>25.<\/td>\n<td>\u2197<\/td>\n<td>Appenzell Rhodes-Int\u00e9rieures<\/td>\n<td>68<\/td>\n<td>0.31%<\/td>\n<\/tr>\n<tr>\n<td>13.<\/td>\n<td>\u2197<\/td>\n<td>B\u00e2le-Ville<\/td>\n<td>635<\/td>\n<td>2.89%<\/td>\n<td>26.<\/td>\n<td>\u2198<\/td>\n<td>Uri<\/td>\n<td>52<\/td>\n<td>0.24%<\/td>\n<\/tr>\n<\/tbody>\n<\/table>\n\n\nSur les 21 942 cr\u00e9ations d&#8217;entreprises au premier semestre 2020, 14 868 (67,76 %) ont eu lieu en Suisse al\u00e9manique, 6127 en Suisse romande (27,92 %) et 947 (4,32 %) au Tessin. Alors que la Suisse al\u00e9manique a r\u00e9ussi \u00e0 augmenter \u00e0 nouveau par rapport au second semestre 2019 (+3,89%), la Suisse occidentale (-4,99%) et le Tessin (-15,90%) ont enregistr\u00e9 des baisses.\n\nAucun changement majeur n&#8217;a \u00e9t\u00e9 constat\u00e9 quant \u00e0 la popularit\u00e9 relative des diff\u00e9rentes formes juridiques, le classement reste inchang\u00e9. Cependant, la soci\u00e9t\u00e9 \u00e0 responsabilit\u00e9 limit\u00e9e (SARL) et la raison individuelle ont gagn\u00e9 en popularit\u00e9 au d\u00e9triment de la soci\u00e9t\u00e9 anonyme ( SA ). La soci\u00e9t\u00e9 en nom collectif a \u00e9galement connu une augmentation de sa popularit\u00e9. En revanche, les formes de soci\u00e9t\u00e9s \u00e0 but non lucratif (association, fondation et coop\u00e9rative) ainsi que la soci\u00e9t\u00e9 en commandite ont connu un l\u00e9ger d\u00e9clin.\n\nLa r\u00e9partition entre les diff\u00e9rentes formes juridiques est la suivante :\n\n\n<table class=\"wp-block-table\">\n<tbody>\n<tr>\n<td>1.<\/td>\n<td>Soci\u00e9t\u00e9 \u00e0 responsabilit\u00e9 limit\u00e9e (SARL)<\/td>\n<td>38.77 %<\/td>\n<td>\u2197 (+0.47%)<\/td>\n<\/tr>\n<tr>\n<td>2.<\/td>\n<td>Raison individuelle<\/td>\n<td>33.15 %<\/td>\n<td>\u2197 (+2.33%)<\/td>\n<\/tr>\n<tr>\n<td>3.<\/td>\n<td>Soci\u00e9t\u00e9 anonyme (SA)<\/td>\n<td>19.01 %<\/td>\n<td>\u2198 (-2.62%)<\/td>\n<\/tr>\n<tr>\n<td>4.<\/td>\n<td>Soci\u00e9t\u00e9 en nom collectif<\/td>\n<td>3.01 %<\/td>\n<td>\u2197 (+0.26%)<\/td>\n<\/tr>\n<tr>\n<td>5.<\/td>\n<td>Succursale suisse<\/td>\n<td>2.98 %<\/td>\n<td>\u2197 (+0.29%)<\/td>\n<\/tr>\n<tr>\n<td>\u00a06.<\/td>\n<td>Association<\/td>\n<td>1.22 %<\/td>\n<td>\u2198 (-0.52%)<\/td>\n<\/tr>\n<tr>\n<td>7.<\/td>\n<td>Fondation<\/td>\n<td>1.03 %<\/td>\n<td>\u2198 (-0.09%)<\/td>\n<\/tr>\n<tr>\n<td>8.<\/td>\n<td>Succursale \u00e9trang\u00e8re<\/td>\n<td>0.54 %<\/td>\n<td>\u2198 (-0.08%)<\/td>\n<\/tr>\n<tr>\n<td>9.<\/td>\n<td>Coop\u00e9rative<\/td>\n<td>0.23 %<\/td>\n<td>\u2192 (0.00%)<\/td>\n<\/tr>\n<tr>\n<td>10.<\/td>\n<td>Soci\u00e9t\u00e9 en commandite<\/td>\n<td>0.06 %<\/td>\n<td>\u2198 (-0.03%)<\/td>\n<\/tr>\n<tr>\n<td>11.<\/td>\n<td>Formes juridiques sp\u00e9ciales<\/td>\n<td>0.00 %<\/td>\n<td>\u2198 (-0.02%)<\/td>\n<\/tr>\n<\/tbody>\n<\/table>\n   \n<div class=\"clearfix\"><\/div>\n\n\n<a class=\"postButton\" href=\"https:\/\/www.startups.ch\/fr\/home\" target=\"_blank\" rel=\"noopener noreferrer\">\u00bb Startups.ch<\/a>\u00a0<a class=\"postButton\" href=\"https:\/\/startups.ch\/fr\/preparer\/business-plan\/qui-besoin\/\" target=\"_blank\" rel=\"noopener noreferrer\">\u00bb R\u00e9diger son Business plan<\/a>","protected":false},"excerpt":{"rendered":"<p>Durant le premier semestre de l\u2019ann\u00e9e 2020, 21\u2018942 entreprises ont \u00e9t\u00e9 cr\u00e9\u00e9es sur l\u2019ensemble du territoire suisse. Malgr\u00e9 la crise actuelle, il s\u2019agit tout de m\u00eame d\u2019une augmentation par rapport au deuxi\u00e8me semestre 2019 (+56 unit\u00e9s). Le canton de Zurich reste le leader incontest\u00e9 en mati\u00e8re de cr\u00e9ation d&#8217;entreprises.<\/p>\n","protected":false},"author":1,"featured_media":0,"comment_status":"open","ping_status":"open","sticky":false,"template":"","format":"standard","meta":{"content-type":"","jetpack_post_was_ever_published":false,"_jetpack_newsletter_access":"","_jetpack_dont_email_post_to_subs":false,"_jetpack_newsletter_tier_id":0,"footnotes":"","jetpack_publicize_message":"","jetpack_publicize_feature_enabled":true,"jetpack_social_post_already_shared":true,"jetpack_social_options":{"image_generator_settings":{"template":"highway","enabled":false}}},"categories":[10,228],"tags":[],"jetpack_publicize_connections":[],"aioseo_notices":[],"views":798,"jetpack_featured_media_url":"","jetpack_sharing_enabled":true,"jetpack_shortlink":"https:\/\/wp.me\/p7y0qY-2lX","_links":{"self":[{"href":"https:\/\/blog.startups.ch\/fr\/wp-json\/wp\/v2\/posts\/9049"}],"collection":[{"href":"https:\/\/blog.startups.ch\/fr\/wp-json\/wp\/v2\/posts"}],"about":[{"href":"https:\/\/blog.startups.ch\/fr\/wp-json\/wp\/v2\/types\/post"}],"author":[{"embeddable":true,"href":"https:\/\/blog.startups.ch\/fr\/wp-json\/wp\/v2\/users\/1"}],"replies":[{"embeddable":true,"href":"https:\/\/blog.startups.ch\/fr\/wp-json\/wp\/v2\/comments?post=9049"}],"version-history":[{"count":6,"href":"https:\/\/blog.startups.ch\/fr\/wp-json\/wp\/v2\/posts\/9049\/revisions"}],"predecessor-version":[{"id":9055,"href":"https:\/\/blog.startups.ch\/fr\/wp-json\/wp\/v2\/posts\/9049\/revisions\/9055"}],"wp:attachment":[{"href":"https:\/\/blog.startups.ch\/fr\/wp-json\/wp\/v2\/media?parent=9049"}],"wp:term":[{"taxonomy":"category","embeddable":true,"href":"https:\/\/blog.startups.ch\/fr\/wp-json\/wp\/v2\/categories?post=9049"},{"taxonomy":"post_tag","embeddable":true,"href":"https:\/\/blog.startups.ch\/fr\/wp-json\/wp\/v2\/tags?post=9049"}],"curies":[{"name":"wp","href":"https:\/\/api.w.org\/{rel}","templated":true}]}}