{"id":9027,"date":"2020-06-29T10:45:39","date_gmt":"2020-06-29T08:45:39","guid":{"rendered":"https:\/\/blog.startups.ch\/fr\/?p=9027"},"modified":"2020-06-29T10:45:40","modified_gmt":"2020-06-29T08:45:40","slug":"la-protection-des-donnees-en-bref","status":"publish","type":"post","link":"https:\/\/blog.startups.ch\/fr\/2020\/06\/29\/la-protection-des-donnees-en-bref\/","title":{"rendered":"La protection des donn\u00e9es en bref"},"content":{"rendered":"<h2>Compte tenu de l&#8217;importance croissante des donn\u00e9es \u00e0 caract\u00e8re personnel, il est utile de garder un \u0153il sur les r\u00e9glementations les plus importantes en mati\u00e8re de droit de la protection des donn\u00e9es. Il s&#8217;agit en particulier des bases juridiques nationales et internationales et des principes du traitement des donn\u00e9es.<\/h2>\n<p><!--more--><\/p>\n<p><img loading=\"lazy\" decoding=\"async\" class=\"alignnone size-medium wp-image-9028\" src=\"https:\/\/i0.wp.com\/blog.startups.ch\/fr\/wp-content\/uploads\/2020\/06\/iStock-1147963278-1.jpg?resize=1200%2C800&#038;ssl=1\" alt=\"\" width=\"1200\" height=\"800\" data-recalc-dims=\"1\" \/><\/p>\n<p>Les donn\u00e9es \u00e0 caract\u00e8re personnel rev\u00eatent aujourd&#8217;hui une importance \u00e9conomique croissante. De plus en plus d&#8217;entreprises collectent des donn\u00e9es afin de pouvoir proposer des offres personnalis\u00e9es \u00e0 leurs clients. L&#8217;int\u00e9r\u00eat \u00e9conomique des entreprises s&#8217;oppose aux droits personnels des particuliers. Compte tenu de ce conflit d&#8217;int\u00e9r\u00eats, il est important de conna\u00eetre les principes de base du droit de la protection des donn\u00e9es.<\/p>\n<h3>Sources de la l\u00e9gislation sur la protection des donn\u00e9es<\/h3>\n<p>La protection des donn\u00e9es est inscrite \u00e0 l&#8217;art. 13, al. 2 de la Constitution f\u00e9d\u00e9rale. Non seulement la Conf\u00e9d\u00e9ration, mais aussi les cantons ont \u00e9dict\u00e9 leurs propres r\u00e8gles en mati\u00e8re de protection des donn\u00e9es. En r\u00e8gle g\u00e9n\u00e9rale, ces dispositions ne s&#8217;appliquent toutefois qu&#8217;aux cantons et aux communes, mais pas aux particuliers entre eux. En raison de la mondialisation et de l&#8217;augmentation de la circulation transfrontali\u00e8re des marchandises, les r\u00e9glementations internationales en mati\u00e8re de protection des donn\u00e9es prennent \u00e9galement de plus en plus d&#8217;importance en Suisse. Une source de droit importante est, par exemple, le r\u00e8glement de base de l&#8217;Union europ\u00e9enne sur la protection des donn\u00e9es (EU-RGPD). Dans certaines circonstances, cela s&#8217;applique \u00e9galement aux entreprises suisses.<\/p>\n<h3>Principes du droit suisse de la protection des donn\u00e9es<\/h3>\n<p>Pour que le traitement des donn\u00e9es \u00e0 caract\u00e8re priv\u00e9 soit licite, diff\u00e9rents principes doivent \u00eatre respect\u00e9s (art. 4 du LPD). Les donn\u00e9es doivent \u00eatre trait\u00e9es l\u00e9galement, c&#8217;est-\u00e0-dire qu&#8217;il doit y avoir une raison dite de justification. Le traitement est licite si, par exemple, la personne concern\u00e9e donne son consentement ou si des int\u00e9r\u00eats publics sup\u00e9rieurs justifient le traitement. En outre, le traitement des donn\u00e9es doit respecter le principe de bonne foi. Cela signifie que les donn\u00e9es ne doivent pas \u00eatre trait\u00e9es \u00e0 l&#8217;insu de la personne concern\u00e9e ou contre sa volont\u00e9 (exception : int\u00e9r\u00eat public). En outre, le traitement des donn\u00e9es doit \u00eatre proportionn\u00e9. Seules les donn\u00e9es n\u00e9cessaires \u00e0 la r\u00e9alisation de la finalit\u00e9 sp\u00e9cifique peuvent \u00eatre trait\u00e9es. En outre, les donn\u00e9es ne peuvent \u00eatre utilis\u00e9es qu&#8217;aux fins pour lesquelles elles ont \u00e9t\u00e9 collect\u00e9es et cette finalit\u00e9 doit \u00eatre reconnaissable pour la personne concern\u00e9e.<\/p>\n<p><a class=\"postButton\" href=\"https:\/\/www.startups.ch\/fr\/home\" target=\"_blank\" rel=\"noopener noreferrer\">\u00bb Startups.ch<\/a>\u00a0<a class=\"postButton\" href=\"https:\/\/startups.ch\/fr\/preparer\/business-plan\/qui-besoin\/\" target=\"_blank\" rel=\"noopener noreferrer\">\u00bb R\u00e9diger son Business plan<\/a><\/p>\n","protected":false},"excerpt":{"rendered":"<p>Compte tenu de l&#8217;importance croissante des donn\u00e9es \u00e0 caract\u00e8re personnel, il est utile de garder un \u0153il sur les r\u00e9glementations les plus importantes en mati\u00e8re de droit de la protection des donn\u00e9es. Il s&#8217;agit en particulier des bases juridiques nationales et internationales et des principes du traitement des donn\u00e9es.<\/p>\n","protected":false},"author":1,"featured_media":0,"comment_status":"open","ping_status":"open","sticky":false,"template":"","format":"standard","meta":{"content-type":"","jetpack_post_was_ever_published":false,"_jetpack_newsletter_access":"","_jetpack_dont_email_post_to_subs":false,"_jetpack_newsletter_tier_id":0,"footnotes":"","jetpack_publicize_message":"","jetpack_publicize_feature_enabled":true,"jetpack_social_post_already_shared":true,"jetpack_social_options":{"image_generator_settings":{"template":"highway","enabled":false}}},"categories":[9],"tags":[],"jetpack_publicize_connections":[],"aioseo_notices":[],"views":759,"jetpack_featured_media_url":"","jetpack_sharing_enabled":true,"jetpack_shortlink":"https:\/\/wp.me\/p7y0qY-2lB","_links":{"self":[{"href":"https:\/\/blog.startups.ch\/fr\/wp-json\/wp\/v2\/posts\/9027"}],"collection":[{"href":"https:\/\/blog.startups.ch\/fr\/wp-json\/wp\/v2\/posts"}],"about":[{"href":"https:\/\/blog.startups.ch\/fr\/wp-json\/wp\/v2\/types\/post"}],"author":[{"embeddable":true,"href":"https:\/\/blog.startups.ch\/fr\/wp-json\/wp\/v2\/users\/1"}],"replies":[{"embeddable":true,"href":"https:\/\/blog.startups.ch\/fr\/wp-json\/wp\/v2\/comments?post=9027"}],"version-history":[{"count":3,"href":"https:\/\/blog.startups.ch\/fr\/wp-json\/wp\/v2\/posts\/9027\/revisions"}],"predecessor-version":[{"id":9032,"href":"https:\/\/blog.startups.ch\/fr\/wp-json\/wp\/v2\/posts\/9027\/revisions\/9032"}],"wp:attachment":[{"href":"https:\/\/blog.startups.ch\/fr\/wp-json\/wp\/v2\/media?parent=9027"}],"wp:term":[{"taxonomy":"category","embeddable":true,"href":"https:\/\/blog.startups.ch\/fr\/wp-json\/wp\/v2\/categories?post=9027"},{"taxonomy":"post_tag","embeddable":true,"href":"https:\/\/blog.startups.ch\/fr\/wp-json\/wp\/v2\/tags?post=9027"}],"curies":[{"name":"wp","href":"https:\/\/api.w.org\/{rel}","templated":true}]}}