{"id":8938,"date":"2020-05-11T07:52:02","date_gmt":"2020-05-11T05:52:02","guid":{"rendered":"https:\/\/blog.startups.ch\/fr\/?p=8938"},"modified":"2020-05-11T07:52:06","modified_gmt":"2020-05-11T05:52:06","slug":"creer-une-entreprise-en-temps-de-crise-interview-de-sara-baader-ceo-de-mybeauty-swiss","status":"publish","type":"post","link":"https:\/\/blog.startups.ch\/fr\/2020\/05\/11\/creer-une-entreprise-en-temps-de-crise-interview-de-sara-baader-ceo-de-mybeauty-swiss\/","title":{"rendered":"Cr\u00e9er une entreprise en temps de crise : Interview de Sara Baader, CEO de MyBeauty Swiss"},"content":{"rendered":"<h2>Malgr\u00e9 la crise actuelle, de plus en plus de personnes se lancent dans l&#8217;entrepreneuriat. Qu&#8217;est-ce qui motive ces personnes \u00e0 vouloir cr\u00e9er leur propre entreprise m\u00eame en temps de crise? <!--more--><\/h2>\n<p><img loading=\"lazy\" decoding=\"async\" class=\"alignnone size-medium wp-image-8939\" src=\"https:\/\/i0.wp.com\/blog.startups.ch\/fr\/wp-content\/uploads\/2020\/05\/lesly-juarez-1AhGNGKuhR0-unsplash.jpg?resize=1200%2C800&#038;ssl=1\" alt=\"\" width=\"1200\" height=\"800\" data-recalc-dims=\"1\" \/><\/p>\n<p>Cette semaine, nous avons voulu savoir ce qui a encourag\u00e9 Sara Baader, CEO de MyBeauty, \u00e0 cr\u00e9er sa soci\u00e9t\u00e9 malgr\u00e9 la crise du coronavirus.<\/p>\n<h3>Pr\u00e9sentation de la soci\u00e9t\u00e9<\/h3>\n<p>L&#8217;objectif de MyBeauty est d&#8217;\u00e9tablir une offre esth\u00e9tique-m\u00e9dicale en coop\u00e9ration avec la c\u00e9l\u00e8bre entreprise de sant\u00e9 MeinArzt sur diff\u00e9rents sites commerciaux. Un accent particulier est mis sur les m\u00e9thodes de traitement innovantes et la combinaison avec les derni\u00e8res connaissances m\u00e9dicales.<\/p>\n<p><img loading=\"lazy\" decoding=\"async\" class=\"alignnone size-medium wp-image-8940\" src=\"https:\/\/i0.wp.com\/blog.startups.ch\/fr\/wp-content\/uploads\/2020\/05\/MyBeauty_logo-02.png?resize=1200%2C268&#038;ssl=1\" alt=\"\" width=\"1200\" height=\"268\" srcset=\"https:\/\/i0.wp.com\/blog.startups.ch\/fr\/wp-content\/uploads\/2020\/05\/MyBeauty_logo-02.png?resize=1200%2C268&amp;ssl=1 1200w, https:\/\/i0.wp.com\/blog.startups.ch\/fr\/wp-content\/uploads\/2020\/05\/MyBeauty_logo-02.png?w=2000&amp;ssl=1 2000w, https:\/\/i0.wp.com\/blog.startups.ch\/fr\/wp-content\/uploads\/2020\/05\/MyBeauty_logo-02.png?w=3000&amp;ssl=1 3000w\" sizes=\"(max-width: 1000px) 100vw, 1000px\" data-recalc-dims=\"1\" \/><\/p>\n<h3>Interview<\/h3>\n<p><em><strong>Y a-t-il une raison pour laquelle vous vous lancez maintenant ?<\/strong><\/em><\/p>\n<p>Le besoin en services m\u00e9dicaux et esth\u00e9tiques de haute qualit\u00e9 est croissant en Suisse depuis des ann\u00e9es. Les clients veulent \u00e9galement des m\u00e9thodes de traitement nouvelles et innovantes qui produisent un r\u00e9sultat naturel mais efficace. La combinaison avec les soins m\u00e9dicaux garantit un niveau \u00e9lev\u00e9 et une grande commodit\u00e9 en raison de la proximit\u00e9. Le moment est donc id\u00e9al pour notre concept.<\/p>\n<p><em><strong>Cela a-t-il un rapport avec la crise du coronavirus ?<\/strong><\/em><\/p>\n<p>Non, nous ne pensons pas que l&#8217;actuelle pand\u00e9mie du coronavirus aura un impact \u00e0 long terme sur notre mod\u00e8le d&#8217;entreprise. Le besoin de traitements m\u00e9dicaux et esth\u00e9tiques de haute qualit\u00e9 va continuer \u00e0 cro\u00eetre.<\/p>\n<p><em><strong>Dans quel domaine de votre secteur l&#8217;innovation est-elle la plus importante aujourd&#8217;hui ?<\/strong><\/em><\/p>\n<p>Dans le domaine de l&#8217;esth\u00e9tique, la recherche de nouvelles m\u00e9thodes, de nouveaux \u00e9quipements et de nouveaux produits est men\u00e9e dans le monde entier. Beaucoup de ces initiatives viennent des \u00c9tats-Unis, qui ont \u00e9t\u00e9 les pionniers de notre industrie pendant des ann\u00e9es. Il est donc tr\u00e8s important de toujours \u00eatre \u00e0 jour et de tester les innovations pour voir si elles conviennent \u00e0 nos clients. C&#8217;est pourquoi nous sommes constamment pr\u00e9sents \u00e0 tous les salons professionnels et \u00e9v\u00e9nements industriels pertinents pour conna\u00eetre et tester les nouveaux produits et \u00e9quipements.<\/p>\n<p><em><strong>Qu&#8217;est-ce qui vous pousse personnellement \u00e0 accepter ce nouveau d\u00e9fi ?<\/strong><\/em><\/p>\n<p>Je travaille dans le domaine de la dermatologie-esth\u00e9tique depuis plus de 12 ans et je connais donc tr\u00e8s bien les besoins de nos clients. En m\u00eame temps, j&#8217;ai toujours \u00e9t\u00e9 tr\u00e8s int\u00e9ress\u00e9 par les innovations de produits et les nouvelles m\u00e9thodes de traitement, qui, autrement, n&#8217;arrivent souvent en Suisse qu&#8217;apr\u00e8s un long d\u00e9lai. Avec MyBeauty, je peux parfaitement r\u00e9unir ces deux aspects et faire en sorte que nous donnions \u00e0 un large public l&#8217;acc\u00e8s \u00e0 ces grandes innovations.<\/p>\n<p><img loading=\"lazy\" decoding=\"async\" class=\"alignnone size-medium wp-image-8941\" src=\"https:\/\/i0.wp.com\/blog.startups.ch\/fr\/wp-content\/uploads\/2020\/05\/Foto-Gescha\u0308ftsfu\u0308hrerin.jpg?resize=198%2C265&#038;ssl=1\" alt=\"\" width=\"198\" height=\"265\" data-recalc-dims=\"1\" \/><br \/>\nPhoto: Sara Baader, CEO de MyBeauty Swiss<\/p>\n<p><a class=\"postButton\" href=\"https:\/\/www.startups.ch\/fr\/services\/creation-entreprise\" target=\"_blank\" rel=\"noopener noreferrer\">\u00bb Se lancer, cr\u00e9er son entreprise<\/a>\u00a0<a class=\"postButton\" href=\"https:\/\/startups.ch\/fr\/preparer\/business-plan\/qui-besoin\/\" target=\"_blank\" rel=\"noopener noreferrer\">\u00bb R\u00e9diger son Business plan<\/a><\/p>\n","protected":false},"excerpt":{"rendered":"<p>Malgr\u00e9 la crise actuelle, de plus en plus de personnes se lancent dans l&#8217;entrepreneuriat. Qu&#8217;est-ce qui motive ces personnes \u00e0 vouloir cr\u00e9er leur propre entreprise m\u00eame en temps de crise?<\/p>\n","protected":false},"author":1,"featured_media":0,"comment_status":"open","ping_status":"open","sticky":false,"template":"","format":"standard","meta":{"content-type":"","jetpack_post_was_ever_published":false,"_jetpack_newsletter_access":"","_jetpack_dont_email_post_to_subs":false,"_jetpack_newsletter_tier_id":0,"footnotes":"","jetpack_publicize_message":"","jetpack_publicize_feature_enabled":true,"jetpack_social_post_already_shared":true,"jetpack_social_options":{"image_generator_settings":{"template":"highway","enabled":false}}},"categories":[10,228],"tags":[],"jetpack_publicize_connections":[],"aioseo_notices":[],"views":917,"jetpack_featured_media_url":"","jetpack_sharing_enabled":true,"jetpack_shortlink":"https:\/\/wp.me\/p7y0qY-2ka","_links":{"self":[{"href":"https:\/\/blog.startups.ch\/fr\/wp-json\/wp\/v2\/posts\/8938"}],"collection":[{"href":"https:\/\/blog.startups.ch\/fr\/wp-json\/wp\/v2\/posts"}],"about":[{"href":"https:\/\/blog.startups.ch\/fr\/wp-json\/wp\/v2\/types\/post"}],"author":[{"embeddable":true,"href":"https:\/\/blog.startups.ch\/fr\/wp-json\/wp\/v2\/users\/1"}],"replies":[{"embeddable":true,"href":"https:\/\/blog.startups.ch\/fr\/wp-json\/wp\/v2\/comments?post=8938"}],"version-history":[{"count":2,"href":"https:\/\/blog.startups.ch\/fr\/wp-json\/wp\/v2\/posts\/8938\/revisions"}],"predecessor-version":[{"id":8946,"href":"https:\/\/blog.startups.ch\/fr\/wp-json\/wp\/v2\/posts\/8938\/revisions\/8946"}],"wp:attachment":[{"href":"https:\/\/blog.startups.ch\/fr\/wp-json\/wp\/v2\/media?parent=8938"}],"wp:term":[{"taxonomy":"category","embeddable":true,"href":"https:\/\/blog.startups.ch\/fr\/wp-json\/wp\/v2\/categories?post=8938"},{"taxonomy":"post_tag","embeddable":true,"href":"https:\/\/blog.startups.ch\/fr\/wp-json\/wp\/v2\/tags?post=8938"}],"curies":[{"name":"wp","href":"https:\/\/api.w.org\/{rel}","templated":true}]}}