{"id":881,"date":"2012-09-14T22:01:31","date_gmt":"2012-09-14T20:01:31","guid":{"rendered":"http:\/\/blog.startups.ch\/fr\/?p=881"},"modified":"2013-06-25T16:17:05","modified_gmt":"2013-06-25T14:17:05","slug":"utilisation-privee-biens-societe-tva","status":"publish","type":"post","link":"https:\/\/blog.startups.ch\/fr\/2012\/09\/14\/utilisation-privee-biens-societe-tva\/","title":{"rendered":"Utilisation priv\u00e9e des biens de la soci\u00e9t\u00e9 et les incidences pour la TVA"},"content":{"rendered":"<p><strong>Divers aspects de la TVA ont d\u00e9j\u00e0 \u00e9t\u00e9 d\u00e9crits dans de pr\u00e9c\u00e9dentes publications. Comme pr\u00e9c\u00e9demment expliqu\u00e9, il est possible de d\u00e9duire l\u2019imp\u00f4t pr\u00e9alablement pay\u00e9 sur des biens achet\u00e9s la TVA que l\u2019on a soit m\u00eame pay\u00e9e. Ceci n\u2019est cependant possible que si les biens achet\u00e9s sont utilis\u00e9s pour une activit\u00e9 qui est fiscalement tax\u00e9e. S\u2019il l\u2019on utilise le bien achet\u00e9 pour une utilisation priv\u00e9e, la TVA ne peut pas \u00eatre d\u00e9duite.<\/strong><\/p>\n<p><!--more--><\/p>\n<p><a href=\"https:\/\/i0.wp.com\/blog.startups.ch\/fr\/wp-content\/uploads\/2012\/09\/Fotolia_Buchhaltung_zugeschnitten.jpg\"><img loading=\"lazy\" decoding=\"async\" class=\"aligncenter size-full wp-image-1214\" alt=\"TVA\" src=\"https:\/\/i0.wp.com\/blog.startups.ch\/fr\/wp-content\/uploads\/2012\/09\/Fotolia_Buchhaltung_zugeschnitten.jpg?resize=688%2C264\" width=\"688\" height=\"264\" srcset=\"https:\/\/i0.wp.com\/blog.startups.ch\/fr\/wp-content\/uploads\/2012\/09\/Fotolia_Buchhaltung_zugeschnitten.jpg?w=688&amp;ssl=1 688w, https:\/\/i0.wp.com\/blog.startups.ch\/fr\/wp-content\/uploads\/2012\/09\/Fotolia_Buchhaltung_zugeschnitten.jpg?resize=300%2C115&amp;ssl=1 300w\" sizes=\"(max-width: 688px) 100vw, 688px\" data-recalc-dims=\"1\" \/><\/a><\/p>\n<p><strong>Soci\u00e9t\u00e9 de personnes (raison individuelle et soci\u00e9t\u00e9 en nom collectif)<\/strong><\/p>\n<p>La raison individuelle \u00ab\u00a0Dubois Nettoyage de fen\u00eatre\u00a0\u00bb est une soci\u00e9t\u00e9 appartenant \u00e0 Monsieur Dubois. Chaque ann\u00e9e, la soci\u00e9t\u00e9 ach\u00e8te pour CHF 27&#8217;000.- (TVA de 8% incluse) de mat\u00e9riel de nettoyage. En payant ses factures \u00e0 ses fournisseurs, \u00ab\u00a0Dubois Nettoyage de fen\u00eatre\u00a0\u00bb paye chaque ann\u00e9e CHF 2&#8217;000.- de TVA (25\u2018000 * 8% = 2\u2018000 \u00e0 25\u2018000 + 2\u2018000 = 27\u2018000). Monsieur Dubois retire certains produits de nettoyage des stocks de la soci\u00e9t\u00e9 \u00ab\u00a0Dubois Nettoyage de fen\u00eatre\u00a0\u00bb pour ses utilisations priv\u00e9es. La valeur de ces biens s\u2019\u00e9l\u00e8ve \u00e0 CHF 216.- (TVA de 8% incluse) par ann\u00e9e. Ainsi, si aucune correction n\u2019est effectu\u00e9e, la soci\u00e9t\u00e9 \u00ab\u00a0Dubois Nettoyage de fen\u00eatre\u00a0\u00bb pourrait d\u00e9duire CHF 16.- (200 * 1.08 = 216) de TVA pour des biens qui ne sont pas utilis\u00e9s pour une activit\u00e9 fiscalement tax\u00e9e (c\u2019est-\u00e0-dire en utilisant pour ses clients). Ainsi, il serait n\u00e9cessaire de corriger sa d\u00e9duction de CHF 16.- dans sa d\u00e9claration.<\/p>\n<p><strong>Soci\u00e9t\u00e9 \u00e0 capitaux (S\u00e0rl, SA)<\/strong><\/p>\n<p>S\u2019il s\u2019agit d\u2019une soci\u00e9t\u00e9 de capitaux et que M. Dubois est une personne proche (actionnaire ou proche d\u2019un actionnaire ou d\u2019un membre de la direction), c\u2019est le prix d\u2019achat du march\u00e9 qui doit \u00eatre comptabilis\u00e9. Sur ce montant, il est n\u00e9cessaire de payer les 8% de TVA. Toutefois, la soci\u00e9t\u00e9 peut alors d\u00e9duire l\u2019imp\u00f4t pr\u00e9alable.<\/p>\n<p><strong>Forfaits<\/strong><\/p>\n<p>\u00c9tant donn\u00e9 qu\u2019il est souvent difficile de calculer la consommation propre exactement, les autorit\u00e9s fiscales autorisent g\u00e9n\u00e9ralement de prendre une valeur forfaitaire. La valeur forfaitaire la plus souvent utilis\u00e9e est la valeur forfaitaire pour l\u2019utilisation priv\u00e9e de la voiture de soci\u00e9t\u00e9. Cette valeur forfaitaire est utilis\u00e9e lorsque la soci\u00e9t\u00e9 ach\u00e8te une voiture et paye la TVA correspondante qui pourra \u00eatre d\u00e9duite de l\u2019imp\u00f4t pr\u00e9alable. Lorsque M. Dubois utilise la voiture de la soci\u00e9t\u00e9, il lui fait perdre de la valeur et cette perte de valeur doit donc \u00eatre tax\u00e9e. Au lieu de calculer exactement la valeur correspondante, il est donc possible d\u2019utiliser une valeur forfaitaire. Pour les voitures de soci\u00e9t\u00e9, la valeur forfaitaire est de 0.8% par mois du prix d\u2019achat, mais au minimum de CHF 150.-. Ce montant sera factur\u00e9 par la soci\u00e9t\u00e9 \u00e0 M. Dubois. D\u2019un point de vue comptable, ce montant est un revenu est doit \u00eatre additionn\u00e9 de 8% de TVA.<\/p>\n","protected":false},"excerpt":{"rendered":"<p>Divers aspects de la TVA ont d\u00e9j\u00e0 \u00e9t\u00e9 d\u00e9crits dans de pr\u00e9c\u00e9dentes publications. Comme pr\u00e9c\u00e9demment expliqu\u00e9, il est possible de d\u00e9duire l\u2019imp\u00f4t pr\u00e9alablement pay\u00e9 sur des biens achet\u00e9s la TVA que l\u2019on a soit m\u00eame pay\u00e9e. Ceci n\u2019est cependant possible que si les biens achet\u00e9s sont utilis\u00e9s pour une activit\u00e9 qui est fiscalement tax\u00e9e. S\u2019il [&hellip;]<\/p>\n","protected":false},"author":7,"featured_media":0,"comment_status":"closed","ping_status":"closed","sticky":false,"template":"","format":"standard","meta":{"content-type":"","jetpack_post_was_ever_published":false,"_jetpack_newsletter_access":"","_jetpack_dont_email_post_to_subs":false,"_jetpack_newsletter_tier_id":0,"footnotes":"","jetpack_publicize_message":"","jetpack_publicize_feature_enabled":true,"jetpack_social_post_already_shared":false,"jetpack_social_options":{"image_generator_settings":{"template":"highway","enabled":false}}},"categories":[13,5,3,4,8],"tags":[405,403,404,406,202,67],"jetpack_publicize_connections":[],"aioseo_notices":[],"views":3432,"jetpack_featured_media_url":"","jetpack_sharing_enabled":true,"jetpack_shortlink":"https:\/\/wp.me\/p7y0qY-ed","_links":{"self":[{"href":"https:\/\/blog.startups.ch\/fr\/wp-json\/wp\/v2\/posts\/881"}],"collection":[{"href":"https:\/\/blog.startups.ch\/fr\/wp-json\/wp\/v2\/posts"}],"about":[{"href":"https:\/\/blog.startups.ch\/fr\/wp-json\/wp\/v2\/types\/post"}],"author":[{"embeddable":true,"href":"https:\/\/blog.startups.ch\/fr\/wp-json\/wp\/v2\/users\/7"}],"replies":[{"embeddable":true,"href":"https:\/\/blog.startups.ch\/fr\/wp-json\/wp\/v2\/comments?post=881"}],"version-history":[{"count":9,"href":"https:\/\/blog.startups.ch\/fr\/wp-json\/wp\/v2\/posts\/881\/revisions"}],"predecessor-version":[{"id":1804,"href":"https:\/\/blog.startups.ch\/fr\/wp-json\/wp\/v2\/posts\/881\/revisions\/1804"}],"wp:attachment":[{"href":"https:\/\/blog.startups.ch\/fr\/wp-json\/wp\/v2\/media?parent=881"}],"wp:term":[{"taxonomy":"category","embeddable":true,"href":"https:\/\/blog.startups.ch\/fr\/wp-json\/wp\/v2\/categories?post=881"},{"taxonomy":"post_tag","embeddable":true,"href":"https:\/\/blog.startups.ch\/fr\/wp-json\/wp\/v2\/tags?post=881"}],"curies":[{"name":"wp","href":"https:\/\/api.w.org\/{rel}","templated":true}]}}