{"id":8786,"date":"2020-03-31T13:36:34","date_gmt":"2020-03-31T11:36:34","guid":{"rendered":"https:\/\/blog.startups.ch\/fr\/?p=8786"},"modified":"2020-04-01T14:56:06","modified_gmt":"2020-04-01T12:56:06","slug":"mesures-de-lutte-contre-le-coronavirus-assemblees-generales-virtuelles","status":"publish","type":"post","link":"https:\/\/blog.startups.ch\/fr\/2020\/03\/31\/mesures-de-lutte-contre-le-coronavirus-assemblees-generales-virtuelles\/","title":{"rendered":"Mesures de lutte contre le coronavirus : Assembl\u00e9es g\u00e9n\u00e9rales virtuelles"},"content":{"rendered":"<h2>Compte tenu de la situation actuelle, le Conseil f\u00e9d\u00e9ral a introduit dans l&#8217;ordonnance 2 sur les mesures de lutte contre le coronavirus (COVID-19) la possibilit\u00e9 pour les soci\u00e9t\u00e9s anonymes de tenir leur assembl\u00e9e g\u00e9n\u00e9rale de mani\u00e8re virtuelle.<\/h2>\n<p><!--more--><\/p>\n<p><img loading=\"lazy\" decoding=\"async\" class=\"alignnone size-medium wp-image-8787\" src=\"https:\/\/i0.wp.com\/blog.startups.ch\/fr\/wp-content\/uploads\/2020\/03\/damir-kopezhanov-VM1Voswbs0A-unsplash.jpg?resize=1200%2C829&#038;ssl=1\" alt=\"\" width=\"1200\" height=\"829\"  data-recalc-dims=\"1\"><\/p>\n<p>L&#8217;article 6a de l&#8217;<a href=\"https:\/\/www.ge.ch\/document\/ordonnance-2-mesures-destinees-lutter-contre-coronavirus-covid-19\/telecharger\" target=\"_blank\" rel=\"noopener noreferrer\">ordonnance 2 relative aux mesures de lutte contre le coronavirus (COVID-19)<\/a> pr\u00e9cise:<\/p>\n<p><em>L\u2019organisateur d\u2019une assembl\u00e9e de soci\u00e9t\u00e9 peut, quel que soit le nombre pr\u00e9vu de participants et sans respecter le d\u00e9lai de convocation, imposer aux participants d\u2019exercer leurs droits exclusivement:<\/em><\/p>\n<p><em>a) par \u00e9crit ou sous forme \u00e9lectronique, ou<\/em><\/p>\n<p><em>b) par l\u2019interm\u00e9diaire d\u2019un repr\u00e9sentant ind\u00e9pendant d\u00e9sign\u00e9 par l\u2019organisateur.<\/em><\/p>\n<p>Les actionnaires n&#8217;ont pas besoin d&#8217;\u00eatre pr\u00e9sents et le vote peut se faire par voie \u00e9lectronique. Toute convocation \u00e0 une assembl\u00e9e g\u00e9n\u00e9rale dans les conditions susmentionn\u00e9es doit \u00eatre notifi\u00e9e par \u00e9crit ou publi\u00e9e par voie \u00e9lectronique au moins quatre jours avant la date de l&#8217;\u00e9v\u00e9nement.<\/p>\n<p>Article valable jusqu&#8217;au 19.4.2020<\/p>\n<p><a class=\"postButton\" href=\"https:\/\/www.startups.ch\/fr\/services\/creation-entreprise\" target=\"_blank\" rel=\"noopener noreferrer\">\u00bb Se lancer, cr\u00e9er son entreprise<\/a>&nbsp;<a class=\"postButton\" href=\"https:\/\/startups.ch\/fr\/preparer\/business-plan\/qui-besoin\/\" target=\"_blank\" rel=\"noopener noreferrer\">\u00bb R\u00e9diger son Business plan<\/a><\/p>\n","protected":false},"excerpt":{"rendered":"<p>Compte tenu de la situation actuelle, le Conseil f\u00e9d\u00e9ral a introduit dans l&#8217;ordonnance 2 sur les mesures de lutte contre le coronavirus (COVID-19) la possibilit\u00e9 pour les soci\u00e9t\u00e9s anonymes de tenir leur assembl\u00e9e g\u00e9n\u00e9rale de mani\u00e8re virtuelle.<\/p>\n","protected":false},"author":1,"featured_media":0,"comment_status":"open","ping_status":"open","sticky":false,"template":"","format":"standard","meta":{"content-type":"","jetpack_post_was_ever_published":false,"_jetpack_newsletter_access":"","_jetpack_dont_email_post_to_subs":false,"_jetpack_newsletter_tier_id":0,"footnotes":"","jetpack_publicize_message":"","jetpack_publicize_feature_enabled":true,"jetpack_social_post_already_shared":true,"jetpack_social_options":{"image_generator_settings":{"template":"highway","enabled":false}}},"categories":[1],"tags":[],"jetpack_publicize_connections":[],"aioseo_notices":[],"views":789,"jetpack_featured_media_url":"","jetpack_sharing_enabled":true,"jetpack_shortlink":"https:\/\/wp.me\/p7y0qY-2hI","_links":{"self":[{"href":"https:\/\/blog.startups.ch\/fr\/wp-json\/wp\/v2\/posts\/8786"}],"collection":[{"href":"https:\/\/blog.startups.ch\/fr\/wp-json\/wp\/v2\/posts"}],"about":[{"href":"https:\/\/blog.startups.ch\/fr\/wp-json\/wp\/v2\/types\/post"}],"author":[{"embeddable":true,"href":"https:\/\/blog.startups.ch\/fr\/wp-json\/wp\/v2\/users\/1"}],"replies":[{"embeddable":true,"href":"https:\/\/blog.startups.ch\/fr\/wp-json\/wp\/v2\/comments?post=8786"}],"version-history":[{"count":4,"href":"https:\/\/blog.startups.ch\/fr\/wp-json\/wp\/v2\/posts\/8786\/revisions"}],"predecessor-version":[{"id":8791,"href":"https:\/\/blog.startups.ch\/fr\/wp-json\/wp\/v2\/posts\/8786\/revisions\/8791"}],"wp:attachment":[{"href":"https:\/\/blog.startups.ch\/fr\/wp-json\/wp\/v2\/media?parent=8786"}],"wp:term":[{"taxonomy":"category","embeddable":true,"href":"https:\/\/blog.startups.ch\/fr\/wp-json\/wp\/v2\/categories?post=8786"},{"taxonomy":"post_tag","embeddable":true,"href":"https:\/\/blog.startups.ch\/fr\/wp-json\/wp\/v2\/tags?post=8786"}],"curies":[{"name":"wp","href":"https:\/\/api.w.org\/{rel}","templated":true}]}}