{"id":86,"date":"2009-09-26T17:57:20","date_gmt":"2009-09-26T15:57:20","guid":{"rendered":"http:\/\/blog.startups.ch\/fr\/?p=86"},"modified":"2014-06-15T19:59:05","modified_gmt":"2014-06-15T17:59:05","slug":"forme-juridique","status":"publish","type":"post","link":"https:\/\/blog.startups.ch\/fr\/2009\/09\/26\/forme-juridique\/","title":{"rendered":"La forme juridique ad\u00e9quate \u2013 Partenariat \u00e0 deux"},"content":{"rendered":"<h3>Question : je suis cr\u00e9ateur de v\u00eatements et souhaite devenir ind\u00e9pendant. Je me suis pos\u00e9 la question s\u2019il n\u2019\u00e9tait pas plus intelligent de partager un atelier avec un partenaire afin de diviser par deux les co\u00fbts de loyer, des machines professionnelles, etc. Comment imaginez-vous un tel partenariat ? Quelle est la forme juridique la plus adapt\u00e9e?<\/h3>\n<p><!--more--><\/p>\n<p><a href=\"https:\/\/i0.wp.com\/blog.startups.ch\/fr\/wp-content\/uploads\/2014\/03\/Gru\u0308nder-la\u0308chelnd.jpg\"><img loading=\"lazy\" decoding=\"async\" class=\"aligncenter size-full wp-image-3110\" src=\"https:\/\/i0.wp.com\/blog.startups.ch\/fr\/wp-content\/uploads\/2014\/03\/Gru\u0308nder-la\u0308chelnd.jpg?resize=690%2C339\" alt=\"forme juridique\" width=\"690\" height=\"339\" srcset=\"https:\/\/i0.wp.com\/blog.startups.ch\/fr\/wp-content\/uploads\/2014\/03\/Gru\u0308nder-la\u0308chelnd.jpg?w=690&amp;ssl=1 690w, https:\/\/i0.wp.com\/blog.startups.ch\/fr\/wp-content\/uploads\/2014\/03\/Gru\u0308nder-la\u0308chelnd.jpg?resize=300%2C147&amp;ssl=1 300w\" sizes=\"(max-width: 690px) 100vw, 690px\" data-recalc-dims=\"1\" \/><\/a><\/p>\n<p>R\u00e9ponse : Au plus simple, commencez par cr\u00e9er une soci\u00e9t\u00e9 simple. La partenaire cr\u00e9e \u00e9galement une soci\u00e9t\u00e9 simple \u2013 ainsi restez-vous (juridiquement parlant) chacun ind\u00e9pendant. Chacun devra dans ce cas avoir une comptabilit\u00e9 ind\u00e9pendante.<\/p>\n<p>Une autre possibilit\u00e9 serait une soci\u00e9t\u00e9 en nom collectif. Cependant avec une soci\u00e9t\u00e9 en nom collectif vous r\u00e9pondrez \u00e9galement des dettes de votre partenaire. Si vous connaissez votre partenaire depuis assez longtemps et que vous lui faites suffisamment confiance, une soci\u00e9t\u00e9 en nom collectif peut \u00eatre une solution envisageable. Dans ce cas, une seule comptabilit\u00e9 devra \u00eatre tenue.<\/p>\n<p>Si vous d\u00e9tenez au moins CHF 20&#8242; 000, la cr\u00e9ation d\u2019une S\u00e0rl serait \u00e9galement une bonne solution. Vous \u00e9vitez ainsi une responsabilit\u00e9 priv\u00e9e. Dans ce cas, une double comptabilit\u00e9 devra \u00eatre tenue, qu\u2019il faudrait au mieux effectuer avec une fiduciaire.<\/p>\n","protected":false},"excerpt":{"rendered":"<p>Question : je suis cr\u00e9ateur de v\u00eatements et souhaite devenir ind\u00e9pendant. Je me suis pos\u00e9 la question s\u2019il n\u2019\u00e9tait pas plus intelligent de partager un atelier avec un partenaire afin de diviser par deux les co\u00fbts de loyer, des machines professionnelles, etc. Comment imaginez-vous un tel partenariat ? Quelle est la forme juridique la plus [&hellip;]<\/p>\n","protected":false},"author":7,"featured_media":0,"comment_status":"closed","ping_status":"closed","sticky":false,"template":"","format":"standard","meta":{"content-type":"","jetpack_post_was_ever_published":false,"_jetpack_newsletter_access":"","_jetpack_dont_email_post_to_subs":false,"_jetpack_newsletter_tier_id":0,"footnotes":"","jetpack_publicize_message":"","jetpack_publicize_feature_enabled":true,"jetpack_social_post_already_shared":false,"jetpack_social_options":{"image_generator_settings":{"template":"highway","enabled":false}}},"categories":[6,1,5,8],"tags":[17,51,50],"jetpack_publicize_connections":[],"aioseo_notices":[],"views":3309,"jetpack_featured_media_url":"","jetpack_sharing_enabled":true,"jetpack_shortlink":"https:\/\/wp.me\/p7y0qY-1o","_links":{"self":[{"href":"https:\/\/blog.startups.ch\/fr\/wp-json\/wp\/v2\/posts\/86"}],"collection":[{"href":"https:\/\/blog.startups.ch\/fr\/wp-json\/wp\/v2\/posts"}],"about":[{"href":"https:\/\/blog.startups.ch\/fr\/wp-json\/wp\/v2\/types\/post"}],"author":[{"embeddable":true,"href":"https:\/\/blog.startups.ch\/fr\/wp-json\/wp\/v2\/users\/7"}],"replies":[{"embeddable":true,"href":"https:\/\/blog.startups.ch\/fr\/wp-json\/wp\/v2\/comments?post=86"}],"version-history":[{"count":6,"href":"https:\/\/blog.startups.ch\/fr\/wp-json\/wp\/v2\/posts\/86\/revisions"}],"predecessor-version":[{"id":3420,"href":"https:\/\/blog.startups.ch\/fr\/wp-json\/wp\/v2\/posts\/86\/revisions\/3420"}],"wp:attachment":[{"href":"https:\/\/blog.startups.ch\/fr\/wp-json\/wp\/v2\/media?parent=86"}],"wp:term":[{"taxonomy":"category","embeddable":true,"href":"https:\/\/blog.startups.ch\/fr\/wp-json\/wp\/v2\/categories?post=86"},{"taxonomy":"post_tag","embeddable":true,"href":"https:\/\/blog.startups.ch\/fr\/wp-json\/wp\/v2\/tags?post=86"}],"curies":[{"name":"wp","href":"https:\/\/api.w.org\/{rel}","templated":true}]}}