{"id":841,"date":"2012-08-24T11:00:18","date_gmt":"2012-08-24T09:00:18","guid":{"rendered":"http:\/\/blog.startups.ch\/fr\/?p=841"},"modified":"2013-06-25T16:36:56","modified_gmt":"2013-06-25T14:36:56","slug":"changement-de-but-raison-individuelle","status":"publish","type":"post","link":"https:\/\/blog.startups.ch\/fr\/2012\/08\/24\/changement-de-but-raison-individuelle\/","title":{"rendered":"Raison individuelle: erreurs \u00e0 \u00e9viter lors d&#8217;un changement de but"},"content":{"rendered":"<p><a href=\"https:\/\/i0.wp.com\/blog.startups.ch\/fr\/wp-content\/uploads\/2012\/10\/Fotolia_43485418_S.jpg\"><img loading=\"lazy\" decoding=\"async\" class=\"aligncenter size-full wp-image-1188\" alt=\"raison individuelle\" src=\"https:\/\/i0.wp.com\/blog.startups.ch\/fr\/wp-content\/uploads\/2012\/10\/Fotolia_43485418_S.jpg?resize=690%2C291\" width=\"690\" height=\"291\" srcset=\"https:\/\/i0.wp.com\/blog.startups.ch\/fr\/wp-content\/uploads\/2012\/10\/Fotolia_43485418_S.jpg?w=690&amp;ssl=1 690w, https:\/\/i0.wp.com\/blog.startups.ch\/fr\/wp-content\/uploads\/2012\/10\/Fotolia_43485418_S.jpg?resize=300%2C126&amp;ssl=1 300w\" sizes=\"(max-width: 690px) 100vw, 690px\" data-recalc-dims=\"1\" \/><\/a><\/p>\n<p>Lors du changement de but d\u2019une raison individuelle, l\u2019erreur est r\u00e9guli\u00e8rement commise de vouloir mettre le m\u00eame genre de contenu que pour une soci\u00e9t\u00e9 de capitaux (S\u00e0rl \/ SA). Mais cela contrevient \u00e0 la nature juridique d\u2019une raison individuelle. Il n\u2019est pas possible de parler de fusion par exemple dans la nouvelle description du but de l&#8217;entreprise. Toutefois, il est possible de pr\u00e9voir que la soci\u00e9t\u00e9 puisse cr\u00e9er des succursales et acheter des participations.<\/p>\n<p>La notion de \u00ab\u00a0soci\u00e9t\u00e9\u00a0\u00bb est \u00e9galement prohib\u00e9e pour une raison individuelle. Ainsi une formulation \u00ab\u00a0la soci\u00e9t\u00e9 peut\u2026\u00a0\u00bb n\u2019est pas possible.<\/p>\n","protected":false},"excerpt":{"rendered":"<p>Lors du changement de but d\u2019une raison individuelle, l\u2019erreur est r\u00e9guli\u00e8rement commise de vouloir mettre le m\u00eame genre de contenu que pour une soci\u00e9t\u00e9 de capitaux (S\u00e0rl \/ SA). Mais cela contrevient \u00e0 la nature juridique d\u2019une raison individuelle. Il n\u2019est pas possible de parler de fusion par exemple dans la nouvelle description du but [&hellip;]<\/p>\n","protected":false},"author":7,"featured_media":0,"comment_status":"closed","ping_status":"closed","sticky":false,"template":"","format":"standard","meta":{"content-type":"","jetpack_post_was_ever_published":false,"_jetpack_newsletter_access":"","_jetpack_dont_email_post_to_subs":false,"_jetpack_newsletter_tier_id":0,"footnotes":"","jetpack_publicize_message":"","jetpack_publicize_feature_enabled":true,"jetpack_social_post_already_shared":false,"jetpack_social_options":{"image_generator_settings":{"template":"highway","enabled":false}}},"categories":[1,5],"tags":[207,100,405],"jetpack_publicize_connections":[],"aioseo_notices":[],"views":2298,"jetpack_featured_media_url":"","jetpack_sharing_enabled":true,"jetpack_shortlink":"https:\/\/wp.me\/p7y0qY-dz","_links":{"self":[{"href":"https:\/\/blog.startups.ch\/fr\/wp-json\/wp\/v2\/posts\/841"}],"collection":[{"href":"https:\/\/blog.startups.ch\/fr\/wp-json\/wp\/v2\/posts"}],"about":[{"href":"https:\/\/blog.startups.ch\/fr\/wp-json\/wp\/v2\/types\/post"}],"author":[{"embeddable":true,"href":"https:\/\/blog.startups.ch\/fr\/wp-json\/wp\/v2\/users\/7"}],"replies":[{"embeddable":true,"href":"https:\/\/blog.startups.ch\/fr\/wp-json\/wp\/v2\/comments?post=841"}],"version-history":[{"count":5,"href":"https:\/\/blog.startups.ch\/fr\/wp-json\/wp\/v2\/posts\/841\/revisions"}],"predecessor-version":[{"id":1806,"href":"https:\/\/blog.startups.ch\/fr\/wp-json\/wp\/v2\/posts\/841\/revisions\/1806"}],"wp:attachment":[{"href":"https:\/\/blog.startups.ch\/fr\/wp-json\/wp\/v2\/media?parent=841"}],"wp:term":[{"taxonomy":"category","embeddable":true,"href":"https:\/\/blog.startups.ch\/fr\/wp-json\/wp\/v2\/categories?post=841"},{"taxonomy":"post_tag","embeddable":true,"href":"https:\/\/blog.startups.ch\/fr\/wp-json\/wp\/v2\/tags?post=841"}],"curies":[{"name":"wp","href":"https:\/\/api.w.org\/{rel}","templated":true}]}}