{"id":8398,"date":"2020-01-08T10:40:32","date_gmt":"2020-01-08T09:40:32","guid":{"rendered":"https:\/\/blog.startups.ch\/fr\/?p=8398"},"modified":"2020-01-17T10:14:14","modified_gmt":"2020-01-17T09:14:14","slug":"2019-une-annee-record-le-nombre-de-creations-dentreprises-na-jamais-ete-aussi-eleve","status":"publish","type":"post","link":"https:\/\/blog.startups.ch\/fr\/2020\/01\/08\/2019-une-annee-record-le-nombre-de-creations-dentreprises-na-jamais-ete-aussi-eleve\/","title":{"rendered":"2019, une ann\u00e9e record : le nombre de cr\u00e9ations d&#8217;entreprises n&#8217;a jamais \u00e9t\u00e9 aussi \u00e9lev\u00e9"},"content":{"rendered":"<h2>En Suisse, le secteur des start-ups est florissant. Un nombre record de cr\u00e9ations d&#8217;entreprises a \u00e9t\u00e9 enregistr\u00e9. En 2019, le registre du commerce suisse a recens\u00e9 43&#8217;981 nouvelles inscriptions &#8211; un chiffre record. Par rapport \u00e0 l&#8217;ann\u00e9e pr\u00e9c\u00e9dente, ce chiffre repr\u00e9sente une belle augmentation de pr\u00e8s de 3%.<\/h2>\n<p><!--more--><\/p>\n<p><img loading=\"lazy\" decoding=\"async\" class=\"alignnone size-medium wp-image-8399\" src=\"https:\/\/i0.wp.com\/blog.startups.ch\/fr\/wp-content\/uploads\/2020\/01\/rene-torres-lXopka_gxJs-unsplash.jpg?resize=1200%2C800&#038;ssl=1\" alt=\"\" width=\"1200\" height=\"800\" data-recalc-dims=\"1\" \/><\/p>\n<p>L&#8217;une des raisons de cette croissance est la faiblesse persistante des taux d&#8217;int\u00e9r\u00eat ainsi que les pressions exerc\u00e9es sur les investisseurs pour qu&#8217;ils placent leur argent, ce qui profite aux start-ups. Aussi longtemps que les taux d&#8217;int\u00e9r\u00eat resteront bas, il faut s&#8217;attendre \u00e0 ce que ce secteur continue de cro\u00eetre au cours des prochaines ann\u00e9es.<\/p>\n<h3>\u00abWork smart, not hard\u00bb<\/h3>\n<p>La num\u00e9risation est une autre raison \u00e0 cette tendance. Les jeunes entrepreneurs \u00e0 temps partiel, en particulier, se lancent dans la cr\u00e9ation d&#8217;une entreprise parall\u00e8lement \u00e0 leurs \u00e9tudes ou \u00e0 leur emploi principal. Cette tendance s&#8217;observe dans le secteur de l&#8217;artisanat, mais surtout dans le domaine du commerce \u00e9lectronique. La num\u00e9risation du commerce se fait de A \u00e0 Z, l&#8217;effort est donc faible &#8211; selon la devise &#8220;Work smart, not hard&#8221;.<\/p>\n<h3>Croissance dans presque tous les cantons &#8211; Fin de l&#8217;effervescence dans le canton de Zoug<\/h3>\n<p>Le boom des start-ups s&#8217;observe dans toute la Suisse. La r\u00e9gion du Lac L\u00e9man, en particulier, continue \u00e0 attirer les jeunes entrepreneurs. C&#8217;est particuli\u00e8rement vrai pour le canton de Vaud, qui continue \u00e0 b\u00e9n\u00e9ficier d&#8217;un afflux massif de jeunes entrepreneurs \u00e9trangers (4596 nouvelles start-ups, +6%). Zurich, le canton ayant la plus forte \u00e9conomie de Suisse, a enregistr\u00e9 7779 nouvelles cr\u00e9ations d&#8217;entreprises (+2,4%).<\/p>\n<p>La situation est cependant diff\u00e9rente dans le canton de Zoug. Si Zoug &#8211; gr\u00e2ce au crypto-hype &#8211; avait attir\u00e9 dans le pass\u00e9 un grand nombre de jeunes entrepreneurs du monde entier, ce ph\u00e9nom\u00e8ne semble aujourd&#8217;hui termin\u00e9. En 2019, ann\u00e9e record, le canton a enregistr\u00e9 une baisse de 9% par rapport \u00e0 l&#8217;ann\u00e9e pr\u00e9c\u00e9dente de son nombre de cr\u00e9ations d&#8217;entreprises (soit un total de 2322 start-ups).<\/p>\n<p><a class=\"postButton\" href=\"https:\/\/www.startups.ch\/fr\/services\/creation-entreprise\" target=\"_blank\" rel=\"noopener noreferrer\">\u00bb Se lancer, cr\u00e9er son entreprise<\/a>\u00a0<a class=\"postButton\" href=\"https:\/\/www.startups.ch\/fr\/prix\" target=\"_blank\" rel=\"noopener noreferrer\">\u00bb Nos services<\/a><\/p>\n","protected":false},"excerpt":{"rendered":"<p>En Suisse, le secteur des start-ups est florissant. Un nombre record de cr\u00e9ations d&#8217;entreprises a \u00e9t\u00e9 enregistr\u00e9. En 2019, le registre du commerce suisse a recens\u00e9 43&#8217;981 nouvelles inscriptions &#8211; un chiffre record. Par rapport \u00e0 l&#8217;ann\u00e9e pr\u00e9c\u00e9dente, ce chiffre repr\u00e9sente une belle augmentation de pr\u00e8s de 3%.<\/p>\n","protected":false},"author":1,"featured_media":0,"comment_status":"open","ping_status":"open","sticky":false,"template":"","format":"standard","meta":{"content-type":"","jetpack_post_was_ever_published":false,"_jetpack_newsletter_access":"","_jetpack_dont_email_post_to_subs":false,"_jetpack_newsletter_tier_id":0,"footnotes":"","jetpack_publicize_message":"","jetpack_publicize_feature_enabled":true,"jetpack_social_post_already_shared":true,"jetpack_social_options":{"image_generator_settings":{"template":"highway","enabled":false}}},"categories":[228],"tags":[],"jetpack_publicize_connections":[],"aioseo_notices":[],"views":833,"jetpack_featured_media_url":"","jetpack_sharing_enabled":true,"jetpack_shortlink":"https:\/\/wp.me\/p7y0qY-2bs","_links":{"self":[{"href":"https:\/\/blog.startups.ch\/fr\/wp-json\/wp\/v2\/posts\/8398"}],"collection":[{"href":"https:\/\/blog.startups.ch\/fr\/wp-json\/wp\/v2\/posts"}],"about":[{"href":"https:\/\/blog.startups.ch\/fr\/wp-json\/wp\/v2\/types\/post"}],"author":[{"embeddable":true,"href":"https:\/\/blog.startups.ch\/fr\/wp-json\/wp\/v2\/users\/1"}],"replies":[{"embeddable":true,"href":"https:\/\/blog.startups.ch\/fr\/wp-json\/wp\/v2\/comments?post=8398"}],"version-history":[{"count":3,"href":"https:\/\/blog.startups.ch\/fr\/wp-json\/wp\/v2\/posts\/8398\/revisions"}],"predecessor-version":[{"id":8431,"href":"https:\/\/blog.startups.ch\/fr\/wp-json\/wp\/v2\/posts\/8398\/revisions\/8431"}],"wp:attachment":[{"href":"https:\/\/blog.startups.ch\/fr\/wp-json\/wp\/v2\/media?parent=8398"}],"wp:term":[{"taxonomy":"category","embeddable":true,"href":"https:\/\/blog.startups.ch\/fr\/wp-json\/wp\/v2\/categories?post=8398"},{"taxonomy":"post_tag","embeddable":true,"href":"https:\/\/blog.startups.ch\/fr\/wp-json\/wp\/v2\/tags?post=8398"}],"curies":[{"name":"wp","href":"https:\/\/api.w.org\/{rel}","templated":true}]}}