{"id":8240,"date":"2019-10-03T10:45:00","date_gmt":"2019-10-03T08:45:00","guid":{"rendered":"https:\/\/blog.startups.ch\/fr\/?p=8240"},"modified":"2019-10-03T14:08:27","modified_gmt":"2019-10-03T12:08:27","slug":"rapport-sur-les-creations-dentreprises-pour-septembre-2019-le-3eme-trimestre-le-plus-fort-des-7-dernieres-annees","status":"publish","type":"post","link":"https:\/\/blog.startups.ch\/fr\/2019\/10\/03\/rapport-sur-les-creations-dentreprises-pour-septembre-2019-le-3eme-trimestre-le-plus-fort-des-7-dernieres-annees\/","title":{"rendered":"Rapport sur les cr\u00e9ations d\u2019entreprises pour septembre 2019: Le 3\u00e8me trimestre le plus fort des 7 derni\u00e8res ann\u00e9es"},"content":{"rendered":"<h2>Apr\u00e8s un mois d&#8217;ao\u00fbt d\u00e9cevant, les cr\u00e9ations d&#8217;entreprises ont repris de plus belle en septembre. Dans toute la Suisse, 3205 entreprises ont \u00e9t\u00e9 cr\u00e9\u00e9es, ce qui repr\u00e9sente une augmentation de 13,65% par rapport au mois d&#8217;ao\u00fbt. Par rapport \u00e0 l&#8217;ann\u00e9e derni\u00e8re, une augmentation de 3,92% a \u00e9galement \u00e9t\u00e9 enregistr\u00e9e. Le mois de septembre a ainsi contribu\u00e9 \u00e0 faire de ce troisi\u00e8me trimestre le meilleur troisi\u00e8me trimestre des sept derni\u00e8res ann\u00e9es.<\/h2>\n<p><!--more--><\/p>\n<h3><img loading=\"lazy\" decoding=\"async\" class=\"alignnone size-full wp-image-8241\" src=\"https:\/\/i0.wp.com\/blog.startups.ch\/fr\/wp-content\/uploads\/2019\/10\/FR-Sep19-Die-Entwicklung-im-zeitlichen-Verlauf-Handelsregistereintragungen.jpg?resize=747%2C571&#038;ssl=1\" alt=\"\" width=\"747\" height=\"571\" data-recalc-dims=\"1\" \/><\/h3>\n<h3><strong>Le deuxi\u00e8me meilleur mois de septembre des 7 derni\u00e8res ann\u00e9es<\/strong><\/h3>\n<p>L&#8217;examen des donn\u00e9es trimestrielles est particuli\u00e8rement r\u00e9jouissant : Au troisi\u00e8me trimestre de cette ann\u00e9e, 10&#8217;133 start-ups avaient \u00e9t\u00e9 enregistr\u00e9es au registre du commerce suisse, franchissant ainsi pour la premi\u00e8re fois la barre des 10&#8217;000. Jusqu&#8217;\u00e0 pr\u00e9sent, le troisi\u00e8me trimestre de 2017 (9998 entreprises cr\u00e9\u00e9es) avait \u00e9t\u00e9 le troisi\u00e8me trimestre le plus solide des sept derni\u00e8res ann\u00e9es. L&#8217;augmentation par rapport \u00e0 2017 correspond \u00e0 1,35 %.<\/p>\n<h3><strong>Diff\u00e9rences cantonales <\/strong><\/h3>\n<p>Par rapport \u00e0 l&#8217;ann\u00e9e pr\u00e9c\u00e9dente, 14 des 26 cantons ont pu maintenir ou augmenter leurs chiffres au m\u00eame niveau. En termes absolus, le canton de Saint-Gall a enregistr\u00e9 la plus forte croissance avec une augmentation de 40 inscriptions au registre du commerce. En termes relatifs, toutefois, la croissance a \u00e9t\u00e9 plus forte \u00e0 Schaffhouse (+47,83 %) et \u00e0 Nidwald (+33,33 %). Heureusement, les baisses ont \u00e9t\u00e9 plus faibles. Sur les 12 cantons ayant connu une d\u00e9croissance, les cantons de Schwyz (-16,84 %) et de Neuch\u00e2tel (-12, soit -16,84 %) ont \u00e9t\u00e9 les plus touch\u00e9s. En pourcentage, c&#8217;est Uri qui a le plus souffert avec une baisse de 54,55 %.<\/p>\n<p>Sans surprise, la plupart des cantons ont enregistr\u00e9 une forte hausse par rapport au mois d&#8217;ao\u00fbt pr\u00e9c\u00e9dent, avec en t\u00eate les cantons d&#8217;Appenzell Rhodes-Ext\u00e9rieures avec + 188,89 % (+ 17 start-ups), Schaffhouse avec + 88,89 % (+ 16 start-ups) et Appenzell Rhodes-Ext\u00e9rieures avec + 80,00 % (+ 4 start-ups). Dans les cantons g\u00e9n\u00e9ralement plus dynamiques comme Saint-Gall, Fribourg ou Thurgovie, la croissance a \u00e9galement \u00e9t\u00e9 forte avec des croissances respectives de 59,83 % (+70 start-ups), 38,10 % (+32 start-ups) et 21,79 % (+17 start-ups). Seul 4 cantons comptaient plus d&#8217;entreprises fond\u00e9es en ao\u00fbt qu&#8217;en septembre : Soleure (-6 start-ups, soit -7,79 %), Zoug (-5 start-ups, soit -2,66 %), B\u00e2le-Ville (-3 start-ups, soit -3,30 %) et Schwyz (-1 start-ups, soit -1,25 %).<\/p>\n<p><img loading=\"lazy\" decoding=\"async\" class=\"alignnone size-full wp-image-8242\" src=\"https:\/\/i0.wp.com\/blog.startups.ch\/fr\/wp-content\/uploads\/2019\/10\/FR-Sep19-Kantonaler-Vergleich-vs.-Vorjahr.jpg?resize=747%2C1058&#038;ssl=1\" alt=\"\" width=\"747\" height=\"1058\" data-recalc-dims=\"1\" \/><\/p>\n<p><a class=\"postButton\" href=\"https:\/\/www.startups.ch\/fr\/services\/creation-entreprise\" target=\"_blank\" rel=\"noopener noreferrer\">\u00bb Se lancer, cr\u00e9er son entreprise<\/a>\u00a0<a class=\"postButton\" href=\" https:\/\/startups.ch\/fr\/preparer\/business-plan\/qui-besoin\/\" target=\"_blank\" rel=\"noopener noreferrer\">\u00bb R\u00e9diger son Business plan<\/a><\/p>\n","protected":false},"excerpt":{"rendered":"<p>Apr\u00e8s un mois d&#8217;ao\u00fbt d\u00e9cevant, les cr\u00e9ations d&#8217;entreprises ont repris de plus belle en septembre. Dans toute la Suisse, 3205 entreprises ont \u00e9t\u00e9 cr\u00e9\u00e9es, ce qui repr\u00e9sente une augmentation de 13,65% par rapport au mois d&#8217;ao\u00fbt. Par rapport \u00e0 l&#8217;ann\u00e9e derni\u00e8re, une augmentation de 3,92% a \u00e9galement \u00e9t\u00e9 enregistr\u00e9e. Le mois de septembre a ainsi [&hellip;]<\/p>\n","protected":false},"author":1,"featured_media":0,"comment_status":"open","ping_status":"open","sticky":false,"template":"","format":"standard","meta":{"content-type":"","jetpack_post_was_ever_published":false,"_jetpack_newsletter_access":"","_jetpack_dont_email_post_to_subs":false,"_jetpack_newsletter_tier_id":0,"footnotes":"","jetpack_publicize_message":"","jetpack_publicize_feature_enabled":true,"jetpack_social_post_already_shared":true,"jetpack_social_options":{"image_generator_settings":{"template":"highway","enabled":false}}},"categories":[228,1],"tags":[],"jetpack_publicize_connections":[],"aioseo_notices":[],"views":808,"jetpack_featured_media_url":"","jetpack_sharing_enabled":true,"jetpack_shortlink":"https:\/\/wp.me\/p7y0qY-28U","_links":{"self":[{"href":"https:\/\/blog.startups.ch\/fr\/wp-json\/wp\/v2\/posts\/8240"}],"collection":[{"href":"https:\/\/blog.startups.ch\/fr\/wp-json\/wp\/v2\/posts"}],"about":[{"href":"https:\/\/blog.startups.ch\/fr\/wp-json\/wp\/v2\/types\/post"}],"author":[{"embeddable":true,"href":"https:\/\/blog.startups.ch\/fr\/wp-json\/wp\/v2\/users\/1"}],"replies":[{"embeddable":true,"href":"https:\/\/blog.startups.ch\/fr\/wp-json\/wp\/v2\/comments?post=8240"}],"version-history":[{"count":2,"href":"https:\/\/blog.startups.ch\/fr\/wp-json\/wp\/v2\/posts\/8240\/revisions"}],"predecessor-version":[{"id":8244,"href":"https:\/\/blog.startups.ch\/fr\/wp-json\/wp\/v2\/posts\/8240\/revisions\/8244"}],"wp:attachment":[{"href":"https:\/\/blog.startups.ch\/fr\/wp-json\/wp\/v2\/media?parent=8240"}],"wp:term":[{"taxonomy":"category","embeddable":true,"href":"https:\/\/blog.startups.ch\/fr\/wp-json\/wp\/v2\/categories?post=8240"},{"taxonomy":"post_tag","embeddable":true,"href":"https:\/\/blog.startups.ch\/fr\/wp-json\/wp\/v2\/tags?post=8240"}],"curies":[{"name":"wp","href":"https:\/\/api.w.org\/{rel}","templated":true}]}}