{"id":8170,"date":"2019-09-10T11:03:18","date_gmt":"2019-09-10T09:03:18","guid":{"rendered":"https:\/\/blog.startups.ch\/fr\/?p=8170"},"modified":"2019-09-10T15:39:16","modified_gmt":"2019-09-10T13:39:16","slug":"rapport-sur-les-creations-dentreprises-pour-le-mois-daout-2019-aucune-surprise","status":"publish","type":"post","link":"https:\/\/blog.startups.ch\/fr\/2019\/09\/10\/rapport-sur-les-creations-dentreprises-pour-le-mois-daout-2019-aucune-surprise\/","title":{"rendered":"Rapport sur les cr\u00e9ations d\u2019entreprises pour le mois d\u2019ao\u00fbt 2019 : aucune surprise !"},"content":{"rendered":"<h2>Pour les start-ups, le mois d&#8217;ao\u00fbt a toujours \u00e9t\u00e9 une p\u00e9riode creuse. Cette ann\u00e9e ne fit pas exception \u00e0 la r\u00e8gle. En effet, au cours du mois d&#8217;ao\u00fbt 2019, 2820 entreprises ont \u00e9t\u00e9 cr\u00e9\u00e9es dans toute la Suisse, ce qui repr\u00e9sente un recul de 31,35 % par rapport au mois de juillet.<\/h2>\n<p><!--more--><\/p>\n<p><img loading=\"lazy\" decoding=\"async\" class=\"alignnone size-full wp-image-8173\" src=\"https:\/\/i0.wp.com\/blog.startups.ch\/fr\/wp-content\/uploads\/2019\/09\/FR-Aug19-Die-Entwicklung-im-zeitlichen-Verlauf-Handelsregistereintragungen.jpg?resize=747%2C571&#038;ssl=1\" alt=\"\" width=\"747\" height=\"571\"  data-recalc-dims=\"1\"><\/p>\n<h3>Un tiers de cr\u00e9ations en moins qu&#8217;en juillet<\/h3>\n<p>En \u00e9t\u00e9, les \u00e9coliers ne sont pas les seuls \u00e0 partir en vacances&nbsp;; les cr\u00e9ateurs d\u2019entreprises sont \u00e9galement souvent aux abonn\u00e9s absents.<\/p>\n<p>Au cours du mois d\u2019ao\u00fbt 2019, seulement 2820 nouvelles entreprises ont \u00e9t\u00e9 cr\u00e9\u00e9es dans toute la Suisse. La comparaison avec le mois de juillet semble brutale : le nombre de start-ups a diminu\u00e9 de 31,35 %, ce qui correspond \u00e0 1288 start-ups en moins. Par rapport au mois d&#8217;ao\u00fbt de l&#8217;ann\u00e9e pr\u00e9c\u00e9dente, le nombre de start-ups a \u00e9galement diminu\u00e9 de 8,56 % (-264). Malgr\u00e9 ces r\u00e9sultats tr\u00e8s d\u00e9cevants, on peut tout de m\u00eame relativiser la chose. En effet, il faut rappeler que le mois d\u2019ao\u00fbt 2018 fut un des meilleurs jamais enregistr\u00e9s.<\/p>\n<table style=\"height: 385px;\" width=\"403\">\n<tbody>\n<tr>\n<td>1.<\/td>\n<td><\/td>\n<td><\/td>\n<td><\/td>\n<td><\/td>\n<td><\/td>\n<td><\/td>\n<td><\/td>\n<td>Ao\u00fbt 2017<\/td>\n<td><\/td>\n<td><\/td>\n<td><\/td>\n<td>2949<\/td>\n<\/tr>\n<tr>\n<td>2.<\/td>\n<td><\/td>\n<td><\/td>\n<td><\/td>\n<td><\/td>\n<td><\/td>\n<td><\/td>\n<td><\/td>\n<td>Ao\u00fbt 2018<\/td>\n<td><\/td>\n<td><\/td>\n<td><\/td>\n<td>2913<\/td>\n<\/tr>\n<tr>\n<td>3.<\/td>\n<td><\/td>\n<td><\/td>\n<td><\/td>\n<td><\/td>\n<td><\/td>\n<td><\/td>\n<td><\/td>\n<td>Ao\u00fbt 2019<\/td>\n<td><\/td>\n<td><\/td>\n<td><\/td>\n<td>2820<\/td>\n<\/tr>\n<tr>\n<td>4.<\/td>\n<td><\/td>\n<td><\/td>\n<td><\/td>\n<td><\/td>\n<td><\/td>\n<td><\/td>\n<td><\/td>\n<td>Ao\u00fbt 2016<\/td>\n<td><\/td>\n<td><\/td>\n<td><\/td>\n<td>2781<\/td>\n<\/tr>\n<tr>\n<td>5.<\/td>\n<td><\/td>\n<td><\/td>\n<td><\/td>\n<td><\/td>\n<td><\/td>\n<td><\/td>\n<td><\/td>\n<td>Ao\u00fbt 2015<\/td>\n<td><\/td>\n<td><\/td>\n<td><\/td>\n<td>2604<\/td>\n<\/tr>\n<tr>\n<td>6.<\/td>\n<td><\/td>\n<td><\/td>\n<td><\/td>\n<td><\/td>\n<td><\/td>\n<td><\/td>\n<td><\/td>\n<td>Ao\u00fbt 2013<\/td>\n<td><\/td>\n<td><\/td>\n<td><\/td>\n<td>2588<\/td>\n<\/tr>\n<tr>\n<td>7.<\/td>\n<td><\/td>\n<td><\/td>\n<td><\/td>\n<td><\/td>\n<td><\/td>\n<td><\/td>\n<td><\/td>\n<td>Ao\u00fbt 2014<\/td>\n<td><\/td>\n<td><\/td>\n<td><\/td>\n<td>2541<\/td>\n<\/tr>\n<\/tbody>\n<\/table>\n<h3>Diff\u00e9rences cantonales<\/h3>\n<p>Par rapport au mois de juillet pr\u00e9c\u00e9dent, c&#8217;est dans le canton d&#8217;Uri que le recul a \u00e9t\u00e9 le plus marqu\u00e9 : -75,00%, soit -9 start-ups. Toutefois, les cantons ayant normalement de forts taux de cr\u00e9ations d&#8217;entreprises ont \u00e9galement enregistr\u00e9 des pertes importantes&nbsp;: par exemple Saint-Gall et Vaud ont connu un mois d&#8217;ao\u00fbt tr\u00e8s difficile : -53.01 % (-132 start-ups) et -33.88 % (-164 start-ups).<\/p>\n<p>En comparaison avec le mois d&#8217;ao\u00fbt de l&#8217;ann\u00e9e pr\u00e9c\u00e9dente, Uri (-72,73 %, soit -8 start-ups), Zurich (-11,24 %, soit -66 start-ups) et Fribourg (-23,64 %, soit -26 start-ups) ont enregistr\u00e9 les pertes relatives les plus importantes. Heureusement, des chiffres positifs ont \u00e9galement \u00e9t\u00e9 enregistr\u00e9s par rapport \u00e0 l&#8217;ann\u00e9e pr\u00e9c\u00e9dente, par exemple \u00e0 B\u00e2le-Ville et \u00e0 Zoug, o\u00f9 la croissance a \u00e9t\u00e9 respectivement de 22,97 % (+17 start-ups) et 22,88 % (+35 start-ups).<\/p>\n<p><img loading=\"lazy\" decoding=\"async\" class=\"alignnone size-full wp-image-8172\" src=\"https:\/\/i0.wp.com\/blog.startups.ch\/fr\/wp-content\/uploads\/2019\/09\/FR-Aug19-Kantonaler-Vergleich-vs.-Vorjahr.jpg?resize=747%2C1059&#038;ssl=1\" alt=\"\" width=\"747\" height=\"1059\"  data-recalc-dims=\"1\"><\/p>\n<p><a class=\"postButton\" href=\"https:\/\/www.startups.ch\/fr\/services\/creation-entreprise\" target=\"_blank\" rel=\"noopener noreferrer\">\u00bb Se lancer, cr\u00e9er son entreprise<\/a>&nbsp;<a class=\"postButton\" href=\" https:\/\/startups.ch\/fr\/preparer\/business-plan\/qui-besoin\/\" target=\"_blank\" rel=\"noopener noreferrer\">\u00bb R\u00e9diger son Business plan<\/a><\/p>\n","protected":false},"excerpt":{"rendered":"<p>Pour les start-ups, le mois d&#8217;ao\u00fbt a toujours \u00e9t\u00e9 une p\u00e9riode creuse. Cette ann\u00e9e ne fit pas exception \u00e0 la r\u00e8gle. En effet, au cours du mois d&#8217;ao\u00fbt 2019, 2820 entreprises ont \u00e9t\u00e9 cr\u00e9\u00e9es dans toute la Suisse, ce qui repr\u00e9sente un recul de 31,35 % par rapport au mois de juillet.<\/p>\n","protected":false},"author":1,"featured_media":0,"comment_status":"open","ping_status":"open","sticky":false,"template":"","format":"standard","meta":{"content-type":"","jetpack_post_was_ever_published":false,"_jetpack_newsletter_access":"","_jetpack_dont_email_post_to_subs":false,"_jetpack_newsletter_tier_id":0,"footnotes":"","jetpack_publicize_message":"","jetpack_publicize_feature_enabled":true,"jetpack_social_post_already_shared":true,"jetpack_social_options":{"image_generator_settings":{"template":"highway","enabled":false}}},"categories":[1],"tags":[],"jetpack_publicize_connections":[],"aioseo_notices":[],"views":1033,"jetpack_featured_media_url":"","jetpack_sharing_enabled":true,"jetpack_shortlink":"https:\/\/wp.me\/p7y0qY-27M","_links":{"self":[{"href":"https:\/\/blog.startups.ch\/fr\/wp-json\/wp\/v2\/posts\/8170"}],"collection":[{"href":"https:\/\/blog.startups.ch\/fr\/wp-json\/wp\/v2\/posts"}],"about":[{"href":"https:\/\/blog.startups.ch\/fr\/wp-json\/wp\/v2\/types\/post"}],"author":[{"embeddable":true,"href":"https:\/\/blog.startups.ch\/fr\/wp-json\/wp\/v2\/users\/1"}],"replies":[{"embeddable":true,"href":"https:\/\/blog.startups.ch\/fr\/wp-json\/wp\/v2\/comments?post=8170"}],"version-history":[{"count":5,"href":"https:\/\/blog.startups.ch\/fr\/wp-json\/wp\/v2\/posts\/8170\/revisions"}],"predecessor-version":[{"id":8177,"href":"https:\/\/blog.startups.ch\/fr\/wp-json\/wp\/v2\/posts\/8170\/revisions\/8177"}],"wp:attachment":[{"href":"https:\/\/blog.startups.ch\/fr\/wp-json\/wp\/v2\/media?parent=8170"}],"wp:term":[{"taxonomy":"category","embeddable":true,"href":"https:\/\/blog.startups.ch\/fr\/wp-json\/wp\/v2\/categories?post=8170"},{"taxonomy":"post_tag","embeddable":true,"href":"https:\/\/blog.startups.ch\/fr\/wp-json\/wp\/v2\/tags?post=8170"}],"curies":[{"name":"wp","href":"https:\/\/api.w.org\/{rel}","templated":true}]}}