{"id":8012,"date":"2019-08-27T16:21:53","date_gmt":"2019-08-27T14:21:53","guid":{"rendered":"https:\/\/blog.startups.ch\/fr\/?p=8012"},"modified":"2019-08-28T11:31:27","modified_gmt":"2019-08-28T09:31:27","slug":"les-pme-suisses-ne-se-laissent-pas-decourager-par-les-restrictions-commerciales-a-lexportation","status":"publish","type":"post","link":"https:\/\/blog.startups.ch\/fr\/2019\/08\/27\/les-pme-suisses-ne-se-laissent-pas-decourager-par-les-restrictions-commerciales-a-lexportation\/","title":{"rendered":"Les PME Suisses ne se laissent pas d\u00e9courager par les restrictions commerciales \u00e0 l&#8217;exportation"},"content":{"rendered":"<h2>Depuis quelques ann\u00e9es, le protectionnisme n\u2019a cess\u00e9 de gagner en popularit\u00e9 un peu partout dans le monde. Le Credit Suisse a r\u00e9alis\u00e9 une \u00e9tude portant sur les facteurs susceptibles de repr\u00e9senter une entrave aux exportations des PME Suisses.<\/h2>\n<p><!--more--><\/p>\n<p><img loading=\"lazy\" decoding=\"async\" class=\"alignnone size-medium wp-image-8014\" src=\"https:\/\/i0.wp.com\/blog.startups.ch\/fr\/wp-content\/uploads\/2019\/08\/tyler-casey-CkZF0-etxU8-unsplash.jpg?resize=1200%2C675&#038;ssl=1\" alt=\"\" width=\"1200\" height=\"675\" data-recalc-dims=\"1\" \/><\/p>\n<p>La situation \u00e9conomique mondiale n\u2019est pas au beau fixe. En effet, le protectionnisme et le conflit commerciale entre les \u00c9tats-Unis et la Chine font du mal \u00e0 l\u2019\u00e9conomie mondiale et surtout au secteur de l\u2019exportation.<\/p>\n<p>Dans le cadre de son \u00e9tude sur les PME Suisses, le Credit Suisse a interrog\u00e9 pas moins de 560 PME helv\u00e9tiques exportatrices. Cette \u00e9tude a permis de d\u00e9montrer que les barri\u00e8res commerciales et douani\u00e8res constituent un d\u00e9fi de taille mais pas insurmontable pour les petites et moyennes entreprises Suisses.<\/p>\n<h3>D\u00e9fis pour les PME Suisses<\/h3>\n<p>Sur l\u2019ensemble des PME interrog\u00e9es, environ la moiti\u00e9 d\u2019entre elles consid\u00e8rent les droits de douane, les taxes ainsi que les proc\u00e9dures douani\u00e8res non tarifaires comme une potentielle entrave au bon d\u00e9roulement de leurs affaires commerciales (exportations).<\/p>\n<p>N\u00e9anmoins, ces proc\u00e9dures douani\u00e8res tarifaires et non-tarifaires ne repr\u00e9sentent pas le plus grand d\u00e9fi auquel les PME Suisses exportatrices sont confront\u00e9es. En effet, toujours selon le Credit Suisse, le niveau de prix plus \u00e9lev\u00e9 de leur propre offre ainsi que le cours du franc repr\u00e9sentent le plus grand danger pour leurs exportations.<\/p>\n<p>Pour r\u00e9sumer, le lien qui peut exister entre la hausse du protectionnisme et la baisse des exportations pour les PME ne semble pas aussi \u00e9vident qu&#8217;on pourrait le penser.<\/p>\n<p>Le tableau ci-dessous pr\u00e9sente quelques facteurs cit\u00e9s par les PME Suisses au cours de l\u2019enqu\u00eate du Credit Suisse comme \u00e9tant susceptibles de repr\u00e9senter un danger pour leurs exportations.<\/p>\n<p><img loading=\"lazy\" decoding=\"async\" class=\"alignnone size-full wp-image-8013\" src=\"https:\/\/i0.wp.com\/blog.startups.ch\/fr\/wp-content\/uploads\/2019\/08\/herausforderung-im-export-fuer-schweizer-kmu-fr.png?resize=714%2C401&#038;ssl=1\" alt=\"\" width=\"714\" height=\"401\" data-recalc-dims=\"1\" \/><\/p>\n<p><em>Source\u00a0: Enqu\u00eate PME Credit Suisse 2019.<\/em><\/p>\n<p><a class=\"postButton\" href=\"https:\/\/www.credit-suisse.com\/ch\/fr\/unternehmen\/unternehmen-unternehmer\/aktuell\/schweizer-kmu-lassen-sich-im-export-von-handelsschranken-nicht-aufhalten.html\" target=\"_blank\" rel=\"noopener noreferrer\">\u00bb Consulter l&#8217;\u00e9tude en d\u00e9tails<\/a>\u00a0<a class=\"postButton\" href=\" https:\/\/startups.ch\/fr\/preparer\/business-plan\/qui-besoin\/\" target=\"_blank\" rel=\"noopener noreferrer\">\u00bb R\u00e9diger son Business plan<\/a><\/p>\n","protected":false},"excerpt":{"rendered":"<p>Depuis quelques ann\u00e9es, le protectionnisme n\u2019a cess\u00e9 de gagner en popularit\u00e9 un peu partout dans le monde. Le Credit Suisse a r\u00e9alis\u00e9 une \u00e9tude portant sur les facteurs susceptibles de repr\u00e9senter une entrave aux exportations des PME Suisses.<\/p>\n","protected":false},"author":1,"featured_media":0,"comment_status":"open","ping_status":"open","sticky":false,"template":"","format":"standard","meta":{"content-type":"","jetpack_post_was_ever_published":false,"_jetpack_newsletter_access":"","_jetpack_dont_email_post_to_subs":false,"_jetpack_newsletter_tier_id":0,"footnotes":"","jetpack_publicize_message":"","jetpack_publicize_feature_enabled":true,"jetpack_social_post_already_shared":true,"jetpack_social_options":{"image_generator_settings":{"template":"highway","enabled":false}}},"categories":[1],"tags":[],"jetpack_publicize_connections":[],"aioseo_notices":[],"views":930,"jetpack_featured_media_url":"","jetpack_sharing_enabled":true,"jetpack_shortlink":"https:\/\/wp.me\/p7y0qY-25e","_links":{"self":[{"href":"https:\/\/blog.startups.ch\/fr\/wp-json\/wp\/v2\/posts\/8012"}],"collection":[{"href":"https:\/\/blog.startups.ch\/fr\/wp-json\/wp\/v2\/posts"}],"about":[{"href":"https:\/\/blog.startups.ch\/fr\/wp-json\/wp\/v2\/types\/post"}],"author":[{"embeddable":true,"href":"https:\/\/blog.startups.ch\/fr\/wp-json\/wp\/v2\/users\/1"}],"replies":[{"embeddable":true,"href":"https:\/\/blog.startups.ch\/fr\/wp-json\/wp\/v2\/comments?post=8012"}],"version-history":[{"count":3,"href":"https:\/\/blog.startups.ch\/fr\/wp-json\/wp\/v2\/posts\/8012\/revisions"}],"predecessor-version":[{"id":8017,"href":"https:\/\/blog.startups.ch\/fr\/wp-json\/wp\/v2\/posts\/8012\/revisions\/8017"}],"wp:attachment":[{"href":"https:\/\/blog.startups.ch\/fr\/wp-json\/wp\/v2\/media?parent=8012"}],"wp:term":[{"taxonomy":"category","embeddable":true,"href":"https:\/\/blog.startups.ch\/fr\/wp-json\/wp\/v2\/categories?post=8012"},{"taxonomy":"post_tag","embeddable":true,"href":"https:\/\/blog.startups.ch\/fr\/wp-json\/wp\/v2\/tags?post=8012"}],"curies":[{"name":"wp","href":"https:\/\/api.w.org\/{rel}","templated":true}]}}