{"id":7735,"date":"2019-07-08T13:14:54","date_gmt":"2019-07-08T11:14:54","guid":{"rendered":"https:\/\/www.startups.ch\/fr\/blog\/?p=7735"},"modified":"2019-08-27T10:45:59","modified_gmt":"2019-08-27T08:45:59","slug":"voici-les-trois-defis-qui-pesent-actuellement-le-plus-sur-les-cadres-suisses","status":"publish","type":"post","link":"https:\/\/blog.startups.ch\/fr\/2019\/07\/08\/voici-les-trois-defis-qui-pesent-actuellement-le-plus-sur-les-cadres-suisses\/","title":{"rendered":"Voici les trois d\u00e9fis qui p\u00e8sent actuellement le plus sur les cadres suisses"},"content":{"rendered":"<h2>Quelles sont les pr\u00e9occupations les plus inqui\u00e9tantes pour les managers \u00e0 l&#8217;heure actuelle ? Dans le cadre du &#8221; The Conference Board CEO Challenge &#8220;, l&#8217;unit\u00e9 de recherche \u00e9conomique de l&#8217;ETH Zurich a interrog\u00e9 1426 cadres du monde entier sur leurs pr\u00e9occupations. Pour les dirigeants suisses, les menaces qui p\u00e8sent sur le syst\u00e8me commercial mondial, la nouvelle concurrence et la cybers\u00e9curit\u00e9 sont actuellement les plus grands d\u00e9fis.<\/h2>\n<p><!--more--><\/p>\n<p><img loading=\"lazy\" decoding=\"async\" class=\"alignnone size-medium wp-image-7736\" src=\"https:\/\/i0.wp.com\/www.startups.ch\/fr\/blog\/wp-content\/uploads\/2019\/07\/business-businessman-computer-2182969-1200x800.jpg?resize=1200%2C800&#038;ssl=1\" alt=\"\" width=\"1200\" height=\"800\" data-recalc-dims=\"1\" \/><\/p>\n<p>La cybers\u00e9curit\u00e9, la nouvelle concurrence et les menaces qui p\u00e8sent sur le syst\u00e8me commercial mondial sont les principales pr\u00e9occupations des dirigeants suisses. C&#8217;est le r\u00e9sultat de l&#8217;enqu\u00eate internationale &#8220;The Conference Board CEO Challenge&#8221;, \u00e0 laquelle l&#8217;unit\u00e9 de recherche \u00e9conomique de l&#8217;ETH Zurich a \u00e9galement particip\u00e9. Dans le cadre de cette enqu\u00eate, quelque 1400 cadres sup\u00e9rieurs du monde entier &#8211; au niveau &#8221; C &#8221; : CEOs, CFOs, COOs, CDOs, etc. &#8211; ont \u00e9t\u00e9 interrog\u00e9s sur ce qu&#8217;ils consid\u00e8rent comme les plus grands d\u00e9fis actuels. Pour la Suisse, l&#8217;avis de 87 managers a \u00e9t\u00e9 recueilli.<\/p>\n<h3>Les managers \u00e9trangers ont des pr\u00e9occupations diff\u00e9rentes de celles de leurs homologues suisses<\/h3>\n<p>L&#8217;enqu\u00eate montre que les cadres sup\u00e9rieurs \u00e9trangers sont davantage pr\u00e9occup\u00e9s par d&#8217;autres d\u00e9fis. Ils s&#8217;inqui\u00e8tent davantage du risque de r\u00e9cession et de l&#8217;instabilit\u00e9 politique mondiale. Seule la peur des menaces qui p\u00e8sent sur le syst\u00e8me commercial mondial est \u00e0 l&#8217;origine d&#8217;une grande incertitude chez les dirigeants en Suisse et \u00e0 l&#8217;\u00e9tranger.<\/p>\n<p>Les dirigeants suisses sont \u00e9galement plus pr\u00e9occup\u00e9s par les cons\u00e9quences possibles du changement climatique que leurs homologues \u00e9trangers. Ils souhaiteraient \u00e0 l&#8217;avenir accorder plus d&#8217;attention \u00e0 des th\u00e8mes tels que l&#8217;\u00e9conomie circulaire ou le d\u00e9bat sur les questions sociales.<\/p>\n<p>A l&#8217;heure actuelle, les in\u00e9galit\u00e9s de revenus et les dangers du terrorisme suscitent moins d&#8217;inqui\u00e9tude, tant en Suisse qu&#8217;\u00e0 l&#8217;\u00e9tranger. Il n&#8217;est pas surprenant que le Brexit soit plus pr\u00e9occupant pour les cadres europ\u00e9ens que pour leurs coll\u00e8gues en Suisse et dans le reste du monde.<\/p>\n<p><a class=\"postButton\" href=\"https:\/\/www.startups.ch\/fr\/services\/creation-entreprise\" target=\"_blank\" rel=\"noopener noreferrer\">\u00bb Se lancer, cr\u00e9er son entreprise<\/a>\u00a0<a class=\"postButton\" href=\" https:\/\/startups.ch\/fr\/preparer\/business-plan\/qui-besoin\/\" target=\"_blank\" rel=\"noopener noreferrer\">\u00bb R\u00e9diger son Business plan<\/a><\/p>\n","protected":false},"excerpt":{"rendered":"<p>Quelles sont les pr\u00e9occupations les plus inqui\u00e9tantes pour les managers \u00e0 l&#8217;heure actuelle ? Dans le cadre du &#8221; The Conference Board CEO Challenge &#8220;, l&#8217;unit\u00e9 de recherche \u00e9conomique de l&#8217;ETH Zurich a interrog\u00e9 1426 cadres du monde entier sur leurs pr\u00e9occupations. Pour les dirigeants suisses, les menaces qui p\u00e8sent sur le syst\u00e8me commercial mondial, [&hellip;]<\/p>\n","protected":false},"author":1,"featured_media":0,"comment_status":"open","ping_status":"open","sticky":false,"template":"","format":"standard","meta":{"content-type":"","jetpack_post_was_ever_published":false,"_jetpack_newsletter_access":"","_jetpack_dont_email_post_to_subs":false,"_jetpack_newsletter_tier_id":0,"footnotes":"","jetpack_publicize_message":"","jetpack_publicize_feature_enabled":true,"jetpack_social_post_already_shared":true,"jetpack_social_options":{"image_generator_settings":{"template":"highway","enabled":false}}},"categories":[228,1],"tags":[],"jetpack_publicize_connections":[],"aioseo_notices":[],"views":1083,"jetpack_featured_media_url":"","jetpack_sharing_enabled":true,"jetpack_shortlink":"https:\/\/wp.me\/p7y0qY-20L","_links":{"self":[{"href":"https:\/\/blog.startups.ch\/fr\/wp-json\/wp\/v2\/posts\/7735"}],"collection":[{"href":"https:\/\/blog.startups.ch\/fr\/wp-json\/wp\/v2\/posts"}],"about":[{"href":"https:\/\/blog.startups.ch\/fr\/wp-json\/wp\/v2\/types\/post"}],"author":[{"embeddable":true,"href":"https:\/\/blog.startups.ch\/fr\/wp-json\/wp\/v2\/users\/1"}],"replies":[{"embeddable":true,"href":"https:\/\/blog.startups.ch\/fr\/wp-json\/wp\/v2\/comments?post=7735"}],"version-history":[{"count":3,"href":"https:\/\/blog.startups.ch\/fr\/wp-json\/wp\/v2\/posts\/7735\/revisions"}],"predecessor-version":[{"id":7843,"href":"https:\/\/blog.startups.ch\/fr\/wp-json\/wp\/v2\/posts\/7735\/revisions\/7843"}],"wp:attachment":[{"href":"https:\/\/blog.startups.ch\/fr\/wp-json\/wp\/v2\/media?parent=7735"}],"wp:term":[{"taxonomy":"category","embeddable":true,"href":"https:\/\/blog.startups.ch\/fr\/wp-json\/wp\/v2\/categories?post=7735"},{"taxonomy":"post_tag","embeddable":true,"href":"https:\/\/blog.startups.ch\/fr\/wp-json\/wp\/v2\/tags?post=7735"}],"curies":[{"name":"wp","href":"https:\/\/api.w.org\/{rel}","templated":true}]}}