{"id":7732,"date":"2019-07-04T13:12:06","date_gmt":"2019-07-04T11:12:06","guid":{"rendered":"https:\/\/www.startups.ch\/fr\/blog\/?p=7732"},"modified":"2019-08-27T10:46:17","modified_gmt":"2019-08-27T08:46:17","slug":"retrospective-angela-merkel-la-chanceliere-des-start-ups","status":"publish","type":"post","link":"https:\/\/blog.startups.ch\/fr\/2019\/07\/04\/retrospective-angela-merkel-la-chanceliere-des-start-ups\/","title":{"rendered":"R\u00e9trospective : Angela Merkel, la chanceli\u00e8re des start-ups ?"},"content":{"rendered":"<h2>Angela Merkel ne se repr\u00e9sentera pas aux prochaines \u00e9lections f\u00e9d\u00e9rales. Au cours de son mandat, elle a consacr\u00e9 beaucoup d&#8217;\u00e9nergie au domaine de l&#8217;entrepreneuriat et des start-ups en particulier.<\/h2>\n<p><!--more--><\/p>\n<p><img loading=\"lazy\" decoding=\"async\" class=\"alignnone size-full wp-image-7733\" src=\"https:\/\/i0.wp.com\/www.startups.ch\/fr\/blog\/wp-content\/uploads\/2019\/07\/merkel.jpg?resize=750%2C500&#038;ssl=1\" alt=\"\" width=\"750\" height=\"500\" data-recalc-dims=\"1\" \/><\/p>\n<p>Le mandat d&#8217;Angela Merkel en tant que chanceli\u00e8re touche \u00e0 sa fin. Dans ce contexte, il vaut la peine de se pencher sur la mani\u00e8re dont la chanceli\u00e8re allemande s&#8217;est comport\u00e9e durant son mandat et sur l&#8217;\u00e9volution de sa politique \u00e0 l&#8217;\u00e9gard des cr\u00e9ateurs d&#8217;entreprises.<\/p>\n<h3>Chiffres cl\u00e9s mixtes<\/h3>\n<p>Au regard des chiffres cl\u00e9s, l&#8217;\u00e9conomie allemande semble n&#8217;avoir jamais \u00e9t\u00e9 aussi bien lotie que sous Merkel. 45 millions d&#8217;emplois, des recettes fiscales en forte hausse et un ch\u00f4mage en baisse : cela a suffi \u00e0 satisfaire une grande partie des Allemands &#8211; m\u00eame si la plupart des nouveaux emplois sont dans le secteur des bas salaires.<\/p>\n<p>Consciente de l&#8217;importance que rev\u00eatent les start-ups pour son \u00e9conomie, Mme Merkel a tent\u00e9 de se pr\u00e9senter en tant que chanceli\u00e8re des start-ups lors de salons professionnels comme le CeBIT. R\u00e9cemment encore, elle a promis aux entreprises allemandes d&#8217;acc\u00e9l\u00e9rer l&#8217;adoption d&#8217;une l\u00e9gislation favorable aux entreprises<\/p>\n<h3>Les jeunes entreprises ont elles b\u00e9n\u00e9fici\u00e9 de l&#8217;\u00e8re Merkel ?<\/h3>\n<p>En fait, Mme Merkel a laiss\u00e9 beaucoup de choses intactes pendant son mandat : Il n&#8217;y a pas eu de r\u00e9forme fiscale sous son autorit\u00e9, pas plus qu&#8217;il n&#8217;y a eu de r\u00e9forme majeure des syst\u00e8mes de s\u00e9curit\u00e9 sociale. Sous son \u00e9gide, le poste de ministre de l&#8217;\u00c9conomie \u00e9tait presque toujours occup\u00e9 par des politiciens d&#8217;autres partis &#8211; ce n&#8217;est qu&#8217;en 2018 que Peter Altmaier, un politicien de la CDU qui croit en l&#8217;\u00c9tat, y a pris ses fonctions. On pourrait donc soutenir que l&#8217;\u00e9conomie n&#8217;\u00e9tait pas la premi\u00e8re priorit\u00e9 de Mme Merkel en tant que chef du parti. N\u00e9anmoins, elle a mis en avant certains aspects : Dans le contexte de la num\u00e9risation, la loi sur l&#8217;expansion du haut d\u00e9bit a favoris\u00e9 les jeunes entreprises allemandes, qui d\u00e9pendent de plus en plus des connexions Internet rapides. La vitesse moyenne des connexions Internet allemandes est pass\u00e9e de 18,8 Mbit\/s \u00e0 24 Mbit\/s l&#8217;an dernier. Toutefois, l&#8217;objectif de 50 Mbit\/s n&#8217;a pas \u00e9t\u00e9 atteint d&#8217;ici 2018.<\/p>\n<h3>Merkel, la chanceli\u00e8re des start-ups?<\/h3>\n<p>Alors, Merkel \u00e9tait-elle la chanceli\u00e8re des start-ups ? En partie. Lors du sommet \u00e9conomique de Davos d\u00e9but 2018, elle a plaid\u00e9 en faveur d&#8217;un soutien accru aux start-ups europ\u00e9ennes et a soulign\u00e9 que l&#8217;Europe courait le risque de ne pas \u00eatre suffisamment attractive en tant que lieu d&#8217;implantation pour ces jeunes entreprises. Au cours de son mandat de chanceli\u00e8re Mme Merkel n&#8217;a pris ce credo que partiellement au s\u00e9rieux et s&#8217;est davantage tourn\u00e9e vers les entreprises \u00e9tablies. Le bilan &#8220;start-ups&#8221; de Merkel est donc sur ce plan assez mitig\u00e9.<\/p>\n<p><a class=\"postButton\" href=\"https:\/\/www.startups.ch\/fr\/services\/creation-entreprise\" target=\"_blank\" rel=\"noopener noreferrer\">\u00bb Se lancer, cr\u00e9er son entreprise<\/a>\u00a0<a class=\"postButton\" href=\" https:\/\/startups.ch\/fr\/preparer\/business-plan\/qui-besoin\/\" target=\"_blank\" rel=\"noopener noreferrer\">\u00bb R\u00e9diger son Business plan<\/a><\/p>\n","protected":false},"excerpt":{"rendered":"<p>Angela Merkel ne se repr\u00e9sentera pas aux prochaines \u00e9lections f\u00e9d\u00e9rales. Au cours de son mandat, elle a consacr\u00e9 beaucoup d&#8217;\u00e9nergie au domaine de l&#8217;entrepreneuriat et des start-ups en particulier.<\/p>\n","protected":false},"author":1,"featured_media":0,"comment_status":"open","ping_status":"open","sticky":false,"template":"","format":"standard","meta":{"content-type":"","jetpack_post_was_ever_published":false,"_jetpack_newsletter_access":"","_jetpack_dont_email_post_to_subs":false,"_jetpack_newsletter_tier_id":0,"footnotes":"","jetpack_publicize_message":"","jetpack_publicize_feature_enabled":true,"jetpack_social_post_already_shared":true,"jetpack_social_options":{"image_generator_settings":{"template":"highway","enabled":false}}},"categories":[1],"tags":[],"jetpack_publicize_connections":[],"aioseo_notices":[],"views":1004,"jetpack_featured_media_url":"","jetpack_sharing_enabled":true,"jetpack_shortlink":"https:\/\/wp.me\/p7y0qY-20I","_links":{"self":[{"href":"https:\/\/blog.startups.ch\/fr\/wp-json\/wp\/v2\/posts\/7732"}],"collection":[{"href":"https:\/\/blog.startups.ch\/fr\/wp-json\/wp\/v2\/posts"}],"about":[{"href":"https:\/\/blog.startups.ch\/fr\/wp-json\/wp\/v2\/types\/post"}],"author":[{"embeddable":true,"href":"https:\/\/blog.startups.ch\/fr\/wp-json\/wp\/v2\/users\/1"}],"replies":[{"embeddable":true,"href":"https:\/\/blog.startups.ch\/fr\/wp-json\/wp\/v2\/comments?post=7732"}],"version-history":[{"count":3,"href":"https:\/\/blog.startups.ch\/fr\/wp-json\/wp\/v2\/posts\/7732\/revisions"}],"predecessor-version":[{"id":7844,"href":"https:\/\/blog.startups.ch\/fr\/wp-json\/wp\/v2\/posts\/7732\/revisions\/7844"}],"wp:attachment":[{"href":"https:\/\/blog.startups.ch\/fr\/wp-json\/wp\/v2\/media?parent=7732"}],"wp:term":[{"taxonomy":"category","embeddable":true,"href":"https:\/\/blog.startups.ch\/fr\/wp-json\/wp\/v2\/categories?post=7732"},{"taxonomy":"post_tag","embeddable":true,"href":"https:\/\/blog.startups.ch\/fr\/wp-json\/wp\/v2\/tags?post=7732"}],"curies":[{"name":"wp","href":"https:\/\/api.w.org\/{rel}","templated":true}]}}