{"id":7582,"date":"2019-03-28T12:03:41","date_gmt":"2019-03-28T11:03:41","guid":{"rendered":"https:\/\/www.startups.ch\/fr\/blog\/?p=7582"},"modified":"2019-04-04T11:56:31","modified_gmt":"2019-04-04T09:56:31","slug":"personal-swiss-le-salon-dedie-au-management-des-ressources-humaines","status":"publish","type":"post","link":"https:\/\/blog.startups.ch\/fr\/2019\/03\/28\/personal-swiss-le-salon-dedie-au-management-des-ressources-humaines\/","title":{"rendered":"Personal Swiss &#8211; Le salon d\u00e9di\u00e9 au management des ressources humaines"},"content":{"rendered":"<h2><strong>Le 18\u00e8me Personal Swiss ouvrira ses portes \u00e0 Zurich les 2 et 3 avril 2019 : il s&#8217;agit du salon professionnel pour les ressources humaines, les solutions de recrutement, les formations et la sant\u00e9 en entreprise.<\/strong><\/h2>\n<p><!--more--><\/p>\n<h3><a href=\"https:\/\/www.personal-swiss.ch\/\"><img loading=\"lazy\" decoding=\"async\" class=\"alignnone size-medium wp-image-7583\" src=\"https:\/\/i0.wp.com\/www.startups.ch\/fr\/blog\/wp-content\/uploads\/2019\/03\/ps-header-employer-branding-1200x500.jpg?resize=1200%2C500&#038;ssl=1\" alt=\"\" width=\"1200\" height=\"500\"  data-recalc-dims=\"1\"><\/a><\/h3>\n<h3><strong>L&#8217;\u00e9v\u00e9nement majeur dans le secteur RH<\/strong><\/h3>\n<p>Personal Swiss aura lieu pour la 18e fois les 2 et 3 avril 2019. Ce salon, qui a lieu une fois par an \u00e0 Zurich, est devenu l&#8217;\u00e9v\u00e9nement phare du secteur des ressources humaines en Suisse et attire chaque ann\u00e9e plus de 4000 visiteurs. Vous y rencontrerez les principaux acteurs du march\u00e9 ainsi que les produits et services les plus importants pour les ressources humaines. Vous d\u00e9couvrirez les nouvelles tendances, profiterez des connaissances d&#8217;experts et, surtout, profiterez des nombreuses possibilit\u00e9s de networking qui vous sont offertes sur le salon.<\/p>\n<p>L&#8217;offre de ce salon est vari\u00e9e : outre les 282 exposants, un programme vari\u00e9 comprenant plus de 200 participants enrichira l&#8217;\u00e9v\u00e9nement.<\/p>\n<p>Parmi les temps forts, il y a les keynotes : Des conf\u00e9rences donn\u00e9es par des leaders reconnus de l&#8217;industrie des ressources humaines, auxquelles vous pourrez assister gratuitement.<\/p>\n<h3><strong>20% de rabais chez sallis pour les membres de STARTUPS.CH <\/strong><\/h3>\n<p>Notre co-partnaire, sallis \u2013 Bellini Personal AG, sera pr\u00e9sent \u00e0 la Personal Swiss 2019. Sallis est l&#8217;un des principaux fournisseurs de services de paie pour les entreprises et les freelancers et est actif depuis 2003 dans le domaine des start-ups, PME et grandes entreprises.<br \/>\nLes membres de STARTUPS.CH b\u00e9n\u00e9ficient d&#8217;une r\u00e9duction de 20 % sur les frais de traitement pour chaque salari\u00e9 chez sallis &#8211; Bellini Personal AG.<\/p>\n","protected":false},"excerpt":{"rendered":"<p>Le 18\u00e8me Personal Swiss ouvrira ses portes \u00e0 Zurich les 2 et 3 avril 2019 : il s&#8217;agit du salon professionnel pour les ressources humaines, les solutions de recrutement, les formations et la sant\u00e9 en entreprise.<\/p>\n","protected":false},"author":1,"featured_media":0,"comment_status":"open","ping_status":"open","sticky":false,"template":"","format":"standard","meta":{"content-type":"","jetpack_post_was_ever_published":false,"_jetpack_newsletter_access":"","_jetpack_dont_email_post_to_subs":false,"_jetpack_newsletter_tier_id":0,"footnotes":"","jetpack_publicize_message":"","jetpack_publicize_feature_enabled":true,"jetpack_social_post_already_shared":true,"jetpack_social_options":{"image_generator_settings":{"template":"highway","enabled":false}}},"categories":[10,1],"tags":[],"jetpack_publicize_connections":[],"aioseo_notices":[],"views":964,"jetpack_featured_media_url":"","jetpack_sharing_enabled":true,"jetpack_shortlink":"https:\/\/wp.me\/p7y0qY-1Yi","_links":{"self":[{"href":"https:\/\/blog.startups.ch\/fr\/wp-json\/wp\/v2\/posts\/7582"}],"collection":[{"href":"https:\/\/blog.startups.ch\/fr\/wp-json\/wp\/v2\/posts"}],"about":[{"href":"https:\/\/blog.startups.ch\/fr\/wp-json\/wp\/v2\/types\/post"}],"author":[{"embeddable":true,"href":"https:\/\/blog.startups.ch\/fr\/wp-json\/wp\/v2\/users\/1"}],"replies":[{"embeddable":true,"href":"https:\/\/blog.startups.ch\/fr\/wp-json\/wp\/v2\/comments?post=7582"}],"version-history":[{"count":2,"href":"https:\/\/blog.startups.ch\/fr\/wp-json\/wp\/v2\/posts\/7582\/revisions"}],"predecessor-version":[{"id":7593,"href":"https:\/\/blog.startups.ch\/fr\/wp-json\/wp\/v2\/posts\/7582\/revisions\/7593"}],"wp:attachment":[{"href":"https:\/\/blog.startups.ch\/fr\/wp-json\/wp\/v2\/media?parent=7582"}],"wp:term":[{"taxonomy":"category","embeddable":true,"href":"https:\/\/blog.startups.ch\/fr\/wp-json\/wp\/v2\/categories?post=7582"},{"taxonomy":"post_tag","embeddable":true,"href":"https:\/\/blog.startups.ch\/fr\/wp-json\/wp\/v2\/tags?post=7582"}],"curies":[{"name":"wp","href":"https:\/\/api.w.org\/{rel}","templated":true}]}}