{"id":7562,"date":"2019-03-08T12:27:24","date_gmt":"2019-03-08T11:27:24","guid":{"rendered":"https:\/\/www.startups.ch\/fr\/blog\/?p=7562"},"modified":"2019-03-08T12:28:15","modified_gmt":"2019-03-08T11:28:15","slug":"rapport-sur-les-creations-dentreprises-pour-le-mois-de-fevrier-2019-encore-un-record","status":"publish","type":"post","link":"https:\/\/blog.startups.ch\/fr\/2019\/03\/08\/rapport-sur-les-creations-dentreprises-pour-le-mois-de-fevrier-2019-encore-un-record\/","title":{"rendered":"Rapport sur les cr\u00e9ations d\u2019entreprises pour le mois de f\u00e9vrier 2019 : Encore un record"},"content":{"rendered":"<h2>Le nombre de start-ups a continu\u00e9 d&#8217;augmenter en f\u00e9vrier. Il y a eu 3871 nouvelles inscriptions au registre du commerce. Par rapport aux chiffres de f\u00e9vrier de l&#8217;ann\u00e9e pr\u00e9c\u00e9dente, une augmentation de 5,48 % a \u00e9t\u00e9 enregistr\u00e9e dans toute la Suisse, faisant de f\u00e9vrier 2019 le plus fort des sept derni\u00e8res ann\u00e9es.<\/h2>\n<p><!--more--><\/p>\n<h3><img loading=\"lazy\" decoding=\"async\" class=\"alignnone size-full wp-image-7563\" src=\"https:\/\/i0.wp.com\/www.startups.ch\/fr\/blog\/wp-content\/uploads\/2019\/03\/FR-Feb19-Die-Entwicklung-im-zeitlichen-Verlauf-Handelsregistereintragungen.jpg?resize=750%2C568&#038;ssl=1\" alt=\"\" width=\"750\" height=\"568\"  data-recalc-dims=\"1\"><\/h3>\n<h3><strong>Le meilleur mois de f\u00e9vrier des sept derni\u00e8res ann\u00e9es <\/strong><\/h3>\n<p>Le mois de janvier 2019 avait d\u00e9j\u00e0 \u00e9t\u00e9 marqu\u00e9 par une forte augmentation du nombre de cr\u00e9ations d&#8217;entreprises. Il y a un an, avec 3670 cr\u00e9ations d\u2019entreprises, le mois de f\u00e9vrier (2018) avait d\u00e9j\u00e0 \u00e9t\u00e9 un record. Cette ann\u00e9e, l\u2019histoire se r\u00e9p\u00e8te: gr\u00e2ce \u00e0 une augmentation de 5.48% (soit 3871 cr\u00e9ations d\u2019entreprises) par rapport \u00e0 l\u2019ann\u00e9e pass\u00e9e, f\u00e9vrier 2019 est devenu le plus fort mois de f\u00e9vrier des sept derni\u00e8res ann\u00e9es.<\/p>\n<h3><strong>Kantonale Unterschiede<\/strong><\/h3>\n<p>La plupart des cantons peuvent se f\u00e9liciter d&#8217;avoir enregistr\u00e9 des taux de croissance stables par rapport \u00e0 l&#8217;ann\u00e9e pr\u00e9c\u00e9dente. Cependant, certains cantons ont tout de m\u00eame connu de fortes baisses. En termes relatifs, le canton d&#8217;Uri se distingue en particulier avec &#8211; 64,29 % (soit -9 cr\u00e9ations) et celui de Glaris avec &#8211; 31,25 % (-5 cr\u00e9ations) ; ces derniers ne repr\u00e9sentant qu&#8217;une part tr\u00e8s limit\u00e9e des nouvelles cr\u00e9ations, ce chiffre a donc globalement une incidence tr\u00e8s limit\u00e9e. En termes absolus, Gen\u00e8ve (- 9,57 %, soit &#8211; 31 start-ups), Lucerne (- 8,52 %, soit &#8211; 15 start-ups) ont toutefois enregistr\u00e9 les plus fortes pertes. Les cantons de Berne (+ 20,00 %, soit +53 start-ups), Saint-Gall (+ 32,70 %, soit + 52 start-ups), Thurgovie (+ 42,86 %, soit + 36 start-ups) et Vaud (+ 9,50 %, soit + 36 start-ups) ont connu les plus fortes augmentations.<\/p>\n<p>Par rapport au mois pr\u00e9c\u00e9dent, d\u00e9j\u00e0 tr\u00e8s fort, la moiti\u00e9 des cantons ont enregistr\u00e9 une croissance. C&#8217;est de nouveau en Thurgovie que l&#8217;on a enregistr\u00e9 la plus forte croissance en pourcentage, avec 42,86 %. Viennent ensuite Appenzell Rhodes-Ext\u00e9rieures (+31,82 %), B\u00e2le-Ville (+31,25 %) et Zoug (+17,75 %). Le canton de Glaris a enregistr\u00e9 la plus forte baisse en pourcentage avec respectivement -45,00 % (soit seulement -9 start-ups).<\/p>\n<h3><img loading=\"lazy\" decoding=\"async\" class=\"alignnone size-medium wp-image-7564\" src=\"https:\/\/i0.wp.com\/www.startups.ch\/fr\/blog\/wp-content\/uploads\/2019\/03\/FR-Feb19-Kantonaler-Vergleich-vs.-Vorjahr.jpg?resize=749%2C1053&#038;ssl=1\" alt=\"\" width=\"749\" height=\"1053\"  data-recalc-dims=\"1\"><\/h3>\n","protected":false},"excerpt":{"rendered":"<p>Le nombre de start-ups a continu\u00e9 d&#8217;augmenter en f\u00e9vrier. Il y a eu 3871 nouvelles inscriptions au registre du commerce. Par rapport aux chiffres de f\u00e9vrier de l&#8217;ann\u00e9e pr\u00e9c\u00e9dente, une augmentation de 5,48 % a \u00e9t\u00e9 enregistr\u00e9e dans toute la Suisse, faisant de f\u00e9vrier 2019 le plus fort des sept derni\u00e8res ann\u00e9es.<\/p>\n","protected":false},"author":1,"featured_media":0,"comment_status":"open","ping_status":"open","sticky":false,"template":"","format":"standard","meta":{"content-type":"","jetpack_post_was_ever_published":false,"_jetpack_newsletter_access":"","_jetpack_dont_email_post_to_subs":false,"_jetpack_newsletter_tier_id":0,"footnotes":"","jetpack_publicize_message":"","jetpack_publicize_feature_enabled":true,"jetpack_social_post_already_shared":true,"jetpack_social_options":{"image_generator_settings":{"template":"highway","enabled":false}}},"categories":[1],"tags":[],"jetpack_publicize_connections":[],"aioseo_notices":[],"views":1929,"jetpack_featured_media_url":"","jetpack_sharing_enabled":true,"jetpack_shortlink":"https:\/\/wp.me\/p7y0qY-1XY","_links":{"self":[{"href":"https:\/\/blog.startups.ch\/fr\/wp-json\/wp\/v2\/posts\/7562"}],"collection":[{"href":"https:\/\/blog.startups.ch\/fr\/wp-json\/wp\/v2\/posts"}],"about":[{"href":"https:\/\/blog.startups.ch\/fr\/wp-json\/wp\/v2\/types\/post"}],"author":[{"embeddable":true,"href":"https:\/\/blog.startups.ch\/fr\/wp-json\/wp\/v2\/users\/1"}],"replies":[{"embeddable":true,"href":"https:\/\/blog.startups.ch\/fr\/wp-json\/wp\/v2\/comments?post=7562"}],"version-history":[{"count":2,"href":"https:\/\/blog.startups.ch\/fr\/wp-json\/wp\/v2\/posts\/7562\/revisions"}],"predecessor-version":[{"id":7566,"href":"https:\/\/blog.startups.ch\/fr\/wp-json\/wp\/v2\/posts\/7562\/revisions\/7566"}],"wp:attachment":[{"href":"https:\/\/blog.startups.ch\/fr\/wp-json\/wp\/v2\/media?parent=7562"}],"wp:term":[{"taxonomy":"category","embeddable":true,"href":"https:\/\/blog.startups.ch\/fr\/wp-json\/wp\/v2\/categories?post=7562"},{"taxonomy":"post_tag","embeddable":true,"href":"https:\/\/blog.startups.ch\/fr\/wp-json\/wp\/v2\/tags?post=7562"}],"curies":[{"name":"wp","href":"https:\/\/api.w.org\/{rel}","templated":true}]}}