{"id":7231,"date":"2018-12-26T13:15:53","date_gmt":"2018-12-26T12:15:53","guid":{"rendered":"https:\/\/www.startups.ch\/fr\/blog\/?p=7231"},"modified":"2020-04-22T12:33:21","modified_gmt":"2020-04-22T10:33:21","slug":"7231","status":"publish","type":"post","link":"https:\/\/blog.startups.ch\/fr\/2018\/12\/26\/7231\/","title":{"rendered":"L\u00e9g\u00e8re baisse de la charge fiscale dans les cantons et les communes"},"content":{"rendered":"<h2><strong>Par rapport \u00e0 l&#8217;ann\u00e9e derni\u00e8re, la charge fiscale a diminu\u00e9 dans environ la moiti\u00e9 des cantons. 24,9 % du potentiel des ressources est exploit\u00e9 en moyenne par les cantons et les communes en Suisse. Cependant, les diff\u00e9rences cantonales n&#8217;ont gu\u00e8re chang\u00e9. L&#8217;indice d&#8217;utilisation des imp\u00f4ts del&#8217;Administration f\u00e9d\u00e9rale des finances (AFF), qui indique dans quelle mesure les contribuables sont soumis en moyenne aux imp\u00f4ts cantonaux et communaux, en t\u00e9moigne.<\/strong><\/h2>\n<p><!--more--><img loading=\"lazy\" decoding=\"async\" class=\"alignnone size-full wp-image-7233\" src=\"https:\/\/i0.wp.com\/www.startups.ch\/fr\/blog\/wp-content\/uploads\/2018\/12\/eric-jan-van-dorp-187497-unsplash-690x518.jpg?resize=690%2C518&#038;ssl=1\" alt=\"\" width=\"690\" height=\"518\" data-recalc-dims=\"1\" \/><\/p>\n<h3>La charge fiscale a diminu\u00e9 de 0,3% en moyenne en Suisse<\/h3>\n<p>24,9 % du potentiel des ressources a \u00e9t\u00e9 exploit\u00e9 en moyenne par les cantons et les communes suisses. Le potentiel des ressources refl\u00e8te le potentiel \u00e9conomique des contribuables et donc la puissance \u00e9conomique des cantons. Il est calcul\u00e9 par la somme des charges fiscales cantonales et communales divis\u00e9e par le potentiel total des ressources de la Suisse. Par rapport \u00e0 l&#8217;ann\u00e9e pr\u00e9c\u00e9dente (25,2 %), l&#8217;exploitation a l\u00e9g\u00e8rement diminu\u00e9.Elle a diminu\u00e9 dans 14 des 26 cantons, surtout \u00e0 Appenzell Rhodes-Int\u00e9rieures et \u00e0 Berne. Dans les 12 autres cantons, la charge fiscale a augment\u00e9 et ce sont Schwyz, Appenzell Rhodes-Ext\u00e9rieures, Saint-Gall, Schaffhouse et Nidwald qui ont enregistr\u00e9 les plus fortes augmentations.<\/p>\n<p>La r\u00e9partition entre les cantons n&#8217;a gu\u00e8re chang\u00e9. Les cantons de Schwyz, Zoug et Nidwald ont encore les taux d&#8217;imposition les plus bas de Suisse. A l&#8217;autre extr\u00e9mit\u00e9 du classement se trouvent les cantons deSuisse romande avec, en derni\u00e8re position, Gen\u00e8ve, le canton le plus lourdement tax\u00e9.<\/p>\n<h3>Qu&#8217;est-ce que l&#8217;indice d&#8217;exploitation des imp\u00f4ts ?<\/h3>\n<p>Depuis 2009, l&#8217;indice publi\u00e9 \u00e0 titre d&#8217;indicateur de la charge fiscale globale d&#8217;un canton montre la charge fiscale totale des contribuables dans les cantons et les communes. Cependant, cet indice ne permet pas de tirer des conclusions sur les tarifs et les taux d&#8217;imposition. L&#8217;Administration f\u00e9d\u00e9rale des finances fonde ses calculs sur les chiffres de la p\u00e9r\u00e9quation fiscale et de la statistique financi\u00e8re.<\/p>\n<p><strong>D\u00e9claration d\u2019imp\u00f4ts priv\u00e9e \u2013 un jeu d\u2019enfant gr\u00e2ce \u00e0 taxea !<\/strong><\/p>\n<p>Gr\u00e2ce \u00e0 notre application <a href=\"https:\/\/www.taxea.ch\/fr\/home\">taxea<\/a>, vous pouvez pr\u00e9parer votre d\u00e9claration d\u2019imp\u00f4ts en toute facilit\u00e9.<\/p>\n<p>Rendez-vous sur <a href=\"https:\/\/www.taxea.ch\/fr\/home\">taxea<\/a> et laissez-vous convaincre par notre service fiscal innovant ! Nous vous garantissons un maximum de d\u00e9ductions et un minimum de charges fiscales.<\/p>\n<p><a class=\"postButton\" href=\"https:\/\/www.startups.ch\/fr\/services\/creation-entreprise\" target=\"_blank\" rel=\"noopener noreferrer\">\u00bb Se lancer, cr\u00e9er son entreprise<\/a>\u00a0<a class=\"postButton\" href=\"https:\/\/www.taxea.ch\/fr\/home\" target=\"_blank\" rel=\"noopener noreferrer\">\u00bb taxea<\/a><\/p>\n","protected":false},"excerpt":{"rendered":"<p>Par rapport \u00e0 l&#8217;ann\u00e9e derni\u00e8re, la charge fiscale a diminu\u00e9 dans environ la moiti\u00e9 des cantons. 24,9 % du potentiel des ressources est exploit\u00e9 en moyenne par les cantons et les communes en Suisse. Cependant, les diff\u00e9rences cantonales n&#8217;ont gu\u00e8re chang\u00e9. L&#8217;indice d&#8217;utilisation des imp\u00f4ts del&#8217;Administration f\u00e9d\u00e9rale des finances (AFF), qui indique dans quelle mesure [&hellip;]<\/p>\n","protected":false},"author":1,"featured_media":0,"comment_status":"open","ping_status":"open","sticky":false,"template":"","format":"standard","meta":{"content-type":"","jetpack_post_was_ever_published":false,"_jetpack_newsletter_access":"","_jetpack_dont_email_post_to_subs":false,"_jetpack_newsletter_tier_id":0,"footnotes":"","jetpack_publicize_message":"","jetpack_publicize_feature_enabled":true,"jetpack_social_post_already_shared":true,"jetpack_social_options":{"image_generator_settings":{"template":"highway","enabled":false}}},"categories":[247,12],"tags":[],"jetpack_publicize_connections":[],"aioseo_notices":[],"views":1129,"jetpack_featured_media_url":"","jetpack_sharing_enabled":true,"jetpack_shortlink":"https:\/\/wp.me\/s7y0qY-7231","_links":{"self":[{"href":"https:\/\/blog.startups.ch\/fr\/wp-json\/wp\/v2\/posts\/7231"}],"collection":[{"href":"https:\/\/blog.startups.ch\/fr\/wp-json\/wp\/v2\/posts"}],"about":[{"href":"https:\/\/blog.startups.ch\/fr\/wp-json\/wp\/v2\/types\/post"}],"author":[{"embeddable":true,"href":"https:\/\/blog.startups.ch\/fr\/wp-json\/wp\/v2\/users\/1"}],"replies":[{"embeddable":true,"href":"https:\/\/blog.startups.ch\/fr\/wp-json\/wp\/v2\/comments?post=7231"}],"version-history":[{"count":6,"href":"https:\/\/blog.startups.ch\/fr\/wp-json\/wp\/v2\/posts\/7231\/revisions"}],"predecessor-version":[{"id":8858,"href":"https:\/\/blog.startups.ch\/fr\/wp-json\/wp\/v2\/posts\/7231\/revisions\/8858"}],"wp:attachment":[{"href":"https:\/\/blog.startups.ch\/fr\/wp-json\/wp\/v2\/media?parent=7231"}],"wp:term":[{"taxonomy":"category","embeddable":true,"href":"https:\/\/blog.startups.ch\/fr\/wp-json\/wp\/v2\/categories?post=7231"},{"taxonomy":"post_tag","embeddable":true,"href":"https:\/\/blog.startups.ch\/fr\/wp-json\/wp\/v2\/tags?post=7231"}],"curies":[{"name":"wp","href":"https:\/\/api.w.org\/{rel}","templated":true}]}}