{"id":7130,"date":"2018-11-19T12:28:12","date_gmt":"2018-11-19T11:28:12","guid":{"rendered":"https:\/\/www.startups.ch\/fr\/blog\/?p=7130"},"modified":"2020-04-22T12:33:55","modified_gmt":"2020-04-22T10:33:55","slug":"cumul-deductions-chemin-travail","status":"publish","type":"post","link":"https:\/\/blog.startups.ch\/fr\/2018\/11\/19\/cumul-deductions-chemin-travail\/","title":{"rendered":"Cumul des d\u00e9ductions pour le chemin du travail"},"content":{"rendered":"<h2>Les frais de d\u00e9placement entre le domicile et le lieu de travail sont des frais professionnels d\u00e9ductibles d&#8217;imp\u00f4t pour les salari\u00e9s. Pour \u00eatre d\u00e9ductible, le trajet aller-retour au travail n&#8217;a pas besoin d&#8217;\u00eatre couvert par un seul moyen de transport. Selon le Tribunal f\u00e9d\u00e9ral, par exemple, les frais de v\u00e9lo et les frais de transports publics peuvent \u00eatre d\u00e9duits de mani\u00e8re cumulative.<\/h2>\n<p><!--more--><\/p>\n<p><img loading=\"lazy\" decoding=\"async\" class=\"alignnone size-medium wp-image-7131\" src=\"https:\/\/i0.wp.com\/www.startups.ch\/fr\/blog\/wp-content\/uploads\/2018\/11\/viktor-kern-65943-unsplash-1200x675.jpg?resize=1200%2C675&#038;ssl=1\" alt=\"\" width=\"1200\" height=\"675\" data-recalc-dims=\"1\" \/><\/p>\n<p>Les travailleurs salari\u00e9s ont la possibilit\u00e9 de d\u00e9duire leurs frais professionnels de leur revenu imposable. Il s&#8217;agit de d\u00e9penses qui sont directement n\u00e9cessaires pour g\u00e9n\u00e9rer un revenu et qui sont support\u00e9es par l&#8217;employ\u00e9 lui-m\u00eame. Il s&#8217;agit par exemple des frais de d\u00e9placement entre le domicile et le lieu de travail, des frais suppl\u00e9mentaires dus aux repas \u00e0 l&#8217;ext\u00e9rieur du domicile et, dans certains cantons, des frais d&#8217;h\u00e9bergement.<\/p>\n<p>Le 21 septembre 2017, le Tribunal f\u00e9d\u00e9ral a statu\u00e9 dans l&#8217;affaire 2C_745\/2017 si les frais de v\u00e9lo et de train devaient \u00eatre d\u00e9ductibles en tant que frais professionnels de mani\u00e8re cumulative. Un contribuable du canton de Zurich utilisait sa bicyclette pendant 8 minutes pour se rendre quotidiennement \u00e0 la gare lors de son trajet entre son domicile et son lieu de travail. Une fois \u00e0 la gare, il faisait 26 minutes en S-Bahn pour rejoindre finalement son lieu de travail. S&#8217;il utilisait l&#8217;autobus au lieu de la bicyclette pour le premier trajet, il aurait besoin de 16 minutes au lieu de 8 minutes. Dans sa d\u00e9claration d&#8217;imp\u00f4ts, il a d\u00e9duit de ses frais professionnels son abonnement aux transports publics et une somme forfaitaire de 700 Fr. pour son v\u00e9lo. Le fisc de la commune n&#8217;a pas accept\u00e9 de d\u00e9duire les frais d&#8217;utilisation de la bicyclette. Le contribuable fit tout de suite opposition. Malheureusement, son opposition fut rejet\u00e9e par l&#8217;administration fiscale du canton de Zurich, et l&#8217;affaire fut port\u00e9e devant le tribunal administratif du canton de Zurich, qui se pronon\u00e7a en la faveur du contribuable. L&#8217;administration fiscale Zurichoise a ensuite port\u00e9 le litige devant le Tribunal f\u00e9d\u00e9ral, o\u00f9 elle a demand\u00e9 l&#8217;annulation de la d\u00e9cision du tribunal administratif.<\/p>\n<p>Le Tribunal f\u00e9d\u00e9ral s&#8217;est r\u00e9f\u00e9r\u00e9 \u00e0 l&#8217;art. 26 al. 1 let. a LIFD, selon lequel les frais n\u00e9cessaires pour les d\u00e9placements entre le domicile et le lieu de travail peuvent \u00eatre d\u00e9duits. La loi laisse ouverte la mani\u00e8re dont le parcours professionnel est couvert. Bien que les transports publics sont privil\u00e9gi\u00e9s pour ces d\u00e9ductions, si aucun moyen de transport public n&#8217;est disponible ou si leur utilisation est objectivement d\u00e9raisonnable, les frais pour un v\u00e9hicule particulier peuvent \u00eatre d\u00e9duits forfaitairement selon l&#8217;art. 3 OFrP. Dans le cas pr\u00e9sent, le contribuable a fait le choix d&#8217;une gestion \u00e0 la fois \u00e9conomique et \u00e9cologique de son itin\u00e9raire. En \u00e9vitant l&#8217;autobus, il a contribu\u00e9 \u00e0 ce que les transports publics n&#8217;aient pas \u00e0 \u00eatre d\u00e9velopp\u00e9s encore plus aux heures de pointe. Le Tribunal f\u00e9d\u00e9ral a par cons\u00e9quent rejet\u00e9 la plainte de l&#8217;administration fiscale et a donc confirm\u00e9 la possibilit\u00e9 d&#8217;une d\u00e9duction cumulative des frais de v\u00e9lo et de transports publics.<\/p>\n<p><strong>D\u00e9claration d\u2019imp\u00f4ts priv\u00e9e \u2013 un jeu d\u2019enfant gr\u00e2ce \u00e0 taxea !<\/strong><\/p>\n<p>Gr\u00e2ce \u00e0 notre application <a href=\"https:\/\/www.taxea.ch\/fr\/home\">taxea<\/a>, vous pouvez pr\u00e9parer votre d\u00e9claration d\u2019imp\u00f4ts en toute facilit\u00e9.<\/p>\n<p>Rendez-vous sur <a href=\"https:\/\/www.taxea.ch\/fr\/home\">taxea<\/a> et laissez-vous convaincre par notre service fiscal innovant ! Nous vous garantissons un maximum de d\u00e9ductions et un minimum de charges fiscales.<\/p>\n<p><a class=\"postButton\" href=\"https:\/\/www.startups.ch\/fr\/services\/creation-entreprise\" target=\"_blank\" rel=\"noopener noreferrer\">\u00bb Se lancer, cr\u00e9er son entreprise<\/a>\u00a0<a class=\"postButton\" href=\"https:\/\/www.taxea.ch\/fr\/home\" target=\"_blank\" rel=\"noopener noreferrer\">\u00bb taxea<\/a><\/p>\n","protected":false},"excerpt":{"rendered":"<p>Les frais de d\u00e9placement entre le domicile et le lieu de travail sont des frais professionnels d\u00e9ductibles d&#8217;imp\u00f4t pour les salari\u00e9s. Pour \u00eatre d\u00e9ductible, le trajet aller-retour au travail n&#8217;a pas besoin d&#8217;\u00eatre couvert par un seul moyen de transport. Selon le Tribunal f\u00e9d\u00e9ral, par exemple, les frais de v\u00e9lo et les frais de transports [&hellip;]<\/p>\n","protected":false},"author":1,"featured_media":0,"comment_status":"open","ping_status":"open","sticky":false,"template":"","format":"standard","meta":{"content-type":"","jetpack_post_was_ever_published":false,"_jetpack_newsletter_access":"","_jetpack_dont_email_post_to_subs":false,"_jetpack_newsletter_tier_id":0,"footnotes":"","jetpack_publicize_message":"","jetpack_publicize_feature_enabled":true,"jetpack_social_post_already_shared":true,"jetpack_social_options":{"image_generator_settings":{"template":"highway","enabled":false}}},"categories":[1],"tags":[],"jetpack_publicize_connections":[],"aioseo_notices":[],"views":2129,"jetpack_featured_media_url":"","jetpack_sharing_enabled":true,"jetpack_shortlink":"https:\/\/wp.me\/p7y0qY-1R0","_links":{"self":[{"href":"https:\/\/blog.startups.ch\/fr\/wp-json\/wp\/v2\/posts\/7130"}],"collection":[{"href":"https:\/\/blog.startups.ch\/fr\/wp-json\/wp\/v2\/posts"}],"about":[{"href":"https:\/\/blog.startups.ch\/fr\/wp-json\/wp\/v2\/types\/post"}],"author":[{"embeddable":true,"href":"https:\/\/blog.startups.ch\/fr\/wp-json\/wp\/v2\/users\/1"}],"replies":[{"embeddable":true,"href":"https:\/\/blog.startups.ch\/fr\/wp-json\/wp\/v2\/comments?post=7130"}],"version-history":[{"count":4,"href":"https:\/\/blog.startups.ch\/fr\/wp-json\/wp\/v2\/posts\/7130\/revisions"}],"predecessor-version":[{"id":8860,"href":"https:\/\/blog.startups.ch\/fr\/wp-json\/wp\/v2\/posts\/7130\/revisions\/8860"}],"wp:attachment":[{"href":"https:\/\/blog.startups.ch\/fr\/wp-json\/wp\/v2\/media?parent=7130"}],"wp:term":[{"taxonomy":"category","embeddable":true,"href":"https:\/\/blog.startups.ch\/fr\/wp-json\/wp\/v2\/categories?post=7130"},{"taxonomy":"post_tag","embeddable":true,"href":"https:\/\/blog.startups.ch\/fr\/wp-json\/wp\/v2\/tags?post=7130"}],"curies":[{"name":"wp","href":"https:\/\/api.w.org\/{rel}","templated":true}]}}