{"id":7088,"date":"2018-11-01T18:12:02","date_gmt":"2018-11-01T17:12:02","guid":{"rendered":"https:\/\/www.startups.ch\/fr\/blog\/?p=7088"},"modified":"2020-04-22T12:38:11","modified_gmt":"2020-04-22T10:38:11","slug":"vers-suppression-de-taxation-de-valeur-locative","status":"publish","type":"post","link":"https:\/\/blog.startups.ch\/fr\/2018\/11\/01\/vers-suppression-de-taxation-de-valeur-locative\/","title":{"rendered":"Vers une suppression de la taxation de la valeur locative"},"content":{"rendered":"<h2>Les personnes qui vivent dans leur propre appartement ou maison paient une taxe sur la valeur locative imput\u00e9e comme revenu imposable. Cette taxe correspond au loyer que rapporterait le bien immobilier si celui-ci \u00e9tait lou\u00e9. La hauteur de l&#8217;imp\u00f4t est d\u00e9termin\u00e9e par les cantons, mais elle d\u00e9pend de la surface utilisable et de l&#8217;emplacement. Toutefois, l&#8217;imp\u00f4t sur la valeur locative et la d\u00e9duction pour l&#8217;entretien des biens immobiliers pourraient bient\u00f4t appartenir au pass\u00e9.<\/h2>\n<p><!--more--><\/p>\n<h3><img loading=\"lazy\" decoding=\"async\" class=\"alignnone size-medium wp-image-7089\" src=\"https:\/\/i0.wp.com\/www.startups.ch\/fr\/blog\/wp-content\/uploads\/2018\/10\/brian-babb-256298-unsplash-1200x801.jpg?resize=1200%2C801&#038;ssl=1\" alt=\"\" width=\"1200\" height=\"801\" data-recalc-dims=\"1\" \/><\/h3>\n<h3>Qu\u2019est-ce que la taxe sur la valeur locative\u00a0?<\/h3>\n<p>En Suisse, les propri\u00e9taires de biens immobiliers doivent s\u2019acquitter de l\u2019imp\u00f4t sur la valeur locative. Il s\u2019agit l\u00e0 de la valeur correspondant au revenu que le propri\u00e9taire pourrait tirer du loyer s\u2019il louait le bien \u00e0 un tiers. Cette valeur locative est donc trait\u00e9e comme un revenu fictif dans la d\u00e9claration d\u2019imp\u00f4t. Cette augmentation du revenu imposable est cependant compens\u00e9e par les int\u00e9r\u00eats sur la dette et les frais d&#8217;entretien, qui peuvent \u00eatre d\u00e9duits du revenu. Le montant de la taxe sur la valeur locative est d\u00e9termin\u00e9 par les cantons, mais est influenc\u00e9 par la taille et l&#8217;emplacement de l&#8217;appartement ou de la maison. Le prix des loyers pratiqu\u00e9 sur place exerce \u00e9galement une influence sur le montant de l\u2019imp\u00f4t. N\u00e9anmoins, dans la pratique, la valeur locative est souvent inf\u00e9rieure au loyer qui devrait \u00eatre r\u00e9ellement pay\u00e9 pour le bien immobilier en question.<\/p>\n<h3>Vers une suppression de la taxe sur la valeur locative<\/h3>\n<p>Comme mentionn\u00e9 ci-dessus, il se pourrait bien que la taxe sur la valeur locative disparaisse. La Commission de l\u2019\u00e9conomie du Conseils des Etats a approuv\u00e9 une initiative parlementaire pr\u00e9voyant la suppression de cet imp\u00f4t. Ce changement ne toucherait que les r\u00e9sidences principales et non les r\u00e9sidences secondaires. La Commission des Etats souhaite par ailleurs que les frais d\u2019entretien ne puissent plus \u00eatre d\u00e9duits, tout comme les int\u00e9r\u00eats hypoth\u00e9caires (sauf quelques exceptions).<\/p>\n<p><strong>D\u00e9claration d\u2019imp\u00f4ts priv\u00e9e \u2013 un jeu d\u2019enfant gr\u00e2ce \u00e0 taxea !<\/strong><\/p>\n<p>Gr\u00e2ce \u00e0 notre application <a href=\"https:\/\/www.taxea.ch\/fr\/home\">taxea<\/a>, vous pouvez pr\u00e9parer votre d\u00e9claration d\u2019imp\u00f4ts en toute facilit\u00e9.<\/p>\n<p>Rendez-vous sur <a href=\"https:\/\/www.taxea.ch\/fr\/home\">taxea<\/a> et laissez-vous convaincre par notre service fiscal innovant ! Nous vous garantissons un maximum de d\u00e9ductions et un minimum de charges fiscales.<\/p>\n<p><a class=\"postButton\" href=\"https:\/\/www.startups.ch\/fr\/services\/creation-entreprise\" target=\"_blank\" rel=\"noopener noreferrer\">\u00bb Se lancer, cr\u00e9er son entreprise<\/a>\u00a0<a class=\"postButton\" href=\"https:\/\/www.taxea.ch\/fr\/home\" target=\"_blank\" rel=\"noopener noreferrer\">\u00bb taxea<\/a><\/p>\n","protected":false},"excerpt":{"rendered":"<p>Les personnes qui vivent dans leur propre appartement ou maison paient une taxe sur la valeur locative imput\u00e9e comme revenu imposable. Cette taxe correspond au loyer que rapporterait le bien immobilier si celui-ci \u00e9tait lou\u00e9. La hauteur de l&#8217;imp\u00f4t est d\u00e9termin\u00e9e par les cantons, mais elle d\u00e9pend de la surface utilisable et de l&#8217;emplacement. Toutefois, [&hellip;]<\/p>\n","protected":false},"author":1,"featured_media":0,"comment_status":"open","ping_status":"open","sticky":false,"template":"","format":"standard","meta":{"content-type":"","jetpack_post_was_ever_published":false,"_jetpack_newsletter_access":"","_jetpack_dont_email_post_to_subs":false,"_jetpack_newsletter_tier_id":0,"footnotes":"","jetpack_publicize_message":"","jetpack_publicize_feature_enabled":true,"jetpack_social_post_already_shared":true,"jetpack_social_options":{"image_generator_settings":{"template":"highway","enabled":false}}},"categories":[247,12],"tags":[],"jetpack_publicize_connections":[],"aioseo_notices":[],"views":1520,"jetpack_featured_media_url":"","jetpack_sharing_enabled":true,"jetpack_shortlink":"https:\/\/wp.me\/p7y0qY-1Qk","_links":{"self":[{"href":"https:\/\/blog.startups.ch\/fr\/wp-json\/wp\/v2\/posts\/7088"}],"collection":[{"href":"https:\/\/blog.startups.ch\/fr\/wp-json\/wp\/v2\/posts"}],"about":[{"href":"https:\/\/blog.startups.ch\/fr\/wp-json\/wp\/v2\/types\/post"}],"author":[{"embeddable":true,"href":"https:\/\/blog.startups.ch\/fr\/wp-json\/wp\/v2\/users\/1"}],"replies":[{"embeddable":true,"href":"https:\/\/blog.startups.ch\/fr\/wp-json\/wp\/v2\/comments?post=7088"}],"version-history":[{"count":4,"href":"https:\/\/blog.startups.ch\/fr\/wp-json\/wp\/v2\/posts\/7088\/revisions"}],"predecessor-version":[{"id":8864,"href":"https:\/\/blog.startups.ch\/fr\/wp-json\/wp\/v2\/posts\/7088\/revisions\/8864"}],"wp:attachment":[{"href":"https:\/\/blog.startups.ch\/fr\/wp-json\/wp\/v2\/media?parent=7088"}],"wp:term":[{"taxonomy":"category","embeddable":true,"href":"https:\/\/blog.startups.ch\/fr\/wp-json\/wp\/v2\/categories?post=7088"},{"taxonomy":"post_tag","embeddable":true,"href":"https:\/\/blog.startups.ch\/fr\/wp-json\/wp\/v2\/tags?post=7088"}],"curies":[{"name":"wp","href":"https:\/\/api.w.org\/{rel}","templated":true}]}}