{"id":7052,"date":"2018-10-18T11:00:52","date_gmt":"2018-10-18T09:00:52","guid":{"rendered":"https:\/\/www.startups.ch\/fr\/blog\/?p=7052"},"modified":"2020-04-22T12:39:51","modified_gmt":"2020-04-22T10:39:51","slug":"definition-de-residence-fiscale","status":"publish","type":"post","link":"https:\/\/blog.startups.ch\/fr\/2018\/10\/18\/definition-de-residence-fiscale\/","title":{"rendered":"D\u00e9finition de la r\u00e9sidence fiscale"},"content":{"rendered":"<h2>De nombreuses personnes font quotidiennement ou r\u00e9guli\u00e8rement la navette entre leur domicile et leur lieu de travail ou sont m\u00eame inscrites comme r\u00e9sidents hebdomadaires pr\u00e8s de leur lieu de travail. La question se pose donc de savoir quel canton peut pr\u00e9lever des imp\u00f4ts. Selon la jurisprudence du Tribunal f\u00e9d\u00e9ral, la souverainet\u00e9 fiscale s&#8217;applique au lieu de r\u00e9sidence d&#8217;une personne.<\/h2>\n<p><!--more--><\/p>\n<p><img loading=\"lazy\" decoding=\"async\" class=\"alignnone size-full wp-image-7053\" src=\"https:\/\/i0.wp.com\/www.startups.ch\/fr\/blog\/wp-content\/uploads\/2018\/10\/swiss-federal-railways-1878708_1920-768x470.jpg?resize=768%2C470&#038;ssl=1\" alt=\"\" width=\"768\" height=\"470\" data-recalc-dims=\"1\" \/><\/p>\n<p>Selon le Tribunal f\u00e9d\u00e9ral, le domicile fiscal d&#8217;une personne salari\u00e9e est en principe le lieu o\u00f9 elle s\u00e9journe avec l&#8217;intention d&#8217;y rester pour une dur\u00e9e ind\u00e9termin\u00e9e. Le centre fiscal des int\u00e9r\u00eats d&#8217;une personne est d\u00e9termin\u00e9 par l&#8217;ensemble des circonstances externes objectives dont ces int\u00e9r\u00eats peuvent d\u00e9couler. Pour ce faire, il faut examiner et pond\u00e9rer soigneusement toutes les circonstances professionnelles, familiales et de vie.<\/p>\n<p>Le 6 juin 2018, le Tribunal f\u00e9d\u00e9ral a statu\u00e9 sur une affaire concernant un cas de souverainet\u00e9 fiscale entre Zurich et le Valais. Une contribuable c\u00e9libataire, r\u00e9sidant en Valais depuis sa naissance, est employ\u00e9e dans le canton de Zurich depuis 2008 et y loue \u00e9galement un appartement depuis 2013. Elle \u00e9tait inscrite \u00e0 Zurich en tant que r\u00e9sidente hebdomadaire. En Valais, elle continuait \u00e0 entretenir des relations avec ses amis et faisait partie d&#8217;associations. Elle avait aussi une chambre dans la maison de ses parents. En f\u00e9vrier 2016, le service cantonal des imp\u00f4ts de Zurich a \u00e9mis une ordonnance de domiciliation r\u00e9clamant la souverainet\u00e9 fiscale, \u00e0 laquelle la femme s&#8217;est oppos\u00e9e. Il lui a donc \u00e9t\u00e9 demand\u00e9 de fournir des informations d\u00e9taill\u00e9es sur ses week-ends et de fournir des factures d&#8217;\u00e9lectricit\u00e9 et de t\u00e9l\u00e9phone, des relev\u00e9s bancaires et des informations sur ses relations personnelles et sociales \u00e0 Zurich et en Valais. Elle a fourni une copie de son agenda, une confirmation de ses parents, des factures d&#8217;\u00e9lectricit\u00e9 et de t\u00e9l\u00e9phone ainsi qu&#8217;un relev\u00e9 bancaire de sa banque en Valais, et a appel\u00e9 ses coll\u00e8gues valaisans \u00e0 t\u00e9moigner. Son appel a n\u00e9anmoins \u00e9t\u00e9 rejet\u00e9. L&#8217;instance suivante, le Tribunal administratif, a consid\u00e9r\u00e9 que le centre de vie de cette personne se situait dans le canton de Zurich. Selon le Tribunal administratif, l&#8217;hypoth\u00e8se naturelle d\u00e9velopp\u00e9e par la pratique veut que le lieu de travail soit consid\u00e9r\u00e9 comme lieu de vie, si la personne en question est c\u00e9libataire, \u00e2g\u00e9e de plus de trente ans et a v\u00e9cu plus de 5 ans dans le lieu (canton) o\u00f9 elle travaille. En outre, cette personne n&#8217;avait pas quitt\u00e9 son domicile apr\u00e8s avoir \u00e9t\u00e9 licenci\u00e9e et ne s&#8217;\u00e9tait manifestement rendue dans le canton du Valais qu&#8217;un week-end sur deux en 2015. La contribuable a fait appel de cette d\u00e9cision devant le Tribunal f\u00e9d\u00e9ral. Malheureusement pour elle, les juges de Lausanne ont valid\u00e9 l&#8217;approche des juridictions inf\u00e9rieures. La pr\u00e9somption selon laquelle le lieu de travail devient le lieu de vie d&#8217;une personne c\u00e9libataire lorsque celle-ci a atteint l&#8217;\u00e2ge de trente ans et\/ou se trouve au m\u00eame endroit depuis plus de cinq ans a \u00e9t\u00e9 correctement appliqu\u00e9e par l&#8217;instance pr\u00e9c\u00e9dente. Cette pr\u00e9somption peut seulement \u00eatre \u00e9cart\u00e9e si la personne non mari\u00e9e prouve qu&#8217;elle retourne r\u00e9guli\u00e8rement, au moins une fois par semaine, au lieu o\u00f9 r\u00e9side sa famille avec laquelle elle a des liens particuli\u00e8rement \u00e9troits et o\u00f9 elle a d&#8217;autres relations personnelles et sociales. Dans le cas pr\u00e9sent, bien qu&#8217;il ne soit pas discutable que la contribuable continue d&#8217;entretenir des relations \u00e9troites avec le lieu de r\u00e9sidence familiale, rien ne permet d&#8217;\u00e9tablir que ces relations sont sup\u00e9rieures \u00e0 celles qu&#8217;elle entretient avec son lieu de travail qui est le canton de Zurich. Pour finir, cette personne a donc d\u00fb d\u00e9placer son domicile fiscal \u00e0 Zurich.<\/p>\n<p><strong>D\u00e9claration d\u2019imp\u00f4ts priv\u00e9e \u2013 un jeu d\u2019enfant gr\u00e2ce \u00e0 taxea !<\/strong><\/p>\n<p>Gr\u00e2ce \u00e0 notre application <a href=\"https:\/\/www.taxea.ch\/fr\/home\">taxea<\/a>, vous pouvez pr\u00e9parer votre d\u00e9claration d\u2019imp\u00f4ts en toute facilit\u00e9.<\/p>\n<p>Rendez-vous sur <a href=\"https:\/\/www.taxea.ch\/fr\/home\">taxea<\/a> et laissez-vous convaincre par notre service fiscal innovant ! Nous vous garantissons un maximum de d\u00e9ductions et un minimum de charges fiscales.<\/p>\n<p><a class=\"postButton\" href=\"https:\/\/www.startups.ch\/fr\/services\/creation-entreprise\" target=\"_blank\" rel=\"noopener noreferrer\">\u00bb Se lancer, cr\u00e9er son entreprise<\/a>\u00a0<a class=\"postButton\" href=\"https:\/\/www.taxea.ch\/fr\/home\" target=\"_blank\" rel=\"noopener noreferrer\">\u00bb taxea<\/a><\/p>\n","protected":false},"excerpt":{"rendered":"<p>De nombreuses personnes font quotidiennement ou r\u00e9guli\u00e8rement la navette entre leur domicile et leur lieu de travail ou sont m\u00eame inscrites comme r\u00e9sidents hebdomadaires pr\u00e8s de leur lieu de travail. La question se pose donc de savoir quel canton peut pr\u00e9lever des imp\u00f4ts. Selon la jurisprudence du Tribunal f\u00e9d\u00e9ral, la souverainet\u00e9 fiscale s&#8217;applique au lieu [&hellip;]<\/p>\n","protected":false},"author":1,"featured_media":0,"comment_status":"open","ping_status":"open","sticky":false,"template":"","format":"standard","meta":{"content-type":"","jetpack_post_was_ever_published":false,"_jetpack_newsletter_access":"","_jetpack_dont_email_post_to_subs":false,"_jetpack_newsletter_tier_id":0,"footnotes":"","jetpack_publicize_message":"","jetpack_publicize_feature_enabled":true,"jetpack_social_post_already_shared":true,"jetpack_social_options":{"image_generator_settings":{"template":"highway","enabled":false}}},"categories":[9,11],"tags":[],"jetpack_publicize_connections":[],"aioseo_notices":[],"views":1957,"jetpack_featured_media_url":"","jetpack_sharing_enabled":true,"jetpack_shortlink":"https:\/\/wp.me\/p7y0qY-1PK","_links":{"self":[{"href":"https:\/\/blog.startups.ch\/fr\/wp-json\/wp\/v2\/posts\/7052"}],"collection":[{"href":"https:\/\/blog.startups.ch\/fr\/wp-json\/wp\/v2\/posts"}],"about":[{"href":"https:\/\/blog.startups.ch\/fr\/wp-json\/wp\/v2\/types\/post"}],"author":[{"embeddable":true,"href":"https:\/\/blog.startups.ch\/fr\/wp-json\/wp\/v2\/users\/1"}],"replies":[{"embeddable":true,"href":"https:\/\/blog.startups.ch\/fr\/wp-json\/wp\/v2\/comments?post=7052"}],"version-history":[{"count":4,"href":"https:\/\/blog.startups.ch\/fr\/wp-json\/wp\/v2\/posts\/7052\/revisions"}],"predecessor-version":[{"id":8866,"href":"https:\/\/blog.startups.ch\/fr\/wp-json\/wp\/v2\/posts\/7052\/revisions\/8866"}],"wp:attachment":[{"href":"https:\/\/blog.startups.ch\/fr\/wp-json\/wp\/v2\/media?parent=7052"}],"wp:term":[{"taxonomy":"category","embeddable":true,"href":"https:\/\/blog.startups.ch\/fr\/wp-json\/wp\/v2\/categories?post=7052"},{"taxonomy":"post_tag","embeddable":true,"href":"https:\/\/blog.startups.ch\/fr\/wp-json\/wp\/v2\/tags?post=7052"}],"curies":[{"name":"wp","href":"https:\/\/api.w.org\/{rel}","templated":true}]}}