{"id":7016,"date":"2018-10-04T12:38:53","date_gmt":"2018-10-04T10:38:53","guid":{"rendered":"https:\/\/www.startups.ch\/fr\/blog\/?p=7016"},"modified":"2020-04-22T12:41:56","modified_gmt":"2020-04-22T10:41:56","slug":"parlement-souhaite-allegement-fiscal-start-ups","status":"publish","type":"post","link":"https:\/\/blog.startups.ch\/fr\/2018\/10\/04\/parlement-souhaite-allegement-fiscal-start-ups\/","title":{"rendered":"Le Parlement souhaite un all\u00e8gement fiscal pour les start-ups"},"content":{"rendered":"<h2>En juin 2017, le Conseil national avait d\u00e9j\u00e0 approuv\u00e9 la proposition d&#8217;all\u00e9gement fiscal pour les start-ups, et maintenant le Conseil des Etats l&#8217;a \u00e9galement approuv\u00e9e. Seule une minorit\u00e9 au sein du Conseil des Etats, mais aussi du Conseil f\u00e9d\u00e9ral, avait recommand\u00e9 le rejet de la motion en raison de l&#8217;in\u00e9galit\u00e9 de traitement fiscal. Le Conseil f\u00e9d\u00e9ral dispose maintenant de deux ans pour trouver une solution ad\u00e9quate.<\/h2>\n<p><!--more--><\/p>\n<p><img loading=\"lazy\" decoding=\"async\" class=\"alignnone size-medium wp-image-7017\" src=\"https:\/\/i0.wp.com\/www.startups.ch\/fr\/blog\/wp-content\/uploads\/2018\/10\/serhat-beyazkaya-670053-unsplash-1200x754.jpg?resize=1200%2C754&#038;ssl=1\" alt=\"\" width=\"1200\" height=\"754\" data-recalc-dims=\"1\" \/><\/p>\n<p>En avril 2017, la Commission de l&#8217;\u00e9conomie et des redevances du Conseil national avait d\u00e9pos\u00e9 une motion visant \u00e0 charger le Conseil f\u00e9d\u00e9ral de d\u00e9velopper une solution attractive et comp\u00e9titive sur le plan international pour le traitement fiscal des jeunes entreprises. Apr\u00e8s son adoption par le Conseil national en juin 2017, la motion a \u00e9t\u00e9 soumise au Conseil des Etats le 24 septembre 2018.<\/p>\n<p>Selon la Commission de l&#8217;\u00e9conomie, il est n\u00e9cessaire d&#8217;agir dans ce domaine car les r\u00e8gles existantes sont destin\u00e9es aux grandes soci\u00e9t\u00e9s cot\u00e9es en bourse et non aux start-ups. En effet, dans le cas o\u00f9 ces jeunes soci\u00e9t\u00e9s \u00e9mettent des actions de salari\u00e9s, elles doivent convenir avec l&#8217;administration fiscale cantonale d&#8217;une certaine valeur \u00e0 utiliser comme valeur de march\u00e9, calcul\u00e9e \u00e0 l&#8217;aide d&#8217;une formule. Toutefois, cela doit \u00eatre n\u00e9goci\u00e9 avec les autorit\u00e9s au cas par cas. La Commission a \u00e9galement critiqu\u00e9 le fait que l&#8217;imp\u00f4t sur le revenu est d\u00fb dans le cas o\u00f9 le rendement est sup\u00e9rieur \u00e0 la valeur de la formule. Et ce, malgr\u00e9 le fait que l&#8217;entreprise n&#8217;a m\u00eame pas r\u00e9alis\u00e9 de b\u00e9n\u00e9fices.<\/p>\n<p>Une minorit\u00e9 du Conseil des Etats a rejet\u00e9 la motion au motif que le prochain projet de loi fiscale accorderait \u00e9galement des avantages fiscaux aux jeunes entreprises. En outre, la souverainet\u00e9 fiscale rel\u00e8ve de la comp\u00e9tence des cantons, qui disposent de suffisamment de possibilit\u00e9s pour accorder des avantages fiscaux aux start-ups. En ce qui concerne les actions des salari\u00e9s, il a \u00e9t\u00e9 indiqu\u00e9 qu&#8217;il s&#8217;agissait \u00e9galement d&#8217;une forme de participation des salari\u00e9s et que l&#8217;\u00e9valuation devait \u00eatre effectu\u00e9e individuellement pour chaque soci\u00e9t\u00e9, comme par le pass\u00e9. Ueli Maurer a estim\u00e9 que la motion constituait une violation de la neutralit\u00e9 du droit fiscal, car les start-ups seraient consid\u00e9r\u00e9es comme privil\u00e9gi\u00e9es.<\/p>\n<p>Le Conseil des Etats a approuv\u00e9 la motion par 27 voix contre 14. Le Conseil f\u00e9d\u00e9ral dispose maintenant de deux ans pour ex\u00e9cuter ce mandat.<\/p>\n<p><strong>D\u00e9clarer ses imp\u00f4ts en tant qu\u2019entreprise \u2013 un jeu d\u2019enfant gr\u00e2ce \u00e0 taxea !<\/strong><\/p>\n<p>Gr\u00e2ce \u00e0 notre application <a href=\"https:\/\/www.taxea.ch\/fr\/home\">taxea<\/a>, vous pouvez pr\u00e9parer la d\u00e9claration d\u2019imp\u00f4ts de votre entreprise en toute facilit\u00e9.<\/p>\n<p>Rendez-vous sur <a href=\"https:\/\/www.taxea.ch\/fr\/home\">taxea<\/a> et laissez-vous convaincre par notre service fiscal innovant ! Nous vous garantissons un maximum de d\u00e9ductions et un minimum de charges fiscales<\/p>\n<p><a class=\"postButton\" href=\"https:\/\/www.startups.ch\/fr\/services\/creation-entreprise\" target=\"_blank\" rel=\"noopener noreferrer\">\u00bb Se lancer, cr\u00e9er son entreprise<\/a>\u00a0<a class=\"postButton\" href=\"https:\/\/www.taxea.ch\/fr\/home\" target=\"_blank\" rel=\"noopener noreferrer\">\u00bb taxea<\/a><\/p>\n","protected":false},"excerpt":{"rendered":"<p>En juin 2017, le Conseil national avait d\u00e9j\u00e0 approuv\u00e9 la proposition d&#8217;all\u00e9gement fiscal pour les start-ups, et maintenant le Conseil des Etats l&#8217;a \u00e9galement approuv\u00e9e. Seule une minorit\u00e9 au sein du Conseil des Etats, mais aussi du Conseil f\u00e9d\u00e9ral, avait recommand\u00e9 le rejet de la motion en raison de l&#8217;in\u00e9galit\u00e9 de traitement fiscal. Le Conseil [&hellip;]<\/p>\n","protected":false},"author":1,"featured_media":0,"comment_status":"open","ping_status":"open","sticky":false,"template":"","format":"standard","meta":{"content-type":"","jetpack_post_was_ever_published":false,"_jetpack_newsletter_access":"","_jetpack_dont_email_post_to_subs":false,"_jetpack_newsletter_tier_id":0,"footnotes":"","jetpack_publicize_message":"","jetpack_publicize_feature_enabled":true,"jetpack_social_post_already_shared":true,"jetpack_social_options":{"image_generator_settings":{"template":"highway","enabled":false}}},"categories":[228,247],"tags":[],"jetpack_publicize_connections":[],"aioseo_notices":[],"views":1230,"jetpack_featured_media_url":"","jetpack_sharing_enabled":true,"jetpack_shortlink":"https:\/\/wp.me\/p7y0qY-1Pa","_links":{"self":[{"href":"https:\/\/blog.startups.ch\/fr\/wp-json\/wp\/v2\/posts\/7016"}],"collection":[{"href":"https:\/\/blog.startups.ch\/fr\/wp-json\/wp\/v2\/posts"}],"about":[{"href":"https:\/\/blog.startups.ch\/fr\/wp-json\/wp\/v2\/types\/post"}],"author":[{"embeddable":true,"href":"https:\/\/blog.startups.ch\/fr\/wp-json\/wp\/v2\/users\/1"}],"replies":[{"embeddable":true,"href":"https:\/\/blog.startups.ch\/fr\/wp-json\/wp\/v2\/comments?post=7016"}],"version-history":[{"count":3,"href":"https:\/\/blog.startups.ch\/fr\/wp-json\/wp\/v2\/posts\/7016\/revisions"}],"predecessor-version":[{"id":8868,"href":"https:\/\/blog.startups.ch\/fr\/wp-json\/wp\/v2\/posts\/7016\/revisions\/8868"}],"wp:attachment":[{"href":"https:\/\/blog.startups.ch\/fr\/wp-json\/wp\/v2\/media?parent=7016"}],"wp:term":[{"taxonomy":"category","embeddable":true,"href":"https:\/\/blog.startups.ch\/fr\/wp-json\/wp\/v2\/categories?post=7016"},{"taxonomy":"post_tag","embeddable":true,"href":"https:\/\/blog.startups.ch\/fr\/wp-json\/wp\/v2\/tags?post=7016"}],"curies":[{"name":"wp","href":"https:\/\/api.w.org\/{rel}","templated":true}]}}