{"id":6917,"date":"2018-09-04T14:58:56","date_gmt":"2018-09-04T12:58:56","guid":{"rendered":"https:\/\/www.startups.ch\/fr\/blog\/?p=6917"},"modified":"2019-08-27T11:16:45","modified_gmt":"2019-08-27T09:16:45","slug":"rapport-creations-dentreprises-mois-daout-2018-mois-daout-malgre-creux-estival","status":"publish","type":"post","link":"https:\/\/blog.startups.ch\/fr\/2018\/09\/04\/rapport-creations-dentreprises-mois-daout-2018-mois-daout-malgre-creux-estival\/","title":{"rendered":"Rapport sur les cr\u00e9ations d\u2019entreprises pour le mois d\u2018ao\u00fbt 2018 : Un bon mois d\u2019ao\u00fbt malgr\u00e9 le creux estival"},"content":{"rendered":"<div>\n<h2>Durant le mois d\u2019ao\u00fbt 2018, le registre du commerce suisse a enregistr\u00e9 un total de 2913 nouvelles inscriptions. Il s\u2019agit d\u2019une baisse de -21.50% par rapport au mois de juillet mais d&#8217;un recul de seulement de -1.22% compar\u00e9 au mois d\u2019ao\u00fbt de 2017.<\/h2>\n<\/div>\n<p><!--more--><\/p>\n<h3><img loading=\"lazy\" decoding=\"async\" class=\"alignnone size-full wp-image-6918\" src=\"https:\/\/i0.wp.com\/www.startups.ch\/fr\/blog\/wp-content\/uploads\/2018\/09\/FR-Aug18-Die-Entwicklung-im-zeitlichen-Verlauf-Handelsregistereintragungen.jpg?resize=750%2C566&#038;ssl=1\" alt=\"\" width=\"750\" height=\"566\" data-recalc-dims=\"1\" \/><\/h3>\n<h3><strong>Le deuxi\u00e8me meilleur mois d\u2019ao\u00fbt depuis 6 ans<\/strong><\/h3>\n<p>Si l\u2019on garde \u00e0 l\u2019esprit que la saison estivale repr\u00e9sente une baisse g\u00e9n\u00e9rale de l\u2019activit\u00e9 dans le secteur des cr\u00e9ations d\u2019entreprises, le mois d\u2019ao\u00fbt de cette ann\u00e9e fut pour le moins satisfaisant. M\u00eame si le nombre d\u2019inscriptions au registre du commerce suisse a chut\u00e9 de -21.50% entre le mois de juillet et le mois d\u2019ao\u00fbt 2018, ce dernier reste le deuxi\u00e8me meilleur mois d\u2019ao\u00fbt des 6 derni\u00e8res ann\u00e9es. En effet, seul ao\u00fbt 2017 avait fait mieux que celui de cette ann\u00e9e (+1.22%). Par ailleurs, rappelons que l\u2019ann\u00e9e 2017 fut une ann\u00e9e record en mati\u00e8re de cr\u00e9ations d\u2019entreprises. Voil\u00e0 de quoi rester optimiste pour la fin de cette ann\u00e9e 2018.<\/p>\n<h3><strong>Diff\u00e9rences cantonales <\/strong><\/h3>\n<p>Sur l\u2019ensemble des 26 cantons helv\u00e9tiques, seulement 4 ont r\u00e9ussi \u00e0 maintenir ou \u00e0 augmenter leur taux de cr\u00e9ations d\u2019entreprises entre juillet et ao\u00fbt 2018. Il s\u2019agit des cantons de B\u00e2le-Campagne (+52.94% \/ +36 fondations), de Zoug (+20.37% \/ +44 fondations), d\u2019Appenzell Rhodes-Int\u00e9rieures (+0.00% \/ + 0 fondations) et Appenzell Rhodes-Ext\u00e9rieures (+0.00% \/ + 0 fondations).<br \/>\nLe canton \u00e0 avoir \u00e9t\u00e9 le plus marqu\u00e9 par le mois d\u2019ao\u00fbt 2018 fut celui d\u2019Obwald. En effet, celui-ci a subi un revers de -52.63% soit -10 fondations.<\/p>\n<p>Par rapport au mois d&#8217;ao\u00fbt de l&#8217;ann\u00e9e pr\u00e9c\u00e9dente, ce sont les cantons d&#8217;Obwald (- 30,77 %, soit -4 fondations), du Valais (- 25,33 %, soit -38 fondations) et du Tessin (- 24,83 %, soit -36 fondations) qui ont enregistr\u00e9 les plus fortes baisses. Heureusement, des chiffres positifs ont \u00e9galement \u00e9t\u00e9 enregistr\u00e9s, par exemple \u00e0 Glaris et \u00e0 Uri, o\u00f9 l&#8217;on a constat\u00e9 une incroyable augmentation de +166,67 % et de +75,00 %.<\/p>\n<p><img loading=\"lazy\" decoding=\"async\" class=\"alignnone size-full wp-image-6919\" src=\"https:\/\/i0.wp.com\/www.startups.ch\/fr\/blog\/wp-content\/uploads\/2018\/09\/FR-Aug18-Kantonaler-Vergleich-vs.-Vorjahr.jpg?resize=750%2C1055&#038;ssl=1\" alt=\"\" width=\"750\" height=\"1055\" data-recalc-dims=\"1\" \/><\/p>\n<div><\/div>\n<div class=\"translation\"><a class=\"postButton\" href=\"https:\/\/www.startups.ch\/fr\/services\/creation-entreprise\" target=\"_blank\" rel=\"noopener noreferrer\">\u00bb Se lancer, cr\u00e9er son entreprise<\/a>\u00a0<a class=\"postButton\" href=\" https:\/\/startups.ch\/fr\/preparer\/business-plan\/qui-besoin\/\" target=\"_blank\" rel=\"noopener noreferrer\">\u00bb R\u00e9diger son Business plan<\/a><\/div>\n<div><\/div>\n<div class=\"translation\"><\/div>\n","protected":false},"excerpt":{"rendered":"<p>Durant le mois d\u2019ao\u00fbt 2018, le registre du commerce suisse a enregistr\u00e9 un total de 2913 nouvelles inscriptions. Il s\u2019agit d\u2019une baisse de -21.50% par rapport au mois de juillet mais d&#8217;un recul de seulement de -1.22% compar\u00e9 au mois d\u2019ao\u00fbt de 2017.<\/p>\n","protected":false},"author":1,"featured_media":0,"comment_status":"open","ping_status":"open","sticky":false,"template":"","format":"standard","meta":{"content-type":"","jetpack_post_was_ever_published":false,"_jetpack_newsletter_access":"","_jetpack_dont_email_post_to_subs":false,"_jetpack_newsletter_tier_id":0,"footnotes":"","jetpack_publicize_message":"","jetpack_publicize_feature_enabled":true,"jetpack_social_post_already_shared":true,"jetpack_social_options":{"image_generator_settings":{"template":"highway","enabled":false}}},"categories":[228,1],"tags":[],"jetpack_publicize_connections":[],"aioseo_notices":[],"views":1200,"jetpack_featured_media_url":"","jetpack_sharing_enabled":true,"jetpack_shortlink":"https:\/\/wp.me\/p7y0qY-1Nz","_links":{"self":[{"href":"https:\/\/blog.startups.ch\/fr\/wp-json\/wp\/v2\/posts\/6917"}],"collection":[{"href":"https:\/\/blog.startups.ch\/fr\/wp-json\/wp\/v2\/posts"}],"about":[{"href":"https:\/\/blog.startups.ch\/fr\/wp-json\/wp\/v2\/types\/post"}],"author":[{"embeddable":true,"href":"https:\/\/blog.startups.ch\/fr\/wp-json\/wp\/v2\/users\/1"}],"replies":[{"embeddable":true,"href":"https:\/\/blog.startups.ch\/fr\/wp-json\/wp\/v2\/comments?post=6917"}],"version-history":[{"count":3,"href":"https:\/\/blog.startups.ch\/fr\/wp-json\/wp\/v2\/posts\/6917\/revisions"}],"predecessor-version":[{"id":7886,"href":"https:\/\/blog.startups.ch\/fr\/wp-json\/wp\/v2\/posts\/6917\/revisions\/7886"}],"wp:attachment":[{"href":"https:\/\/blog.startups.ch\/fr\/wp-json\/wp\/v2\/media?parent=6917"}],"wp:term":[{"taxonomy":"category","embeddable":true,"href":"https:\/\/blog.startups.ch\/fr\/wp-json\/wp\/v2\/categories?post=6917"},{"taxonomy":"post_tag","embeddable":true,"href":"https:\/\/blog.startups.ch\/fr\/wp-json\/wp\/v2\/tags?post=6917"}],"curies":[{"name":"wp","href":"https:\/\/api.w.org\/{rel}","templated":true}]}}