{"id":6815,"date":"2018-08-05T15:35:55","date_gmt":"2018-08-05T13:35:55","guid":{"rendered":"https:\/\/www.startups.ch\/fr\/blog\/?p=6815"},"modified":"2019-08-27T11:20:04","modified_gmt":"2019-08-27T09:20:04","slug":"rapport-semestriel-2018","status":"publish","type":"post","link":"https:\/\/blog.startups.ch\/fr\/2018\/08\/05\/rapport-semestriel-2018\/","title":{"rendered":"Rapport semestriel 2018"},"content":{"rendered":"<h2>Au cours du premier semestre 2018, 22&#8217;286 personnes morales ont \u00e9t\u00e9 cr\u00e9\u00e9es dans toute la Suisse. La plupart de ces cr\u00e9ations ont eu lieu dans les cantons de Zurich, Vaud et Berne. La forme juridique la plus populaire est la S\u00e0rl, suivie de l&#8217;entreprise individuelle et de la soci\u00e9t\u00e9 anonyme.<\/h2>\n<p><!--more--><\/p>\n<p><img loading=\"lazy\" decoding=\"async\" class=\"alignnone size-medium wp-image-6816\" src=\"https:\/\/i0.wp.com\/www.startups.ch\/fr\/blog\/wp-content\/uploads\/2018\/08\/chris-liverani-552652-unsplash-1200x900.jpg?resize=1200%2C900&#038;ssl=1\" alt=\"\" width=\"1200\" height=\"900\" data-recalc-dims=\"1\" \/><\/p>\n<p>Du 1er janvier 2018 au 30 juin 2018, 22&#8217;286 nouvelles entreprises ont \u00e9t\u00e9 enregistr\u00e9es au registre du commerce helv\u00e9tique.\u00a0Le nombre plut\u00f4t faible d&#8217;entreprises cr\u00e9\u00e9es au d\u00e9but de l&#8217;ann\u00e9e a augment\u00e9 jusqu&#8217;en mars, puis a de nouveau baiss\u00e9 jusqu&#8217;en mai et a atteint son apog\u00e9e en juin.<\/p>\n<table>\n<tbody>\n<tr>\n<td width=\"28\">1.<\/td>\n<td width=\"61\">Juin<\/td>\n<td width=\"44\">4013<\/td>\n<\/tr>\n<tr>\n<td width=\"28\">2.<\/td>\n<td width=\"61\">Mars<\/td>\n<td width=\"44\">3855<\/td>\n<\/tr>\n<tr>\n<td width=\"28\">3.<\/td>\n<td width=\"61\">Avril<\/td>\n<td width=\"44\">3673<\/td>\n<\/tr>\n<tr>\n<td width=\"28\">4.<\/td>\n<td width=\"61\">F\u00e9vrier<\/td>\n<td width=\"44\">3670<\/td>\n<\/tr>\n<tr>\n<td width=\"28\">5.<\/td>\n<td width=\"61\">Mai<\/td>\n<td width=\"44\">3541<\/td>\n<\/tr>\n<tr>\n<td width=\"28\">6.<\/td>\n<td width=\"61\">Janvier<\/td>\n<td width=\"44\">3534<\/td>\n<\/tr>\n<\/tbody>\n<\/table>\n<p>Evolution du nombre d&#8217;entreprises cr\u00e9\u00e9es en Suisse entre janvier et juin 2018<\/p>\n<table>\n<tbody>\n<tr>\n<td width=\"37\">1.<\/td>\n<td width=\"85\">Zurich<\/td>\n<td width=\"47\">3940<\/td>\n<td width=\"58\">17.68%<\/td>\n<td width=\"36\">14.<\/td>\n<td width=\"161\">B\u00e2le-Campagne<\/td>\n<td width=\"38\">561<\/td>\n<td width=\"51\">2.52%<\/td>\n<\/tr>\n<tr>\n<td width=\"37\">2.<\/td>\n<td width=\"85\">Vaud<\/td>\n<td width=\"47\">2307<\/td>\n<td width=\"58\">10.35%<\/td>\n<td width=\"36\">15.<\/td>\n<td width=\"161\">Soleure<\/td>\n<td width=\"38\">552<\/td>\n<td width=\"51\">2.48%<\/td>\n<\/tr>\n<tr>\n<td width=\"37\">3.<\/td>\n<td width=\"85\">Gen\u00e8ve<\/td>\n<td width=\"47\">1900<\/td>\n<td width=\"58\">8.53%<\/td>\n<td width=\"36\">16.<\/td>\n<td width=\"161\">Thurgovie<\/td>\n<td width=\"38\">529<\/td>\n<td width=\"51\">2.37%<\/td>\n<\/tr>\n<tr>\n<td width=\"37\">4.<\/td>\n<td width=\"85\">Berne<\/td>\n<td width=\"47\">1766<\/td>\n<td width=\"58\">7.92%<\/td>\n<td width=\"36\">17.<\/td>\n<td width=\"161\">Grisons<\/td>\n<td width=\"38\">490<\/td>\n<td width=\"51\">2.20%<\/td>\n<\/tr>\n<tr>\n<td width=\"37\">5.<\/td>\n<td width=\"85\">Argovie<\/td>\n<td width=\"47\">1366<\/td>\n<td width=\"58\">6.13%<\/td>\n<td width=\"36\">18.<\/td>\n<td width=\"161\">Neuch\u00e2tel<\/td>\n<td width=\"38\">419<\/td>\n<td width=\"51\">1.88%<\/td>\n<\/tr>\n<tr>\n<td width=\"37\">6.<\/td>\n<td width=\"85\">Tessin<\/td>\n<td width=\"47\">1272<\/td>\n<td width=\"58\">5.71%<\/td>\n<td width=\"36\">19.<\/td>\n<td width=\"161\">Schaffhouse<\/td>\n<td width=\"38\">182<\/td>\n<td width=\"51\">0.82%<\/td>\n<\/tr>\n<tr>\n<td width=\"37\">7.<\/td>\n<td width=\"85\">Zoug<\/td>\n<td width=\"47\">1255<\/td>\n<td width=\"58\">5.63%<\/td>\n<td width=\"36\">20.<\/td>\n<td width=\"161\">Appenzell Rhodes-Ext\u00e9rieures<\/td>\n<td width=\"38\">167<\/td>\n<td width=\"51\">0.75%<\/td>\n<\/tr>\n<tr>\n<td width=\"37\">8.<\/td>\n<td width=\"85\">St. Gall<\/td>\n<td width=\"47\">1132<\/td>\n<td width=\"58\">5.08%<\/td>\n<td width=\"36\">21.<\/td>\n<td width=\"161\">Jura<\/td>\n<td width=\"38\">154<\/td>\n<td width=\"51\">0.69%<\/td>\n<\/tr>\n<tr>\n<td width=\"37\">9.<\/td>\n<td width=\"85\">Lucerne<\/td>\n<td width=\"47\">998<\/td>\n<td width=\"58\">4.48%<\/td>\n<td width=\"36\">22.<\/td>\n<td width=\"161\">Nidwald<\/td>\n<td width=\"38\">121<\/td>\n<td width=\"51\">0.54%<\/td>\n<\/tr>\n<tr>\n<td width=\"37\">10.<\/td>\n<td width=\"85\">Valais<\/td>\n<td width=\"47\">986<\/td>\n<td width=\"58\">4.42%<\/td>\n<td width=\"36\">23.<\/td>\n<td width=\"161\">Obwald<\/td>\n<td width=\"38\">100<\/td>\n<td width=\"51\">0.45%<\/td>\n<\/tr>\n<tr>\n<td width=\"37\">11.<\/td>\n<td width=\"85\">Fribourg<\/td>\n<td width=\"47\">718<\/td>\n<td width=\"58\">3.22%<\/td>\n<td width=\"36\">24.<\/td>\n<td width=\"161\">Glaris<\/td>\n<td width=\"38\">82<\/td>\n<td width=\"51\">0.37%<\/td>\n<\/tr>\n<tr>\n<td width=\"37\">12.<\/td>\n<td width=\"85\">Schwyz<\/td>\n<td width=\"47\">617<\/td>\n<td width=\"58\">2.77%<\/td>\n<td width=\"36\">25.<\/td>\n<td width=\"161\">Uri<\/td>\n<td width=\"38\">65<\/td>\n<td width=\"51\">0.29%<\/td>\n<\/tr>\n<tr>\n<td width=\"37\">13.<\/td>\n<td width=\"85\">B\u00e2le-Ville<\/td>\n<td width=\"47\">567<\/td>\n<td width=\"58\">2.54%<\/td>\n<td width=\"36\">26.<\/td>\n<td width=\"161\">Appenzell Rhodes-Int\u00e9rieures<\/td>\n<td width=\"38\">40<\/td>\n<td width=\"51\">0.18%<\/td>\n<\/tr>\n<\/tbody>\n<\/table>\n<p>En Suisse al\u00e9manique, 14&#8217;530 entreprises ont \u00e9t\u00e9 enregistr\u00e9es, ce qui correspond \u00e0 une part de 65,20%. La Suisse romande, avec 6&#8217;484 fondations, repr\u00e9sentait 29.09% et le Tessin 5,71 % avec 1&#8217;272 entreprises cr\u00e9\u00e9es.<\/p>\n<p>La r\u00e9partition entre les diff\u00e9rentes formes juridiques est la suivante :<\/p>\n<table>\n<tbody>\n<tr>\n<td width=\"33\">1.<\/td>\n<td width=\"373\">S\u00e0rl<\/td>\n<td width=\"47\">8577<\/td>\n<td width=\"66\">38.49 %<\/td>\n<\/tr>\n<tr>\n<td width=\"33\">2.<\/td>\n<td width=\"373\">Entreprise individuelle<\/td>\n<td width=\"47\">7306<\/td>\n<td width=\"66\">32.78 %<\/td>\n<\/tr>\n<tr>\n<td width=\"33\">3.<\/td>\n<td width=\"373\">Soci\u00e9t\u00e9 anonyme<\/td>\n<td width=\"47\">4458<\/td>\n<td width=\"66\">20.00 %<\/td>\n<\/tr>\n<tr>\n<td width=\"33\">4.<\/td>\n<td width=\"373\">Soci\u00e9t\u00e9 en nom collectif<\/td>\n<td width=\"47\">682<\/td>\n<td width=\"66\">3.06 %<\/td>\n<\/tr>\n<tr>\n<td width=\"33\">5.<\/td>\n<td width=\"373\">Succursale suisse<\/td>\n<td width=\"47\">537<\/td>\n<td width=\"66\">2.41 %<\/td>\n<\/tr>\n<tr>\n<td width=\"33\">6.<\/td>\n<td width=\"373\">Association<\/td>\n<td width=\"47\">286<\/td>\n<td width=\"66\">1.28 %<\/td>\n<\/tr>\n<tr>\n<td width=\"33\">7.<\/td>\n<td width=\"373\">Fondation<\/td>\n<td width=\"47\">184<\/td>\n<td width=\"66\">0.83 %<\/td>\n<\/tr>\n<tr>\n<td width=\"33\">8.<\/td>\n<td width=\"373\">Succursale \u00e9trang\u00e8re<\/td>\n<td width=\"47\">158<\/td>\n<td width=\"66\">0.71 %<\/td>\n<\/tr>\n<tr>\n<td width=\"33\">9.<\/td>\n<td width=\"373\">Soci\u00e9t\u00e9 coop\u00e9rative<\/td>\n<td width=\"47\">72<\/td>\n<td width=\"66\">0.32 %<\/td>\n<\/tr>\n<tr>\n<td width=\"33\">10.<\/td>\n<td width=\"373\">Soci\u00e9t\u00e9 en commandite<\/td>\n<td width=\"47\">18<\/td>\n<td width=\"66\">0.08 %<\/td>\n<\/tr>\n<tr>\n<td width=\"33\">11.<\/td>\n<td width=\"373\">autres<\/td>\n<td width=\"47\">8<\/td>\n<td width=\"66\">0.04 %<\/td>\n<\/tr>\n<\/tbody>\n<\/table>\n<p><a class=\"postButton\" href=\"https:\/\/www.startups.ch\/fr\/services\/creation-entreprise\" target=\"_blank\" rel=\"noopener noreferrer\">\u00bb Se lancer, cr\u00e9er son entreprise<\/a>\u00a0<a class=\"postButton\" href=\" https:\/\/startups.ch\/fr\/preparer\/business-plan\/qui-besoin\/\" target=\"_blank\" rel=\"noopener noreferrer\">\u00bb R\u00e9diger son Business plan<\/a><\/p>\n","protected":false},"excerpt":{"rendered":"<p>Au cours du premier semestre 2018, 22&#8217;286 personnes morales ont \u00e9t\u00e9 cr\u00e9\u00e9es dans toute la Suisse. La plupart de ces cr\u00e9ations ont eu lieu dans les cantons de Zurich, Vaud et Berne. La forme juridique la plus populaire est la S\u00e0rl, suivie de l&#8217;entreprise individuelle et de la soci\u00e9t\u00e9 anonyme.<\/p>\n","protected":false},"author":1,"featured_media":0,"comment_status":"open","ping_status":"open","sticky":false,"template":"","format":"standard","meta":{"content-type":"","jetpack_post_was_ever_published":false,"_jetpack_newsletter_access":"","_jetpack_dont_email_post_to_subs":false,"_jetpack_newsletter_tier_id":0,"footnotes":"","jetpack_publicize_message":"","jetpack_publicize_feature_enabled":true,"jetpack_social_post_already_shared":true,"jetpack_social_options":{"image_generator_settings":{"template":"highway","enabled":false}}},"categories":[10,228],"tags":[],"jetpack_publicize_connections":[],"aioseo_notices":[],"views":1283,"jetpack_featured_media_url":"","jetpack_sharing_enabled":true,"jetpack_shortlink":"https:\/\/wp.me\/p7y0qY-1LV","_links":{"self":[{"href":"https:\/\/blog.startups.ch\/fr\/wp-json\/wp\/v2\/posts\/6815"}],"collection":[{"href":"https:\/\/blog.startups.ch\/fr\/wp-json\/wp\/v2\/posts"}],"about":[{"href":"https:\/\/blog.startups.ch\/fr\/wp-json\/wp\/v2\/types\/post"}],"author":[{"embeddable":true,"href":"https:\/\/blog.startups.ch\/fr\/wp-json\/wp\/v2\/users\/1"}],"replies":[{"embeddable":true,"href":"https:\/\/blog.startups.ch\/fr\/wp-json\/wp\/v2\/comments?post=6815"}],"version-history":[{"count":3,"href":"https:\/\/blog.startups.ch\/fr\/wp-json\/wp\/v2\/posts\/6815\/revisions"}],"predecessor-version":[{"id":7892,"href":"https:\/\/blog.startups.ch\/fr\/wp-json\/wp\/v2\/posts\/6815\/revisions\/7892"}],"wp:attachment":[{"href":"https:\/\/blog.startups.ch\/fr\/wp-json\/wp\/v2\/media?parent=6815"}],"wp:term":[{"taxonomy":"category","embeddable":true,"href":"https:\/\/blog.startups.ch\/fr\/wp-json\/wp\/v2\/categories?post=6815"},{"taxonomy":"post_tag","embeddable":true,"href":"https:\/\/blog.startups.ch\/fr\/wp-json\/wp\/v2\/tags?post=6815"}],"curies":[{"name":"wp","href":"https:\/\/api.w.org\/{rel}","templated":true}]}}