{"id":662,"date":"2012-01-02T09:45:05","date_gmt":"2012-01-02T07:45:05","guid":{"rendered":"http:\/\/blog.startups.ch\/fr\/?p=662"},"modified":"2013-03-28T10:43:13","modified_gmt":"2013-03-28T08:43:13","slug":"tva-et-phase-de-lancement-de-la-societe","status":"publish","type":"post","link":"https:\/\/blog.startups.ch\/fr\/2012\/01\/02\/tva-et-phase-de-lancement-de-la-societe\/","title":{"rendered":"TVA et phase de lancement de la soci\u00e9t\u00e9"},"content":{"rendered":"<p><strong>Une soci\u00e9t\u00e9 doit-elle payer de la TVA durant sa phase de lancement ? La TVA lui sera-elle factur\u00e9e plus tard?<\/strong><\/p>\n<p><!--more--><\/p>\n<p><img loading=\"lazy\" decoding=\"async\" class=\"aligncenter size-full wp-image-1433\" alt=\"TVA\" src=\"https:\/\/i0.wp.com\/blog.startups.ch\/fr\/wp-content\/uploads\/2011\/12\/Fotolia_Buchhaltung_zugeschnitten.jpg?resize=688%2C264\" width=\"688\" height=\"264\" srcset=\"https:\/\/i0.wp.com\/blog.startups.ch\/fr\/wp-content\/uploads\/2011\/12\/Fotolia_Buchhaltung_zugeschnitten.jpg?w=688&amp;ssl=1 688w, https:\/\/i0.wp.com\/blog.startups.ch\/fr\/wp-content\/uploads\/2011\/12\/Fotolia_Buchhaltung_zugeschnitten.jpg?resize=300%2C115&amp;ssl=1 300w\" sizes=\"(max-width: 688px) 100vw, 688px\" data-recalc-dims=\"1\" \/><\/p>\n<p>Il n\u2019est souvent pas clair pour les jeunes entrepreneurs s\u2019ils doivent payer ou non de la TVA pendant la phase de construction de leur entreprise. Si une soci\u00e9t\u00e9 a un chiffre d&#8217;affaires supp\u00e9rieur \u00e0 CHF 100&#8217;000 par ann\u00e9e, elle est assujettie \u00e0 la TVA. Les soci\u00e9t\u00e9s qui ont un revenu inf\u00e9rieur peuvent quant \u00e0 elles s&#8217;y assujettir volontairement. Cet assujettissement volontaire peut \u00eatre int\u00e9ressant dans le cadre la d\u00e9duction de l\u2019imp\u00f4t pr\u00e9alable.<\/p>\n<p>Dans la phase de construction \/ d\u00e9veloppement de l&#8217;entreprise, il est n\u00e9cessaire de faire un pronostique de son chiffre d\u2019affaires. On doit estimer si l\u2019on atteindra le montant de CHF 100&#8217;000 par ann\u00e9e de chiffre d&#8217;affaires. S\u2019il n\u2019est pas possible de faire une estimation correcte d\u00e8s le d\u00e9but, on pourra corriger celle-ci 3 mois apr\u00e8s le d\u00e9but de l\u2019activit\u00e9 ind\u00e9pendante. Le revenu obtenu apr\u00e8s 3 mois d&#8217;activit\u00e9s sera multipli\u00e9 par 4 afin de faire une projection annuelle. Si l\u2019on obtient ainsi un montant sup\u00e9rieur \u00e0 CHF 100&#8217;000,\u00a0 l\u2019assujetti a alors le choix: \u00eatre assujetti depuis ce jour ou r\u00e9troactivement depuis le d\u00e9but de son activit\u00e9, resp. depuis la cr\u00e9ation de sa S\u00e0RL \/ SA.<\/p>\n<p>Vous avez des questions concernant la TVA\u00a0? <a href=\"http:\/\/www.startups.ch\/fr\" target=\"_blank\">STARTUPS.CH<\/a> vous conseille volontiers avec toutes vos questions fiscales. Prenez rendez-vous avec un conseiller personnel proche de chez vous <a href=\"http:\/\/http:\/\/www.startups.ch\/fr\/about\/kontakt\/\" target=\"_blank\">ici<\/a>.<\/p>\n","protected":false},"excerpt":{"rendered":"<p>Une soci\u00e9t\u00e9 doit-elle payer de la TVA durant sa phase de lancement ? La TVA lui sera-elle factur\u00e9e plus tard?<\/p>\n","protected":false},"author":7,"featured_media":0,"comment_status":"open","ping_status":"closed","sticky":false,"template":"","format":"standard","meta":{"content-type":"","jetpack_post_was_ever_published":false,"_jetpack_newsletter_access":"","_jetpack_dont_email_post_to_subs":false,"_jetpack_newsletter_tier_id":0,"footnotes":"","jetpack_publicize_message":"","jetpack_publicize_feature_enabled":true,"jetpack_social_post_already_shared":false,"jetpack_social_options":{"image_generator_settings":{"template":"highway","enabled":false}}},"categories":[6,12],"tags":[17,69,202,67],"jetpack_publicize_connections":[],"aioseo_notices":[],"views":2423,"jetpack_featured_media_url":"","jetpack_sharing_enabled":true,"jetpack_shortlink":"https:\/\/wp.me\/p7y0qY-aG","_links":{"self":[{"href":"https:\/\/blog.startups.ch\/fr\/wp-json\/wp\/v2\/posts\/662"}],"collection":[{"href":"https:\/\/blog.startups.ch\/fr\/wp-json\/wp\/v2\/posts"}],"about":[{"href":"https:\/\/blog.startups.ch\/fr\/wp-json\/wp\/v2\/types\/post"}],"author":[{"embeddable":true,"href":"https:\/\/blog.startups.ch\/fr\/wp-json\/wp\/v2\/users\/7"}],"replies":[{"embeddable":true,"href":"https:\/\/blog.startups.ch\/fr\/wp-json\/wp\/v2\/comments?post=662"}],"version-history":[{"count":5,"href":"https:\/\/blog.startups.ch\/fr\/wp-json\/wp\/v2\/posts\/662\/revisions"}],"predecessor-version":[{"id":1435,"href":"https:\/\/blog.startups.ch\/fr\/wp-json\/wp\/v2\/posts\/662\/revisions\/1435"}],"wp:attachment":[{"href":"https:\/\/blog.startups.ch\/fr\/wp-json\/wp\/v2\/media?parent=662"}],"wp:term":[{"taxonomy":"category","embeddable":true,"href":"https:\/\/blog.startups.ch\/fr\/wp-json\/wp\/v2\/categories?post=662"},{"taxonomy":"post_tag","embeddable":true,"href":"https:\/\/blog.startups.ch\/fr\/wp-json\/wp\/v2\/tags?post=662"}],"curies":[{"name":"wp","href":"https:\/\/api.w.org\/{rel}","templated":true}]}}