{"id":6528,"date":"2018-05-02T12:15:40","date_gmt":"2018-05-02T10:15:40","guid":{"rendered":"https:\/\/www.startups.ch\/fr\/blog\/?p=6528"},"modified":"2019-08-27T11:31:58","modified_gmt":"2019-08-27T09:31:58","slug":"entretien-thomas-gerber-responsable-prevoyance-chez-axa-suisse-passage-de-lassurance-complete-a-solutions-de-prevoyance-semi-autonomes","status":"publish","type":"post","link":"https:\/\/blog.startups.ch\/fr\/2018\/05\/02\/entretien-thomas-gerber-responsable-prevoyance-chez-axa-suisse-passage-de-lassurance-complete-a-solutions-de-prevoyance-semi-autonomes\/","title":{"rendered":"Entretien avec Thomas Gerber, responsable pr\u00e9voyance chez AXA Suisse : &#8220;Passage de l&#8217;assurance compl\u00e8te \u00e0 des solutions de pr\u00e9voyance semi-autonomes."},"content":{"rendered":"<h3>Depuis peu, AXA propose des solutions de pr\u00e9voyance professionnelle semi-autonomes. Findea s&#8217;est entretenu avec Thomas Gerber, responsable de la pr\u00e9voyance d&#8217;AXA Suisse, afin d&#8217;en savoir plus sur les avantages et les inconv\u00e9nients de ce nouveau mod\u00e8le.<\/h3>\n<p><!--more--><\/p>\n<p><img loading=\"lazy\" decoding=\"async\" class=\"size-full wp-image-6529\" src=\"https:\/\/i0.wp.com\/www.startups.ch\/fr\/blog\/wp-content\/uploads\/2018\/05\/axa_thomas_gerber-768x512.jpg?resize=768%2C512&#038;ssl=1\" alt=\"\" width=\"768\" height=\"512\" data-recalc-dims=\"1\" \/><\/p>\n<h3>AXA est en train de changer son mod\u00e8le de pr\u00e9voyance professionnelle, passant de l&#8217;assurance compl\u00e8te \u00e0 des solutions semi-autonomes. Pourquoi avez-vous d\u00e9cid\u00e9 de prendre de telles mesures?<\/h3>\n<p>Le rapport qualit\u00e9-prix de l&#8217;assurance compl\u00e8te s&#8217;est consid\u00e9rablement d\u00e9grad\u00e9 depuis quelques ann\u00e9es. En raison des taux d&#8217;int\u00e9r\u00eat bas, seul un faible rendement \u00e9tait possible, en plus de cela, des exigences r\u00e9glementaires strictes limitent le champ d&#8217;action des strat\u00e9gies d&#8217;investissement. Bien que l&#8217;assurance compl\u00e8te offre une garantie \u00e0 100 % en tout temps, les clients paient un prix toujours plus \u00e9lev\u00e9 pour des performances toujours plus faibles.<br \/>\nEn tant que premier assureur des PME en Suisse, nous souhaitons changer cela et \u0153uvrer en faveur d&#8217;un deuxi\u00e8me pilier stable. C&#8217;est pourquoi nous avons d\u00e9velopp\u00e9 pour nos clients une nouvelle offre orient\u00e9e vers l&#8217;avenir avec un bon rapport qualit\u00e9-prix.<\/p>\n<h3>Quelle est la diff\u00e9rence entre l&#8217;assurance compl\u00e8te et les solutions semi-autonomes ?<\/h3>\n<p>Les fonds de pension semi-autonomes sont plus flexibles en ce qui concerne la strat\u00e9gie d&#8217;investissement et offrent donc aux assur\u00e9es de meilleures opportunit\u00e9s de pouvoir profiter des diverses opportunit\u00e9s de profit. Cela profite aux clients et aux assur\u00e9s. Vous profitez d&#8217;un taux d&#8217;int\u00e9r\u00eat plus \u00e9lev\u00e9 sur votre \u00e9pargne-retraite et donc de rentes plus \u00e9lev\u00e9es &#8211; et ce, \u00e0 un prix plus avantageux. Avec cette nouvelle solution, nos clients paieront en moyenne 30 % de primes de risque en moins \u00e0 partir de 2019.<\/p>\n<h3>Le passage de l&#8217;assurance compl\u00e8te \u00e0 des solutions semi-autonomes d\u00e9stabilise probablement certains jeunes entrepreneurs. Recommanderiez-vous cette solution \u00e0 des start-ups ?<\/h3>\n<p>Oui, la solution semi-autonome est un bon choix, surtout pour les start-ups. Les gens vivent de plus en plus longtemps, ce qui entra\u00eene des obligations de retraite \u00e0 plus long terme. D&#8217;autre part, la faiblesse des taux d&#8217;int\u00e9r\u00eat r\u00e9duit les rendements qui seraient n\u00e9cessaires pour financer ces prestations de retraite. Pour combler ce vide, l&#8217;argent est constamment redistribu\u00e9 des jeunes cotisants aux retrait\u00e9s.<br \/>\nCette redistribution des jeunes g\u00e9n\u00e9rations vers les g\u00e9n\u00e9rations plus \u00e2g\u00e9es a fortement augment\u00e9 ces derni\u00e8res ann\u00e9es, en particulier dans le domaine de l&#8217;assurance compl\u00e8te &#8211; rien que chez AXA, elle s&#8217;\u00e9levait \u00e0 plus de CHF 3,4 milliards entre 2012 et 2017. Cela repr\u00e9sente plus de 1 500 francs que les personnes actives perdent dans leur \u00e9pargne-retraite chaque ann\u00e9e.<br \/>\nCette redistribution peut \u00eatre consid\u00e9rablement r\u00e9duite gr\u00e2ce \u00e0 la nouvelle solution semi-autonome. Ce changement vaut la peine pour tous nos clients, mais surtout pour ceux dont les employ\u00e9s sont majoritairement jeunes, comme c&#8217;est le cas pour de nombreuses start-ups.<\/p>\n<h3>Quels sont les inconv\u00e9nients de cette solution ?<\/h3>\n<p>Avec l&#8217;assurance compl\u00e8te, l&#8217;avoir de vieillesse \u00e9tait couvert \u00e0 100 % en tout temps. Ce n&#8217;est plus le cas avec la solution semi-autonome. Toutefois, le risque d&#8217;une couverture insuffisante \u00e0 plus long terme, ce qui n\u00e9cessiterait des mesures de restructuration, est faible.<\/p>\n<p><span class=\"embed-youtube\" style=\"text-align:center; display: block;\"><iframe loading=\"lazy\" class=\"youtube-player\" width=\"640\" height=\"360\" src=\"https:\/\/www.youtube.com\/embed\/5dXr2AVbTCY?version=3&#038;rel=1&#038;showsearch=0&#038;showinfo=1&#038;iv_load_policy=1&#038;fs=1&#038;hl=en-US&#038;autohide=2&#038;wmode=transparent\" allowfullscreen=\"true\" style=\"border:0;\" sandbox=\"allow-scripts allow-same-origin allow-popups allow-presentation allow-popups-to-escape-sandbox\"><\/iframe><\/span><\/p>\n<p><a class=\"postButton\" href=\"https:\/\/www.startups.ch\/fr\/services\/creation-entreprise\" target=\"_blank\" rel=\"noopener noreferrer\">\u00bb Se lancer, cr\u00e9er son entreprise<\/a>\u00a0<a class=\"postButton\" href=\" https:\/\/startups.ch\/fr\/preparer\/business-plan\/qui-besoin\/\" target=\"_blank\" rel=\"noopener noreferrer\">\u00bb R\u00e9diger son Business plan<\/a><\/p>\n","protected":false},"excerpt":{"rendered":"<p>Depuis peu, AXA propose des solutions de pr\u00e9voyance professionnelle semi-autonomes. Findea s&#8217;est entretenu avec Thomas Gerber, responsable de la pr\u00e9voyance d&#8217;AXA Suisse, afin d&#8217;en savoir plus sur les avantages et les inconv\u00e9nients de ce nouveau mod\u00e8le.<\/p>\n","protected":false},"author":1,"featured_media":0,"comment_status":"open","ping_status":"open","sticky":false,"template":"","format":"standard","meta":{"content-type":"","jetpack_post_was_ever_published":false,"_jetpack_newsletter_access":"","_jetpack_dont_email_post_to_subs":false,"_jetpack_newsletter_tier_id":0,"footnotes":"","jetpack_publicize_message":"","jetpack_publicize_feature_enabled":true,"jetpack_social_post_already_shared":true,"jetpack_social_options":{"image_generator_settings":{"template":"highway","enabled":false}}},"categories":[210,13],"tags":[],"jetpack_publicize_connections":[],"aioseo_notices":[],"views":2164,"jetpack_featured_media_url":"","jetpack_sharing_enabled":true,"jetpack_shortlink":"https:\/\/wp.me\/p7y0qY-1Hi","_links":{"self":[{"href":"https:\/\/blog.startups.ch\/fr\/wp-json\/wp\/v2\/posts\/6528"}],"collection":[{"href":"https:\/\/blog.startups.ch\/fr\/wp-json\/wp\/v2\/posts"}],"about":[{"href":"https:\/\/blog.startups.ch\/fr\/wp-json\/wp\/v2\/types\/post"}],"author":[{"embeddable":true,"href":"https:\/\/blog.startups.ch\/fr\/wp-json\/wp\/v2\/users\/1"}],"replies":[{"embeddable":true,"href":"https:\/\/blog.startups.ch\/fr\/wp-json\/wp\/v2\/comments?post=6528"}],"version-history":[{"count":8,"href":"https:\/\/blog.startups.ch\/fr\/wp-json\/wp\/v2\/posts\/6528\/revisions"}],"predecessor-version":[{"id":7918,"href":"https:\/\/blog.startups.ch\/fr\/wp-json\/wp\/v2\/posts\/6528\/revisions\/7918"}],"wp:attachment":[{"href":"https:\/\/blog.startups.ch\/fr\/wp-json\/wp\/v2\/media?parent=6528"}],"wp:term":[{"taxonomy":"category","embeddable":true,"href":"https:\/\/blog.startups.ch\/fr\/wp-json\/wp\/v2\/categories?post=6528"},{"taxonomy":"post_tag","embeddable":true,"href":"https:\/\/blog.startups.ch\/fr\/wp-json\/wp\/v2\/tags?post=6528"}],"curies":[{"name":"wp","href":"https:\/\/api.w.org\/{rel}","templated":true}]}}