{"id":651,"date":"2011-12-05T10:06:14","date_gmt":"2011-12-05T08:06:14","guid":{"rendered":"http:\/\/blog.startups.ch\/fr\/?p=651"},"modified":"2024-07-09T12:06:46","modified_gmt":"2024-07-09T10:06:46","slug":"peut-on-creer-une-sa-une-sarl-ou-une-raison-individuelle-en-tant-que-personne-seule","status":"publish","type":"post","link":"https:\/\/blog.startups.ch\/fr\/2011\/12\/05\/peut-on-creer-une-sa-une-sarl-ou-une-raison-individuelle-en-tant-que-personne-seule\/","title":{"rendered":"Peut-on cr\u00e9er une SA, une S\u00e0RL ou une raison individuelle en tant que personne seule?"},"content":{"rendered":"\n<h2 class=\"wp-block-heading\"><strong>Est-il possible pour une seule personne de cr\u00e9er une SA, une S\u00e0RL ou une raison individuelle sans associ\u00e9 ? Quelles sont les diff\u00e9rences par rapport \u00e0 la raison individuelle?<\/strong><\/h2>\n\n\n\n<!--more-->\n\n\n<div class=\"wp-block-image\">\n<figure class=\"aligncenter\"><img loading=\"lazy\" decoding=\"async\" width=\"690\" height=\"347\" src=\"https:\/\/i0.wp.com\/blog.startups.ch\/fr\/wp-content\/uploads\/2013\/02\/Fotolia_43009286_S.jpg?resize=690%2C347\" alt=\"Cr\u00e9er une SA seul\" class=\"wp-image-1405\" srcset=\"https:\/\/i0.wp.com\/blog.startups.ch\/fr\/wp-content\/uploads\/2013\/02\/Fotolia_43009286_S.jpg?w=690&amp;ssl=1 690w, https:\/\/i0.wp.com\/blog.startups.ch\/fr\/wp-content\/uploads\/2013\/02\/Fotolia_43009286_S.jpg?resize=300%2C150&amp;ssl=1 300w\" sizes=\"(max-width: 690px) 100vw, 690px\" data-recalc-dims=\"1\" \/><\/figure><\/div>\n\n\n<h3 class=\"wp-block-heading\">Cr\u00e9ation de soci\u00e9t\u00e9 par une seule personne<\/h3>\n\n\n\n<p>Depuis le 1er janvier 2008, il est d\u00e9sormais possible de cr\u00e9er une SA ou une S\u00e0RL avec une seule personne. Cette r\u00e9forme a align\u00e9 la l\u00e9gislation suisse sur celle de l&#8217;Europe, o\u00f9 une personne seule peut cr\u00e9er ce type de soci\u00e9t\u00e9 depuis longtemps. Lors de la cr\u00e9ation, le fondateur doit remplir seul toutes les conditions l\u00e9gales. Cependant, il b\u00e9n\u00e9ficie de tous les avantages du droit des soci\u00e9t\u00e9s, notamment en mati\u00e8re de responsabilit\u00e9. Il n&#8217;est pas n\u00e9cessaire d&#8217;ajouter d&#8217;autres associ\u00e9s pour la continuit\u00e9 de la soci\u00e9t\u00e9. En pratique, les soci\u00e9t\u00e9s de capitaux \u00e0 une personne sont courantes. Si le fondateur souhaite d\u00e9velopper son activit\u00e9, il peut \u00eatre avantageux de s&#8217;associer pour augmenter le capital.<\/p>\n\n\n\n<h3 class=\"wp-block-heading\">SA avec une personne<\/h3>\n\n\n\n<p>Lorsqu&#8217;une SA est fond\u00e9e par une seule personne, celle-ci devient l&#8217;actionnaire principal. Cet actionnaire investit une partie de sa fortune dans la soci\u00e9t\u00e9, qui est alors s\u00e9par\u00e9e de sa fortune personnelle. En cas de dettes, seule la fortune investie dans la soci\u00e9t\u00e9 (le capital de la SA) est engag\u00e9e. La fortune priv\u00e9e de l&#8217;actionnaire est prot\u00e9g\u00e9e, ce qui constitue un avantage majeur de cette structure juridique. Toutefois, l&#8217;actionnaire doit respecter les r\u00e8gles du droit des soci\u00e9t\u00e9s, notamment concernant les retraits d&#8217;argent de la soci\u00e9t\u00e9, qui doivent \u00eatre faits sous forme de dividendes ou de salaires, conform\u00e9ment \u00e0 un contrat de travail. En cas de non-respect de ces r\u00e8gles, l&#8217;actionnaire risque de voir sa fortune personnelle saisie par les cr\u00e9anciers.<\/p>\n\n\n\n<h3 class=\"wp-block-heading\">S\u00e0RL avec une personne<\/h3>\n\n\n\n<p>La cr\u00e9ation d&#8217;une S\u00e0RL par une seule personne est \u00e9galement possible. La soci\u00e9t\u00e9 r\u00e9pond de ses dettes uniquement avec sa propre fortune. Comme pour une SA, l&#8217;associ\u00e9 unique doit respecter les r\u00e8gles du droit des soci\u00e9t\u00e9s. En g\u00e9n\u00e9ral, la S\u00e0RL est adapt\u00e9e aux petites et moyennes entreprises.<\/p>\n\n\n\n<h3 class=\"wp-block-heading\">Diff\u00e9rences par rapport \u00e0 la raison individuelle<\/h3>\n\n\n\n<p>La raison individuelle est li\u00e9e exclusivement \u00e0 son fondateur, sans possibilit\u00e9 d&#8217;ajouter des associ\u00e9s. Elle peut \u00eatre transform\u00e9e en SA ou en S\u00e0RL. La principale diff\u00e9rence avec une SA ou une S\u00e0RL est que l&#8217;entrepreneur individuel engage toute sa fortune personnelle pour les dettes de l&#8217;entreprise, de mani\u00e8re illimit\u00e9e. L&#8217;avantage est la simplicit\u00e9 administrative et la flexibilit\u00e9, mais l&#8217;entrepreneur supporte personnellement tous les risques.<\/p>\n\n\n\n<p><a class=\"postButton\" href=\"https:\/\/www.startups.ch\/fr\/services\/creation-entreprise\" target=\"_blank\" rel=\"noopener noreferrer\">\u00bb Se lancer, cr\u00e9er son entreprise<\/a>&nbsp;<a class=\"postButton\" href=\"https:\/\/www.startups.ch\/fr\/prix\" target=\"_blank\" rel=\"noopener noreferrer\">\u00bb Nos services<\/a><\/p>\n","protected":false},"excerpt":{"rendered":"<p>Est-il possible pour une seule personne de cr\u00e9er une SA, une S\u00e0RL ou une raison individuelle sans associ\u00e9 ? Quelles sont les diff\u00e9rences par rapport \u00e0 la raison individuelle?<\/p>\n","protected":false},"author":7,"featured_media":0,"comment_status":"open","ping_status":"closed","sticky":false,"template":"","format":"standard","meta":{"content-type":"","jetpack_post_was_ever_published":false,"_jetpack_newsletter_access":"","_jetpack_dont_email_post_to_subs":false,"_jetpack_newsletter_tier_id":0,"footnotes":"","jetpack_publicize_message":"","jetpack_publicize_feature_enabled":true,"jetpack_social_post_already_shared":false,"jetpack_social_options":{"image_generator_settings":{"template":"highway","enabled":false}}},"categories":[5,3,4],"tags":[553,555,405,554,36],"jetpack_publicize_connections":[],"aioseo_notices":[],"views":9614,"jetpack_featured_media_url":"","jetpack_sharing_enabled":true,"jetpack_shortlink":"https:\/\/wp.me\/p7y0qY-av","_links":{"self":[{"href":"https:\/\/blog.startups.ch\/fr\/wp-json\/wp\/v2\/posts\/651"}],"collection":[{"href":"https:\/\/blog.startups.ch\/fr\/wp-json\/wp\/v2\/posts"}],"about":[{"href":"https:\/\/blog.startups.ch\/fr\/wp-json\/wp\/v2\/types\/post"}],"author":[{"embeddable":true,"href":"https:\/\/blog.startups.ch\/fr\/wp-json\/wp\/v2\/users\/7"}],"replies":[{"embeddable":true,"href":"https:\/\/blog.startups.ch\/fr\/wp-json\/wp\/v2\/comments?post=651"}],"version-history":[{"count":7,"href":"https:\/\/blog.startups.ch\/fr\/wp-json\/wp\/v2\/posts\/651\/revisions"}],"predecessor-version":[{"id":11432,"href":"https:\/\/blog.startups.ch\/fr\/wp-json\/wp\/v2\/posts\/651\/revisions\/11432"}],"wp:attachment":[{"href":"https:\/\/blog.startups.ch\/fr\/wp-json\/wp\/v2\/media?parent=651"}],"wp:term":[{"taxonomy":"category","embeddable":true,"href":"https:\/\/blog.startups.ch\/fr\/wp-json\/wp\/v2\/categories?post=651"},{"taxonomy":"post_tag","embeddable":true,"href":"https:\/\/blog.startups.ch\/fr\/wp-json\/wp\/v2\/tags?post=651"}],"curies":[{"name":"wp","href":"https:\/\/api.w.org\/{rel}","templated":true}]}}