{"id":649,"date":"2011-12-01T10:03:26","date_gmt":"2011-12-01T08:03:26","guid":{"rendered":"http:\/\/blog.startups.ch\/fr\/?p=649"},"modified":"2013-06-25T17:27:45","modified_gmt":"2013-06-25T15:27:45","slug":"obligation-avs-de-l%e2%80%99employeur","status":"publish","type":"post","link":"https:\/\/blog.startups.ch\/fr\/2011\/12\/01\/obligation-avs-de-l%e2%80%99employeur\/","title":{"rendered":"Obligation AVS de l\u2019employeur"},"content":{"rendered":"<p><strong>Obligation AVS: A partir de quel salaire et sous quelles conditions l&#8217;employeur est-il oblig\u00e9 de payer des cotisations AVS ?<\/strong><\/p>\n<p><img loading=\"lazy\" decoding=\"async\" class=\"alignleft size-medium wp-image-1433\" title=\"AVS\" alt=\"AVS\" src=\"https:\/\/i0.wp.com\/blog.startups.ch\/fr\/wp-content\/uploads\/2011\/12\/Fotolia_Buchhaltung_zugeschnitten-300x115.jpg?resize=300%2C115\" width=\"300\" height=\"115\" srcset=\"https:\/\/i0.wp.com\/blog.startups.ch\/fr\/wp-content\/uploads\/2011\/12\/Fotolia_Buchhaltung_zugeschnitten.jpg?resize=300%2C115&amp;ssl=1 300w, https:\/\/i0.wp.com\/blog.startups.ch\/fr\/wp-content\/uploads\/2011\/12\/Fotolia_Buchhaltung_zugeschnitten.jpg?w=688&amp;ssl=1 688w\" sizes=\"(max-width: 300px) 100vw, 300px\" data-recalc-dims=\"1\" \/>De mani\u00e8re g\u00e9n\u00e9rale chaque employeur est assujetti \u00e0 l\u2019AVS, sans \u00e9gard au nombre d\u2019employ\u00e9s qu\u2019il emploie ou au montant de leur salaire. Cependant, si l\u2019employ\u00e9 a un autre emploi et que son salaire dans l\u2019entreprise ne d\u00e9passe pas les CHF 2&#8217;300<strong> par ann\u00e9e<\/strong>, l\u2019employeur ne doit payer les cotisations que sur demande de l\u2019employ\u00e9.<\/p>\n","protected":false},"excerpt":{"rendered":"<p>Obligation AVS: A partir de quel salaire et sous quelles conditions l&#8217;employeur est-il oblig\u00e9 de payer des cotisations AVS ? De mani\u00e8re g\u00e9n\u00e9rale chaque employeur est assujetti \u00e0 l\u2019AVS, sans \u00e9gard au nombre d\u2019employ\u00e9s qu\u2019il emploie ou au montant de leur salaire. Cependant, si l\u2019employ\u00e9 a un autre emploi et que son salaire dans l\u2019entreprise [&hellip;]<\/p>\n","protected":false},"author":7,"featured_media":0,"comment_status":"open","ping_status":"closed","sticky":false,"template":"","format":"standard","meta":{"content-type":"","jetpack_post_was_ever_published":false,"_jetpack_newsletter_access":"","_jetpack_dont_email_post_to_subs":false,"_jetpack_newsletter_tier_id":0,"footnotes":"","jetpack_publicize_message":"","jetpack_publicize_feature_enabled":true,"jetpack_social_post_already_shared":false,"jetpack_social_options":{"image_generator_settings":{"template":"highway","enabled":false}}},"categories":[6,1,12],"tags":[131,182],"jetpack_publicize_connections":[],"aioseo_notices":[],"views":6770,"jetpack_featured_media_url":"","jetpack_sharing_enabled":true,"jetpack_shortlink":"https:\/\/wp.me\/p7y0qY-at","_links":{"self":[{"href":"https:\/\/blog.startups.ch\/fr\/wp-json\/wp\/v2\/posts\/649"}],"collection":[{"href":"https:\/\/blog.startups.ch\/fr\/wp-json\/wp\/v2\/posts"}],"about":[{"href":"https:\/\/blog.startups.ch\/fr\/wp-json\/wp\/v2\/types\/post"}],"author":[{"embeddable":true,"href":"https:\/\/blog.startups.ch\/fr\/wp-json\/wp\/v2\/users\/7"}],"replies":[{"embeddable":true,"href":"https:\/\/blog.startups.ch\/fr\/wp-json\/wp\/v2\/comments?post=649"}],"version-history":[{"count":5,"href":"https:\/\/blog.startups.ch\/fr\/wp-json\/wp\/v2\/posts\/649\/revisions"}],"predecessor-version":[{"id":659,"href":"https:\/\/blog.startups.ch\/fr\/wp-json\/wp\/v2\/posts\/649\/revisions\/659"}],"wp:attachment":[{"href":"https:\/\/blog.startups.ch\/fr\/wp-json\/wp\/v2\/media?parent=649"}],"wp:term":[{"taxonomy":"category","embeddable":true,"href":"https:\/\/blog.startups.ch\/fr\/wp-json\/wp\/v2\/categories?post=649"},{"taxonomy":"post_tag","embeddable":true,"href":"https:\/\/blog.startups.ch\/fr\/wp-json\/wp\/v2\/tags?post=649"}],"curies":[{"name":"wp","href":"https:\/\/api.w.org\/{rel}","templated":true}]}}