{"id":646,"date":"2011-11-30T10:00:26","date_gmt":"2011-11-30T08:00:26","guid":{"rendered":"http:\/\/blog.startups.ch\/fr\/?p=646"},"modified":"2014-01-08T12:17:58","modified_gmt":"2014-01-08T10:17:58","slug":"membre-conseil-dadministration-actionnaire","status":"publish","type":"post","link":"https:\/\/blog.startups.ch\/fr\/2011\/11\/30\/membre-conseil-dadministration-actionnaire\/","title":{"rendered":"Conseil d&#8217;administration: les membres doivent-ils \u00eatre \u00e9galement actionnaires?"},"content":{"rendered":"<p><strong>FAQ: Un membre du conseil d\u2019administration doit-il \u00e9galement \u00eatre actionnaire ?<\/strong><\/p>\n<p><img loading=\"lazy\" decoding=\"async\" class=\"alignleft size-medium wp-image-1188\" title=\"conseil d'administration\" alt=\"conseil d\u2019administration\" src=\"https:\/\/i0.wp.com\/blog.startups.ch\/fr\/wp-content\/uploads\/2012\/10\/Fotolia_43485418_S-300x126.jpg?resize=300%2C126\" width=\"300\" height=\"126\" srcset=\"https:\/\/i0.wp.com\/blog.startups.ch\/fr\/wp-content\/uploads\/2012\/10\/Fotolia_43485418_S.jpg?resize=300%2C126&amp;ssl=1 300w, https:\/\/i0.wp.com\/blog.startups.ch\/fr\/wp-content\/uploads\/2012\/10\/Fotolia_43485418_S.jpg?w=690&amp;ssl=1 690w\" sizes=\"(max-width: 300px) 100vw, 300px\" data-recalc-dims=\"1\" \/>Non, depuis la r\u00e9forme partielle du droit des obligations en 2008,\u00a0 ce n\u2019est plus obligatoire d\u2019\u00eatre actionnaire pour \u00eatre membre du conseil d\u2019administration d\u2019une soci\u00e9t\u00e9 suisse. \u00a0Cette r\u00e9forme est une excellente nouvelle pour les soci\u00e9t\u00e9s et en particulier pour les soci\u00e9t\u00e9s dont l\u2019actionnariat est d\u00e9tenu \u00e0 100% par un actionnaire. C\u2019est cependant plus probl\u00e9matique pour la corporate governance des grandes soci\u00e9t\u00e9s cot\u00e9es en bourse.<\/p>\n","protected":false},"excerpt":{"rendered":"<p>FAQ: Un membre du conseil d\u2019administration doit-il \u00e9galement \u00eatre actionnaire ? Non, depuis la r\u00e9forme partielle du droit des obligations en 2008,\u00a0 ce n\u2019est plus obligatoire d\u2019\u00eatre actionnaire pour \u00eatre membre du conseil d\u2019administration d\u2019une soci\u00e9t\u00e9 suisse. \u00a0Cette r\u00e9forme est une excellente nouvelle pour les soci\u00e9t\u00e9s et en particulier pour les soci\u00e9t\u00e9s dont l\u2019actionnariat est [&hellip;]<\/p>\n","protected":false},"author":7,"featured_media":0,"comment_status":"open","ping_status":"closed","sticky":false,"template":"","format":"standard","meta":{"content-type":"","jetpack_post_was_ever_published":false,"_jetpack_newsletter_access":"","_jetpack_dont_email_post_to_subs":false,"_jetpack_newsletter_tier_id":0,"footnotes":"","jetpack_publicize_message":"","jetpack_publicize_feature_enabled":true,"jetpack_social_post_already_shared":false,"jetpack_social_options":{"image_generator_settings":{"template":"highway","enabled":false}}},"categories":[6,4],"tags":[59,93,92,404],"jetpack_publicize_connections":[],"aioseo_notices":[],"views":3178,"jetpack_featured_media_url":"","jetpack_sharing_enabled":true,"jetpack_shortlink":"https:\/\/wp.me\/p7y0qY-aq","_links":{"self":[{"href":"https:\/\/blog.startups.ch\/fr\/wp-json\/wp\/v2\/posts\/646"}],"collection":[{"href":"https:\/\/blog.startups.ch\/fr\/wp-json\/wp\/v2\/posts"}],"about":[{"href":"https:\/\/blog.startups.ch\/fr\/wp-json\/wp\/v2\/types\/post"}],"author":[{"embeddable":true,"href":"https:\/\/blog.startups.ch\/fr\/wp-json\/wp\/v2\/users\/7"}],"replies":[{"embeddable":true,"href":"https:\/\/blog.startups.ch\/fr\/wp-json\/wp\/v2\/comments?post=646"}],"version-history":[{"count":12,"href":"https:\/\/blog.startups.ch\/fr\/wp-json\/wp\/v2\/posts\/646\/revisions"}],"predecessor-version":[{"id":2887,"href":"https:\/\/blog.startups.ch\/fr\/wp-json\/wp\/v2\/posts\/646\/revisions\/2887"}],"wp:attachment":[{"href":"https:\/\/blog.startups.ch\/fr\/wp-json\/wp\/v2\/media?parent=646"}],"wp:term":[{"taxonomy":"category","embeddable":true,"href":"https:\/\/blog.startups.ch\/fr\/wp-json\/wp\/v2\/categories?post=646"},{"taxonomy":"post_tag","embeddable":true,"href":"https:\/\/blog.startups.ch\/fr\/wp-json\/wp\/v2\/tags?post=646"}],"curies":[{"name":"wp","href":"https:\/\/api.w.org\/{rel}","templated":true}]}}