{"id":6456,"date":"2018-04-27T11:00:27","date_gmt":"2018-04-27T09:00:27","guid":{"rendered":"https:\/\/www.startups.ch\/fr\/blog\/?p=6456"},"modified":"2019-08-27T11:32:50","modified_gmt":"2019-08-27T09:32:50","slug":"allfemalepanel-a-connect-digital-commerce-conference","status":"publish","type":"post","link":"https:\/\/blog.startups.ch\/fr\/2018\/04\/27\/allfemalepanel-a-connect-digital-commerce-conference\/","title":{"rendered":"#allfemalepanel \u00e0 la Connect &#8211; Digital Commerce Conference"},"content":{"rendered":"<p><img loading=\"lazy\" decoding=\"async\" class=\"alignnone size-full wp-image-6457\" src=\"https:\/\/i0.wp.com\/www.startups.ch\/fr\/blog\/wp-content\/uploads\/2018\/04\/digital-commerce-triple-2018-inkl-datum-location.png?resize=750%2C406&#038;ssl=1\" alt=\"\" width=\"750\" height=\"406\" data-recalc-dims=\"1\" \/><\/p>\n<p>Le 23 mai 2018, le Who&#8217;s Who du Swiss Retail se r\u00e9unira au X-TRA Zurich.<\/p>\n<p>Il s\u2019agit l\u00e0 d\u2019un \u00e9v\u00e9nement organis\u00e9 par le Retail pour le Retail dont le but est l\u2019\u00e9change interdisciplinaire d\u2019exp\u00e9riences. Un accent particulier est mis sur le multiculturalisme ainsi que sur la diversit\u00e9 des genres.<\/p>\n<p>R\u00e9servez vos billets <a href=\"https:\/\/digital-commerce-conference.ch\/tickets\/\">ici<\/a>.<\/p>\n<p><a class=\"postButton\" href=\"https:\/\/www.startups.ch\/fr\/services\/creation-entreprise\" target=\"_blank\" rel=\"noopener noreferrer\">\u00bb Se lancer, cr\u00e9er son entreprise<\/a>\u00a0<a class=\"postButton\" href=\" https:\/\/startups.ch\/fr\/preparer\/business-plan\/qui-besoin\/\" target=\"_blank\" rel=\"noopener noreferrer\">\u00bb R\u00e9diger son Business plan<\/a><\/p>\n","protected":false},"excerpt":{"rendered":"<p>Le 23 mai 2018, le Who&#8217;s Who du Swiss Retail se r\u00e9unira au X-TRA Zurich. Il s\u2019agit l\u00e0 d\u2019un \u00e9v\u00e9nement organis\u00e9 par le Retail pour le Retail dont le but est l\u2019\u00e9change interdisciplinaire d\u2019exp\u00e9riences. Un accent particulier est mis sur le multiculturalisme ainsi que sur la diversit\u00e9 des genres. R\u00e9servez vos billets ici. \u00bb Se [&hellip;]<\/p>\n","protected":false},"author":1,"featured_media":0,"comment_status":"open","ping_status":"open","sticky":false,"template":"","format":"standard","meta":{"content-type":"","jetpack_post_was_ever_published":false,"_jetpack_newsletter_access":"","_jetpack_dont_email_post_to_subs":false,"_jetpack_newsletter_tier_id":0,"footnotes":"","jetpack_publicize_message":"","jetpack_publicize_feature_enabled":true,"jetpack_social_post_already_shared":true,"jetpack_social_options":{"image_generator_settings":{"template":"highway","enabled":false}}},"categories":[1],"tags":[],"jetpack_publicize_connections":[],"aioseo_notices":[],"views":1063,"jetpack_featured_media_url":"","jetpack_sharing_enabled":true,"jetpack_shortlink":"https:\/\/wp.me\/p7y0qY-1G8","_links":{"self":[{"href":"https:\/\/blog.startups.ch\/fr\/wp-json\/wp\/v2\/posts\/6456"}],"collection":[{"href":"https:\/\/blog.startups.ch\/fr\/wp-json\/wp\/v2\/posts"}],"about":[{"href":"https:\/\/blog.startups.ch\/fr\/wp-json\/wp\/v2\/types\/post"}],"author":[{"embeddable":true,"href":"https:\/\/blog.startups.ch\/fr\/wp-json\/wp\/v2\/users\/1"}],"replies":[{"embeddable":true,"href":"https:\/\/blog.startups.ch\/fr\/wp-json\/wp\/v2\/comments?post=6456"}],"version-history":[{"count":3,"href":"https:\/\/blog.startups.ch\/fr\/wp-json\/wp\/v2\/posts\/6456\/revisions"}],"predecessor-version":[{"id":7920,"href":"https:\/\/blog.startups.ch\/fr\/wp-json\/wp\/v2\/posts\/6456\/revisions\/7920"}],"wp:attachment":[{"href":"https:\/\/blog.startups.ch\/fr\/wp-json\/wp\/v2\/media?parent=6456"}],"wp:term":[{"taxonomy":"category","embeddable":true,"href":"https:\/\/blog.startups.ch\/fr\/wp-json\/wp\/v2\/categories?post=6456"},{"taxonomy":"post_tag","embeddable":true,"href":"https:\/\/blog.startups.ch\/fr\/wp-json\/wp\/v2\/tags?post=6456"}],"curies":[{"name":"wp","href":"https:\/\/api.w.org\/{rel}","templated":true}]}}