{"id":6374,"date":"2018-03-22T14:00:05","date_gmt":"2018-03-22T13:00:05","guid":{"rendered":"https:\/\/www.startups.ch\/fr\/blog\/?p=6374"},"modified":"2019-08-27T11:36:34","modified_gmt":"2019-08-27T09:36:34","slug":"entretien-estuardo-escobar-partenaire-directeur-general-de-limebike","status":"publish","type":"post","link":"https:\/\/blog.startups.ch\/fr\/2018\/03\/22\/entretien-estuardo-escobar-partenaire-directeur-general-de-limebike\/","title":{"rendered":"Entretien avec Estuardo Escobar, partenaire et directeur g\u00e9n\u00e9ral de LimeBike."},"content":{"rendered":"<div>\n<h2 class=\"Default\">La mobilit\u00e9 et l&#8217;environnement sont deux sujets qui ne cessent de faire parler d&#8217;eux. LimeBike, un nouveau service de location de v\u00e9los, offre une solution qui r\u00e9pond parfaitement \u00e0 ces deux aspects cl\u00e9s de notre soci\u00e9t\u00e9 actuelle.<br \/>\nSTARTUPS.CH a rencontr\u00e9 Estuardo Escobar, partenaire et directeur g\u00e9n\u00e9ral de LimeBike.<\/h2>\n<\/div>\n<p><!--more--><\/p>\n<h3><img loading=\"lazy\" decoding=\"async\" class=\"alignnone size-full wp-image-6375\" src=\"https:\/\/i0.wp.com\/www.startups.ch\/fr\/blog\/wp-content\/uploads\/2018\/03\/Estuardo-LimeBike-Slack.png?resize=356%2C353&#038;ssl=1\" alt=\"\" width=\"356\" height=\"353\" srcset=\"https:\/\/i0.wp.com\/blog.startups.ch\/fr\/wp-content\/uploads\/2018\/03\/Estuardo-LimeBike-Slack.png?w=356&amp;ssl=1 356w, https:\/\/i0.wp.com\/blog.startups.ch\/fr\/wp-content\/uploads\/2018\/03\/Estuardo-LimeBike-Slack.png?resize=150%2C150&amp;ssl=1 150w, https:\/\/i0.wp.com\/blog.startups.ch\/fr\/wp-content\/uploads\/2018\/03\/Estuardo-LimeBike-Slack.png?resize=144%2C144&amp;ssl=1 144w\" sizes=\"(max-width: 356px) 100vw, 356px\" data-recalc-dims=\"1\" \/><\/h3>\n<h3>LimeBike a connu un d\u00e9part incroyable aux Etats-Unis. Pensez-vous que le lancement sur le march\u00e9 suisse sera similaire ?<\/h3>\n<p>La Suisse ne peut \u00eatre compar\u00e9e aux Etats-Unis. Ici, tout est un peu plus calme et moins &#8216;hyped&#8217; qu&#8217;aux USA &#8211; mais notre lancement sur le march\u00e9 suisse ne doit pas non plus \u00eatre sous-estim\u00e9. Malgr\u00e9 le froid, nous sommes pour l&#8217;instant au-dessus de nos attentes.<\/p>\n<p>La semaine prochaine nous participerons au World Mobile Congress, o\u00f9 nous pr\u00e9senterons 2 nouveaux produits.\u00a0 L&#8217;un d&#8217;entre eux devrait d\u00e9clencher un certain battage m\u00e9diatique.<\/p>\n<h3>Qu&#8217;est-ce qui a incit\u00e9 LimeBike \u00e0 choisir Zurich comme premier site en dehors des Etats-Unis ?<\/h3>\n<p>La r\u00e9ponse est relativement simple : premi\u00e8rement, Zurich est situ\u00e9e au c\u0153ur de l&#8217;Europe, id\u00e9ale pour une expansion dans toutes les directions ; deuxi\u00e8mement, Zurich est consid\u00e9r\u00e9e comme un point chaud pour les start-ups technologiques comme la n\u00f4tre ; et troisi\u00e8mement, le gouvernement de la ville est tr\u00e8s ouvert \u00e0 l&#8217;innovation et est tr\u00e8s sensible aux sujets environnementaux.<\/p>\n<h3>Selon vous, quel est le potentiel du march\u00e9 des syst\u00e8mes de location de v\u00e9los en Suisse ?<\/h3>\n<p>Vous savez, LimeBike ne se consid\u00e8re pas comme une entreprise de location de v\u00e9los, c&#8217;est la diff\u00e9rence avec les offres existantes. Nous sommes une start-up du domaine de la&#8217; Smart Urban Mobility&#8217;. Avec nos offres, nous voulons transformer la fa\u00e7on dont notre soci\u00e9t\u00e9 voit la mobilit\u00e9. Il s&#8217;agit d&#8217;un tout nouveau march\u00e9 et d&#8217;un \u00e9norme potentiel, et pas seulement en Suisse.<\/p>\n<h3>La phase de d\u00e9marrage d&#8217;une start-up est toujours une p\u00e9riode tr\u00e8s excitante pour toutes les personnes impliqu\u00e9es. Comment vivez-vous cette exp\u00e9rience en Suisse?<\/h3>\n<p>La pression est d\u00e9j\u00e0 l\u00e0, bien s\u00fbr &#8211; et la Suisse est le premier march\u00e9 en dehors des Etats-Unis auquel nous nous int\u00e9ressons. Mais cela ne me d\u00e9range pas, car ce qui est formidable dans la mise en place d&#8217;une startup, c&#8217;est l&#8217;incroyable vari\u00e9t\u00e9 de t\u00e2ches que vous avez \u00e0 accomplir. J&#8217;appr\u00e9cie la rapidit\u00e9, l&#8217;innovation et le d\u00e9vouement de mon \u00e9quipe.\u00a0 C&#8217;est pr\u00e9cis\u00e9ment cette complexit\u00e9 et la d\u00e9couverte de ses propres limites qui rendent cette t\u00e2che si excitante et int\u00e9ressante !<\/p>\n<h3>Une question personnelle : qu&#8217;est-ce qui vous a incit\u00e9 \u00e0 vous impliquer dans une start-up ?<\/h3>\n<p>Je crois qu&#8217;il y a vraiment le soi-disant &#8220;g\u00e8ne de l&#8217;entrepreneur&#8221;. J&#8217;ai toujours aim\u00e9 mettre tout mon c\u0153ur et mon \u00e2me dans des projets ambitieux pour relever divers d\u00e9fis.<\/p>\n<h3>Une derni\u00e8re question : quels sont vos conseils aux jeunes entrepreneurs ?<\/h3>\n<p>Cela peut sembler banal, mais \u00e0 mon avis, les meilleurs conseils pour avoir du succ\u00e8s dans l&#8217;entreprenariat c&#8217;est de ne jamais renoncer, m\u00eame en cas de probl\u00e8mes, et de savoir s&#8217;entourer des bonnes personnes qui vous aiderons \u00e0 surmonter les p\u00e9riodes les plus difficiles.<\/p>\n<h3><img loading=\"lazy\" decoding=\"async\" class=\"alignnone wp-image-6376\" src=\"https:\/\/i0.wp.com\/www.startups.ch\/fr\/blog\/wp-content\/uploads\/2018\/03\/rsh-60.png?resize=435%2C124&#038;ssl=1\" alt=\"\" width=\"435\" height=\"124\" data-recalc-dims=\"1\" \/><\/h3>\n<div class=\"translation\"><a class=\"postButton\" href=\"https:\/\/www.startups.ch\/fr\/services\/creation-entreprise\" target=\"_blank\" rel=\"noopener noreferrer\">\u00bb Se lancer, cr\u00e9er son entreprise<\/a>\u00a0<a class=\"postButton\" href=\" https:\/\/startups.ch\/fr\/preparer\/business-plan\/qui-besoin\/\" target=\"_blank\" rel=\"noopener noreferrer\">\u00bb R\u00e9diger son Business plan<br \/>\n<\/a><\/div>\n<div><\/div>\n","protected":false},"excerpt":{"rendered":"<p>La mobilit\u00e9 et l&#8217;environnement sont deux sujets qui ne cessent de faire parler d&#8217;eux. LimeBike, un nouveau service de location de v\u00e9los, offre une solution qui r\u00e9pond parfaitement \u00e0 ces deux aspects cl\u00e9s de notre soci\u00e9t\u00e9 actuelle. STARTUPS.CH a rencontr\u00e9 Estuardo Escobar, partenaire et directeur g\u00e9n\u00e9ral de LimeBike.<\/p>\n","protected":false},"author":1,"featured_media":0,"comment_status":"open","ping_status":"open","sticky":false,"template":"","format":"standard","meta":{"content-type":"","jetpack_post_was_ever_published":false,"_jetpack_newsletter_access":"","_jetpack_dont_email_post_to_subs":false,"_jetpack_newsletter_tier_id":0,"footnotes":"","jetpack_publicize_message":"","jetpack_publicize_feature_enabled":true,"jetpack_social_post_already_shared":true,"jetpack_social_options":{"image_generator_settings":{"template":"highway","enabled":false}}},"categories":[13,10,228],"tags":[],"jetpack_publicize_connections":[],"aioseo_notices":[],"views":1376,"jetpack_featured_media_url":"","jetpack_sharing_enabled":true,"jetpack_shortlink":"https:\/\/wp.me\/p7y0qY-1EO","_links":{"self":[{"href":"https:\/\/blog.startups.ch\/fr\/wp-json\/wp\/v2\/posts\/6374"}],"collection":[{"href":"https:\/\/blog.startups.ch\/fr\/wp-json\/wp\/v2\/posts"}],"about":[{"href":"https:\/\/blog.startups.ch\/fr\/wp-json\/wp\/v2\/types\/post"}],"author":[{"embeddable":true,"href":"https:\/\/blog.startups.ch\/fr\/wp-json\/wp\/v2\/users\/1"}],"replies":[{"embeddable":true,"href":"https:\/\/blog.startups.ch\/fr\/wp-json\/wp\/v2\/comments?post=6374"}],"version-history":[{"count":4,"href":"https:\/\/blog.startups.ch\/fr\/wp-json\/wp\/v2\/posts\/6374\/revisions"}],"predecessor-version":[{"id":7931,"href":"https:\/\/blog.startups.ch\/fr\/wp-json\/wp\/v2\/posts\/6374\/revisions\/7931"}],"wp:attachment":[{"href":"https:\/\/blog.startups.ch\/fr\/wp-json\/wp\/v2\/media?parent=6374"}],"wp:term":[{"taxonomy":"category","embeddable":true,"href":"https:\/\/blog.startups.ch\/fr\/wp-json\/wp\/v2\/categories?post=6374"},{"taxonomy":"post_tag","embeddable":true,"href":"https:\/\/blog.startups.ch\/fr\/wp-json\/wp\/v2\/tags?post=6374"}],"curies":[{"name":"wp","href":"https:\/\/api.w.org\/{rel}","templated":true}]}}