{"id":6367,"date":"2018-03-21T09:40:04","date_gmt":"2018-03-21T08:40:04","guid":{"rendered":"https:\/\/www.startups.ch\/fr\/blog\/?p=6367"},"modified":"2019-08-27T11:50:31","modified_gmt":"2019-08-27T09:50:31","slug":"nouveau-directeur-a-tete-de-genilem","status":"publish","type":"post","link":"https:\/\/blog.startups.ch\/fr\/2018\/03\/21\/nouveau-directeur-a-tete-de-genilem\/","title":{"rendered":"Un nouveau directeur \u00e0 la t\u00eate de GENILEM"},"content":{"rendered":"<div class=\"translation\">\n<p>L\u2019association GENILEM Vaud-Gen\u00e8ve a r\u00e9cemment annonce la nomination de son nouveau directeur en la personne de M. David NARR. Celui-ci a pris ses nouvelles fonctions le 15 mars 2018.<\/p>\n<\/div>\n<p><!--more--><\/p>\n<h3><img loading=\"lazy\" decoding=\"async\" class=\"alignnone wp-image-6368\" src=\"https:\/\/i0.wp.com\/www.startups.ch\/fr\/blog\/wp-content\/uploads\/2018\/03\/logo.png?resize=676%2C218&#038;ssl=1\" alt=\"\" width=\"676\" height=\"218\" data-recalc-dims=\"1\" \/><\/h3>\n<h3>A propos de GENILEM<\/h3>\n<div>GENILEM est une association \u00e0 but non lucratif fond\u00e9e en 1995. Soutenue par les cantons de Vaud et de Gen\u00e8ve, par de nombreuses communes genevoises et par une quarantaine de grandes entreprises r\u00e9gionales, GENILEM a accompagn\u00e9 plus de 300 entreprises innovantes, leur assurant croissance et p\u00e9rennit\u00e9. Depuis sa fondation, elle a ainsi contribu\u00e9 \u00e0 la cr\u00e9ation et au maintien de plus d\u2019un millier d\u2019emplois, s\u2019affirmant comme un acteur important du dynamisme \u00e9conomique des cantons de Gen\u00e8ve et de Vaud.<\/div>\n<div><\/div>\n<h3>Le nouveau pr\u00e9sident<\/h3>\n<div>Le Conseil de l\u2019association GENILEM Vaud-Gen\u00e8ve a choisi M. David NARR, vivant dans le canton de Vaud, 41 ans, en couple et p\u00e8re de deux enfants, pour reprendre le poste de direction. Il succ\u00e8de ainsi \u00e0 M. Jean-Christophe CALMES qui, depuis son \u00e9lection au Conseil de l\u2019association en juin 2017, a poursuivi avec elle une fructueuse collaboration.<br \/>\nCoach en cr\u00e9ation d\u2019entreprise aupr\u00e8s de GENILEM depuis 2010, M. NARR offre \u00e0 l\u2019association une exp\u00e9rience av\u00e9r\u00e9e dans le soutien au d\u00e9veloppement d&#8217;entreprises innovantes, une vision claire de leurs besoins et un r\u00e9seau de liens et de comp\u00e9tences construit avec tous les acteurs de ce domaine depuis presque 10 ans.<br \/>\nDipl\u00f4m\u00e9 de la Facult\u00e9 des HEC de l&#8217;Universit\u00e9 de Lausanne, M. NARR a commenc\u00e9 sa carri\u00e8re professionnelle en cr\u00e9ant sa propre entreprise. Active dans la cr\u00e9ation de jeux publicitaires sur internet, celle-ci a \u00e9t\u00e9 rachet\u00e9e en 2003 par une agence de communication. M. NARR en a par la suite assur\u00e9 la direction op\u00e9rationnelle, avant de rejoindre, en juin 2010, l\u2019association GENILEM. Depuis lors, en tant que coach en cr\u00e9ation d\u2019entreprise et en tant que formateur certifi\u00e9, M. NARR a accompagn\u00e9 plus d\u2019une quarantaine d\u2019entreprises innovantes dans les cantons de Gen\u00e8ve et de Vaud et a assur\u00e9 la formation de plusieurs centaines de futurs entrepreneurs.<\/div>\n<div><\/div>\n<div><\/div>\n<h3>Une approche pragmatique, un r\u00e9seau av\u00e9r\u00e9 et une \u00e9quipe soud\u00e9e<\/h3>\n<div>\n<p>L\u2019offre de soutien aux entreprises innovantes, dans les cantons de Vaud et de Gen\u00e8ve, est abondante. Elle oblige les diff\u00e9rents acteurs de ce domaine \u00e0 se questionner, r\u00e9guli\u00e8rement, sur leur valeur ajout\u00e9e et sur leurs offres respectives. \u00ab M. NARR conna\u00eet le soutien aux entreprises innovantes de l\u2019int\u00e9rieur. Cela a \u00e9t\u00e9 son m\u00e9tier depuis des ann\u00e9es. Il a une vision efficace et pragmatique de l\u2019offre dans ce domaine, de ses acteurs et de leurs \u00e9volutions \u00bb indique M. Fr\u00e9d\u00e9ric HOHL, pr\u00e9sident de GENILEM Vaud-Gen\u00e8ve. \u00ab Avec ses comp\u00e9tences, son exp\u00e9rience concr\u00e8te et sa connaissance du r\u00e9seau, le Conseil sait qu\u2019il peut compter sur des prestations de grande qualit\u00e9 et qu\u2019il pourra poursuivre les r\u00e9formes entreprises de mani\u00e8re efficace et dans la continuit\u00e9. \u00bb Et d\u2019ajouter : \u00ab Le Conseil se r\u00e9jouit particuli\u00e8rement de la promotion interne d\u2019un collaborateur \u00e9nergique et enthousiaste, connu et soutenu par toute son \u00e9quipe ! \u00bb.<\/p>\n<\/div>\n<div><\/div>\n<div class=\"translation\"><a class=\"postButton\" href=\"https:\/\/www.startups.ch\/fr\/services\/creation-entreprise\" target=\"_blank\" rel=\"noopener noreferrer\">\u00bb Se lancer, cr\u00e9er son entreprise<\/a>\u00a0<a class=\"postButton\" href=\" https:\/\/startups.ch\/fr\/preparer\/business-plan\/qui-besoin\/\" target=\"_blank\" rel=\"noopener noreferrer\">\u00bb R\u00e9diger son Business plan<\/a><\/div>\n<div><\/div>\n<div class=\"translation\"><\/div>\n","protected":false},"excerpt":{"rendered":"<p>L\u2019association GENILEM Vaud-Gen\u00e8ve a r\u00e9cemment annonce la nomination de son nouveau directeur en la personne de M. David NARR. Celui-ci a pris ses nouvelles fonctions le 15 mars 2018.<\/p>\n","protected":false},"author":1,"featured_media":0,"comment_status":"open","ping_status":"open","sticky":false,"template":"","format":"standard","meta":{"content-type":"","jetpack_post_was_ever_published":false,"_jetpack_newsletter_access":"","_jetpack_dont_email_post_to_subs":false,"_jetpack_newsletter_tier_id":0,"footnotes":"","jetpack_publicize_message":"","jetpack_publicize_feature_enabled":true,"jetpack_social_post_already_shared":true,"jetpack_social_options":{"image_generator_settings":{"template":"highway","enabled":false}}},"categories":[10],"tags":[],"jetpack_publicize_connections":[],"aioseo_notices":[],"views":1934,"jetpack_featured_media_url":"","jetpack_sharing_enabled":true,"jetpack_shortlink":"https:\/\/wp.me\/p7y0qY-1EH","_links":{"self":[{"href":"https:\/\/blog.startups.ch\/fr\/wp-json\/wp\/v2\/posts\/6367"}],"collection":[{"href":"https:\/\/blog.startups.ch\/fr\/wp-json\/wp\/v2\/posts"}],"about":[{"href":"https:\/\/blog.startups.ch\/fr\/wp-json\/wp\/v2\/types\/post"}],"author":[{"embeddable":true,"href":"https:\/\/blog.startups.ch\/fr\/wp-json\/wp\/v2\/users\/1"}],"replies":[{"embeddable":true,"href":"https:\/\/blog.startups.ch\/fr\/wp-json\/wp\/v2\/comments?post=6367"}],"version-history":[{"count":5,"href":"https:\/\/blog.startups.ch\/fr\/wp-json\/wp\/v2\/posts\/6367\/revisions"}],"predecessor-version":[{"id":7932,"href":"https:\/\/blog.startups.ch\/fr\/wp-json\/wp\/v2\/posts\/6367\/revisions\/7932"}],"wp:attachment":[{"href":"https:\/\/blog.startups.ch\/fr\/wp-json\/wp\/v2\/media?parent=6367"}],"wp:term":[{"taxonomy":"category","embeddable":true,"href":"https:\/\/blog.startups.ch\/fr\/wp-json\/wp\/v2\/categories?post=6367"},{"taxonomy":"post_tag","embeddable":true,"href":"https:\/\/blog.startups.ch\/fr\/wp-json\/wp\/v2\/tags?post=6367"}],"curies":[{"name":"wp","href":"https:\/\/api.w.org\/{rel}","templated":true}]}}