{"id":608,"date":"2011-10-04T14:00:31","date_gmt":"2011-10-04T12:00:31","guid":{"rendered":"http:\/\/blog.startups.ch\/fr\/?p=608"},"modified":"2013-06-25T18:04:13","modified_gmt":"2013-06-25T16:04:13","slug":"la-decharge-dans-la-sa","status":"publish","type":"post","link":"https:\/\/blog.startups.ch\/fr\/2011\/10\/04\/la-decharge-dans-la-sa\/","title":{"rendered":"La d\u00e9charge dans la SA"},"content":{"rendered":"<p>Le droit des soci\u00e9t\u00e9s ne r\u00e8gle pas la d\u00e9charge de mani\u00e8re unifi\u00e9e. Les r\u00e8gles l\u00e9gales en la mati\u00e8re sont r\u00e9parties dans les Code des Obligations\u00a0:<\/p>\n<ul>\n<li>D\u2019apr\u00e8s l\u2019article 698 II CO, seule l\u2019Assembl\u00e9e g\u00e9n\u00e9rale (et seule elle) peut donner la d\u00e9charge aux membres du Conseil d\u2019administration<\/li>\n<li>La d\u00e9charge de l\u2019Assembl\u00e9e g\u00e9n\u00e9rale (AG) ne compte que pour les faits connus et uniquement envers la soci\u00e9t\u00e9 et les actionnaires. Pour les actionnaires qui n\u2019auraient pas vot\u00e9 pour la d\u00e9charge, le droit \u00e0 porter plainte \u00e9choit apr\u00e8s 6 mois.<\/li>\n<li>Pour les d\u00e9cisions qui donnent d\u00e9charge \u00e0 des personnes ayant particip\u00e9 \u00e0 la d\u00e9cision, ces personnes ne peuvent pas voter (695 I CO). Les personnes dirig\u00e9es par une de ces personnes sont \u00e9galement exclues du vote.<\/li>\n<\/ul>\n<p>Avec la d\u00e9charge, l\u2019AG retire toutes possibilit\u00e9s de plaintes pour concernant les faits connus envers les personnes qui en r\u00e9pondent. Seuls les actionnaires attaquant celle-ci suite \u00e0 l\u2019AG, ou les cr\u00e9anciers, peuvent tenter de la faire annuler.<\/p>\n","protected":false},"excerpt":{"rendered":"<p>Le droit des soci\u00e9t\u00e9s ne r\u00e8gle pas la d\u00e9charge de mani\u00e8re unifi\u00e9e. Les r\u00e8gles l\u00e9gales en la mati\u00e8re sont r\u00e9parties dans les Code des Obligations\u00a0: D\u2019apr\u00e8s l\u2019article 698 II CO, seule l\u2019Assembl\u00e9e g\u00e9n\u00e9rale (et seule elle) peut donner la d\u00e9charge aux membres du Conseil d\u2019administration La d\u00e9charge de l\u2019Assembl\u00e9e g\u00e9n\u00e9rale (AG) ne compte que pour [&hellip;]<\/p>\n","protected":false},"author":7,"featured_media":0,"comment_status":"closed","ping_status":"closed","sticky":false,"template":"","format":"standard","meta":{"content-type":"","jetpack_post_was_ever_published":false,"_jetpack_newsletter_access":"","_jetpack_dont_email_post_to_subs":false,"_jetpack_newsletter_tier_id":0,"footnotes":"","jetpack_publicize_message":"","jetpack_publicize_feature_enabled":true,"jetpack_social_post_already_shared":false,"jetpack_social_options":{"image_generator_settings":{"template":"highway","enabled":false}}},"categories":[13,1,4],"tags":[59,159,204,53,94,404],"jetpack_publicize_connections":[],"aioseo_notices":[],"views":7395,"jetpack_featured_media_url":"","jetpack_sharing_enabled":true,"jetpack_shortlink":"https:\/\/wp.me\/p7y0qY-9O","_links":{"self":[{"href":"https:\/\/blog.startups.ch\/fr\/wp-json\/wp\/v2\/posts\/608"}],"collection":[{"href":"https:\/\/blog.startups.ch\/fr\/wp-json\/wp\/v2\/posts"}],"about":[{"href":"https:\/\/blog.startups.ch\/fr\/wp-json\/wp\/v2\/types\/post"}],"author":[{"embeddable":true,"href":"https:\/\/blog.startups.ch\/fr\/wp-json\/wp\/v2\/users\/7"}],"replies":[{"embeddable":true,"href":"https:\/\/blog.startups.ch\/fr\/wp-json\/wp\/v2\/comments?post=608"}],"version-history":[{"count":10,"href":"https:\/\/blog.startups.ch\/fr\/wp-json\/wp\/v2\/posts\/608\/revisions"}],"predecessor-version":[{"id":610,"href":"https:\/\/blog.startups.ch\/fr\/wp-json\/wp\/v2\/posts\/608\/revisions\/610"}],"wp:attachment":[{"href":"https:\/\/blog.startups.ch\/fr\/wp-json\/wp\/v2\/media?parent=608"}],"wp:term":[{"taxonomy":"category","embeddable":true,"href":"https:\/\/blog.startups.ch\/fr\/wp-json\/wp\/v2\/categories?post=608"},{"taxonomy":"post_tag","embeddable":true,"href":"https:\/\/blog.startups.ch\/fr\/wp-json\/wp\/v2\/tags?post=608"}],"curies":[{"name":"wp","href":"https:\/\/api.w.org\/{rel}","templated":true}]}}