{"id":5964,"date":"2017-11-22T12:03:31","date_gmt":"2017-11-22T11:03:31","guid":{"rendered":"https:\/\/www.startups.ch\/fr\/blog\/?p=5964"},"modified":"2017-11-22T12:28:26","modified_gmt":"2017-11-22T11:28:26","slug":"pack-dinformation-sef-award-2018","status":"publish","type":"post","link":"https:\/\/blog.startups.ch\/fr\/2017\/11\/22\/pack-dinformation-sef-award-2018\/","title":{"rendered":"Swiss Economic Award 2018 : Postulez d\u00e8s maintenant !"},"content":{"rendered":"<h2 class=\"AAText\"><span lang=\"FR\">Depuis 1999, le <a href=\"https:\/\/www.swisseconomic.ch\/fr\" target=\"_blank\" rel=\"noopener\">Swiss Economic Forum<\/a> (SEF) r\u00e9compense chaque ann\u00e9e des performances entrepreneuriales remarquables dans les cat\u00e9gories \u00abServices\u00bb, \u00abHautes technologies\/biotechnologies\u00bb et \u00abProduction\/industrie\u00bb. Les laur\u00e9ats re\u00e7oivent un prix de 25\u00a0000\u00a0francs chacun, ainsi qu\u2019un paquet de prestations compos\u00e9 d\u2019un solide feed-back d\u2019experts, d\u2019une large couverture m\u00e9diatique et d\u2019un acc\u00e8s au r\u00e9seau SEF. La remise des prix aura lieu \u00e0 Interlaken le vendredi 8 juin 2018 dans le cadre du SEF. STARTUPS.CH est fier de faire \u00e0 nouveaux partie des partenaires m\u00e9diatiques du SEF.<br \/>\n<\/span><\/h2>\n<p><!--more--><\/p>\n<p><a href=\"https:\/\/www.swisseconomic.ch\/fr\" target=\"_blank\" rel=\"noopener\"><img loading=\"lazy\" decoding=\"async\" class=\"alignnone wp-image-5965 size-medium\" src=\"https:\/\/i0.wp.com\/www.startups.ch\/fr\/blog\/wp-content\/uploads\/2017\/11\/Banner_Newsletter_Jetzt_bewerben_quer_FR-1200x572.jpg?resize=1200%2C572&#038;ssl=1\" alt=\"\" width=\"1200\" height=\"572\" data-recalc-dims=\"1\" \/><\/a><\/p>\n<h3><strong>Swiss Economic Award 2018<\/strong><\/h3>\n<p class=\"AAText\"><span lang=\"FR\">Le <a href=\"https:\/\/www.swisseconomic.ch\/fr\" target=\"_blank\" rel=\"noopener\">Swiss Economic Award<\/a> constitue la plus haute distinction attribu\u00e9e aux jeunes entreprises suisses. Depuis 1999, le Swiss Economic Forum (SEF) r\u00e9compense chaque ann\u00e9e des performances entrepreneuriales remarquables dans les cat\u00e9gories \u00abServices\u00bb, \u00abHautes technologies\/biotechnologies\u00bb et \u00abProduction\/industrie\u00bb. Le prestigieux jury, sous la pr\u00e9sidence de Monika Ribar, r\u00e9compense les entreprises qui se d\u00e9marquent dans leur secteur gr\u00e2ce \u00e0 l\u2019innovation et \u00e0 la cr\u00e9ativit\u00e9 dont elles font preuve et qui poss\u00e8dent un important potentiel d\u2019avenir. Sont autoris\u00e9es \u00e0 participer \u00e0 l\u2019\u00e9dition de cette ann\u00e9e les jeunes entreprises ayant leur si\u00e8ge en Suisse et fond\u00e9es apr\u00e8s le 1<sup>er<\/sup>\u00a0janvier\u00a02012. Les inscriptions sont ouvertes jusqu\u2019\u00e0 fin janvier 2018. <\/span><\/p>\n<p class=\"AAText\"><span lang=\"FR\">A travers le Swiss Economic Award, certifi\u00e9 SQS, le Swiss Economic Forum (SEF) et ses partenaires PwC, Swisscom et UBS, entendent promouvoir l\u2019esprit d\u2019entreprise et la rel\u00e8ve \u00e9conomique en Suisse. <\/span><\/p>\n<h3><strong>Avantages multiples<\/strong><\/h3>\n<p>Les laur\u00e9ats du Swiss Economic Award re\u00e7oivent un paquet de prestations \u00e9tendu offrant des avantages incomparables: outre le prix en esp\u00e8ces de CHF\u00a025\u00a0000, les jeunes entreprises b\u00e9n\u00e9ficient d\u2019un solide feed-back d\u2019experts, d\u2019une large couverture dans les m\u00e9dias nationaux, d\u2019un acc\u00e8s au r\u00e9seau SEF et d\u2019une admission facilit\u00e9e \u00e0 l\u2019initiative de croissance SEF4PME.<\/p>\n<p>Les 15 meilleurs jeunes entrepreneurs de l\u2019ann\u00e9e participeront au <a href=\"https:\/\/www.swisseconomic.ch\/de\/award-2018\/campus-day\" target=\"_blank\" rel=\"noopener\">Campus Day<\/a> le 12 avril 2018. Cet \u00e9v\u00e9nement permet \u00e0 de jeunes entrepreneurs de nouer des contacts avec des entreprises bien \u00e9tablies, des investisseurs et des scientifiques chevronn\u00e9s. Chaque entreprise se pr\u00e9sente sur la sc\u00e8ne, sous la forme d\u2019un pitch de 3\u00a0minutes et de questions-r\u00e9ponses. Les experts et le public \u00e9valuent ensuite les jeunes entreprises et d\u00e9signent les 9\u00a0finalistes, qui se pr\u00e9senteront les 7 et 8 juin 2018 \u00e0 Interlaken lors du SEF.2018 devant 1350\u00a0d\u00e9cideurs de l\u2019\u00e9conomie suisse.<\/p>\n<p>&nbsp;<\/p>\n<p><a class=\"postButton\" href=\"https:\/\/www.swisseconomic.ch\/fr\" target=\"_blank\" rel=\"noopener\">\u00bb Postuler<\/a> <a class=\"postButton\" href=\"https:\/\/startups.ch\/fr\/preparer\/business-plan\/qui-besoin\/\" target=\"_blank\" rel=\"noopener\">\u00bb R\u00e9diger son Business plan<\/a><\/p>\n<p>&nbsp;<\/p>\n","protected":false},"excerpt":{"rendered":"<p>Depuis 1999, le Swiss Economic Forum (SEF) r\u00e9compense chaque ann\u00e9e des performances entrepreneuriales remarquables dans les cat\u00e9gories \u00abServices\u00bb, \u00abHautes technologies\/biotechnologies\u00bb et \u00abProduction\/industrie\u00bb. Les laur\u00e9ats re\u00e7oivent un prix de 25\u00a0000\u00a0francs chacun, ainsi qu\u2019un paquet de prestations compos\u00e9 d\u2019un solide feed-back d\u2019experts, d\u2019une large couverture m\u00e9diatique et d\u2019un acc\u00e8s au r\u00e9seau SEF. La remise des prix aura [&hellip;]<\/p>\n","protected":false},"author":1,"featured_media":0,"comment_status":"open","ping_status":"open","sticky":false,"template":"","format":"standard","meta":{"content-type":"","jetpack_post_was_ever_published":false,"_jetpack_newsletter_access":"","_jetpack_dont_email_post_to_subs":false,"_jetpack_newsletter_tier_id":0,"footnotes":"","jetpack_publicize_message":"","jetpack_publicize_feature_enabled":true,"jetpack_social_post_already_shared":true,"jetpack_social_options":{"image_generator_settings":{"template":"highway","enabled":false}}},"categories":[10,228],"tags":[],"jetpack_publicize_connections":[],"aioseo_notices":[],"views":1377,"jetpack_featured_media_url":"","jetpack_sharing_enabled":true,"jetpack_shortlink":"https:\/\/wp.me\/p7y0qY-1yc","_links":{"self":[{"href":"https:\/\/blog.startups.ch\/fr\/wp-json\/wp\/v2\/posts\/5964"}],"collection":[{"href":"https:\/\/blog.startups.ch\/fr\/wp-json\/wp\/v2\/posts"}],"about":[{"href":"https:\/\/blog.startups.ch\/fr\/wp-json\/wp\/v2\/types\/post"}],"author":[{"embeddable":true,"href":"https:\/\/blog.startups.ch\/fr\/wp-json\/wp\/v2\/users\/1"}],"replies":[{"embeddable":true,"href":"https:\/\/blog.startups.ch\/fr\/wp-json\/wp\/v2\/comments?post=5964"}],"version-history":[{"count":2,"href":"https:\/\/blog.startups.ch\/fr\/wp-json\/wp\/v2\/posts\/5964\/revisions"}],"predecessor-version":[{"id":5967,"href":"https:\/\/blog.startups.ch\/fr\/wp-json\/wp\/v2\/posts\/5964\/revisions\/5967"}],"wp:attachment":[{"href":"https:\/\/blog.startups.ch\/fr\/wp-json\/wp\/v2\/media?parent=5964"}],"wp:term":[{"taxonomy":"category","embeddable":true,"href":"https:\/\/blog.startups.ch\/fr\/wp-json\/wp\/v2\/categories?post=5964"},{"taxonomy":"post_tag","embeddable":true,"href":"https:\/\/blog.startups.ch\/fr\/wp-json\/wp\/v2\/tags?post=5964"}],"curies":[{"name":"wp","href":"https:\/\/api.w.org\/{rel}","templated":true}]}}