{"id":5918,"date":"2017-11-09T14:00:28","date_gmt":"2017-11-09T13:00:28","guid":{"rendered":"https:\/\/www.startups.ch\/fr\/blog\/?p=5918"},"modified":"2019-08-27T12:04:37","modified_gmt":"2019-08-27T10:04:37","slug":"nouveaux-taux-de-tva-suisse","status":"publish","type":"post","link":"https:\/\/blog.startups.ch\/fr\/2017\/11\/09\/nouveaux-taux-de-tva-suisse\/","title":{"rendered":"Nouveaux taux de TVA en Suisse"},"content":{"rendered":"<h2>Les taux de TVA en Suisse vont \u00eatre modifi\u00e9s, et c\u2019est une premi\u00e8re, ce n&#8217;est pas \u00e0 la hausse, mais \u00e0 la baisse, m\u00eame si ce n&#8217;est probablement qu&#8217;\u00e0 court terme.\u00a0Le <strong>taux normal<\/strong>, qui s\u2019applique pratiquement \u00e0 l\u2019ensemble des prestations, passera du taux de 8 % au <strong>nouveau taux de<\/strong> <strong>7,7 %<\/strong>. Le <strong>taux sp\u00e9cial<\/strong> <strong>applicable \u00e0 l\u2019industrie h\u00f4teli\u00e8re \u00e0 3,7 %<\/strong>\u00a0(de 3,8 % jusqu&#8217;\u00e0 pr\u00e9sent) et le <strong>taux r\u00e9duit<\/strong> <strong>restera inchang\u00e9 au niveau de<\/strong><strong> 2,5 %<\/strong>.<\/h2>\n<p><!--more--><\/p>\n<p><img loading=\"lazy\" decoding=\"async\" class=\"alignnone size-medium wp-image-5919\" src=\"https:\/\/i0.wp.com\/www.startups.ch\/fr\/blog\/wp-content\/uploads\/2017\/11\/money-256290_1920-1200x800.jpg?resize=1200%2C800&#038;ssl=1\" alt=\"\" width=\"1200\" height=\"800\" data-recalc-dims=\"1\" \/><\/p>\n<p><strong>Important :<\/strong>\u00a0 Le taux de la TVA qui s\u2019applique ne d\u00e9pend ni de la date de facturation ni de celle du paiement,\u00a0<strong>mais exclusivement<\/strong> <strong>de la p\u00e9riode durant laquelle la prestation a \u00e9t\u00e9 effectu\u00e9e.<\/strong><\/p>\n<h3>En tant qu\u2019assujetti TVA, en quoi \u00eates-vous concern\u00e9 ?<\/h3>\n<ul>\n<li>Toutes les prestations effectu\u00e9es avant le 1er janvier 2018 doivent \u00eatre factur\u00e9es sous l\u2019ancien taux de 8 %, alors que celles effectu\u00e9es \u00e0 partir du 1er janvier 2018 devront \u00eatre l\u2019\u00eatre au nouveau taux revu \u00e0 la baisse. Nous recommandons \u00e0 tous les clients de Findea<strong> de cl\u00f4turer l&#8217;ann\u00e9e 2017 avec une facturation au 31 d\u00e9cembre 2017 et de basculer ensuite sur les nouveaux taux de TVA.<\/strong> Il est \u00e9vident qu\u2019il s\u2019agit du moyen le plus simple, le plus fiable et le plus s\u00e9curis\u00e9 de g\u00e9rer ce basculement des taux de TVA.<\/li>\n<li>Pour les prestations faisant l\u2019objet d\u2019honoraires forfaitaires (p. ex. avec des paiements partiels ou acomptes), la part pay\u00e9e jusqu&#8217;au 31er d\u00e9cembre 2017 doit \u00eatre factur\u00e9e au taux de 8 %. Il n&#8217;est pas permis de d\u00e9poser, en 2018, une d\u00e9claration annuelle avec le taux de 7,7 % o\u00f9 seraient aussi rapport\u00e9es les prestations rendues en 2017. <strong>Il est donc indispensable de facturer ce type de services au 31 d\u00e9cembre 2017 et de prendre contact avec votre client \u00e0 ce propos.<\/strong><\/li>\n<li>Le calcul devient plus difficile si un <strong>projet faisant l\u2019objet d\u2019honoraires forfaitaire<\/strong> a \u00e9t\u00e9 \u00ab\u00a0pay\u00e9 d&#8217;avance\u00a0\u00bb, tout ou en partie, <strong>avec des avances ou des acomptes<\/strong>. Dans ce cas, nous vous recommandons de contacter votre fiscaliste Findea.<\/li>\n<\/ul>\n<h3><strong>Mises \u00e0 jour du logiciel <\/strong><\/h3>\n<p>Tous les programmes de facturation avec des taux de TVA pr\u00e9d\u00e9finis doivent \u00eatre mis \u00e0 jour avant la fin de l&#8217;ann\u00e9e au plus tard. Par la suite, il s\u2019agira d\u2019effectuer une simulation pour diff\u00e9rents types de factures pour s&#8217;assurer que, dans chaque cas, la TVA est correctement d\u00e9clar\u00e9e et comptabilis\u00e9e. D&#8217;autres mises \u00e0 jour doivent \u00eatre effectu\u00e9es lors de l&#8217;enregistrement des factures cr\u00e9anciers.<\/p>\n<h3><strong>Findea vous soutiendra<\/strong><\/h3>\n<p>Nous serons heureux de vous aider \u00e0 identifier, d\u00e9finir et mettre en \u0153uvre ensemble des mesures pour une transition en douceur avant la date butoir, soit le 31 d\u00e9cembre 2017. Contactez votre conseiller dans les meilleurs d\u00e9lais. N&#8217;h\u00e9sitez pas \u00e0 nous contacter si vous avez des questions.<\/p>\n<p>Nous vous prions d&#8217;agr\u00e9er nos salutations distingu\u00e9es<\/p>\n<p>Michele Blasucci, CEO<\/p>\n<p><a class=\"postButton\" href=\"https:\/\/www.startups.ch\/fr\/services\/creation-entreprise\" target=\"_blank\" rel=\"noopener noreferrer\">\u00bb Se lancer, cr\u00e9er son entreprise<\/a>\u00a0<a class=\"postButton\" href=\" https:\/\/startups.ch\/fr\/preparer\/business-plan\/qui-besoin\/\" target=\"_blank\" rel=\"noopener noreferrer\">\u00bb R\u00e9diger son Business plan<\/a><\/p>\n","protected":false},"excerpt":{"rendered":"<p>Les taux de TVA en Suisse vont \u00eatre modifi\u00e9s, et c\u2019est une premi\u00e8re, ce n&#8217;est pas \u00e0 la hausse, mais \u00e0 la baisse, m\u00eame si ce n&#8217;est probablement qu&#8217;\u00e0 court terme.\u00a0Le taux normal, qui s\u2019applique pratiquement \u00e0 l\u2019ensemble des prestations, passera du taux de 8 % au nouveau taux de 7,7 %. Le taux sp\u00e9cial [&hellip;]<\/p>\n","protected":false},"author":17,"featured_media":0,"comment_status":"open","ping_status":"open","sticky":false,"template":"","format":"standard","meta":{"content-type":"","jetpack_post_was_ever_published":false,"_jetpack_newsletter_access":"","_jetpack_dont_email_post_to_subs":false,"_jetpack_newsletter_tier_id":0,"footnotes":"","jetpack_publicize_message":"","jetpack_publicize_feature_enabled":true,"jetpack_social_post_already_shared":true,"jetpack_social_options":{"image_generator_settings":{"template":"highway","enabled":false}}},"categories":[247,12],"tags":[],"jetpack_publicize_connections":[],"aioseo_notices":[],"views":3663,"jetpack_featured_media_url":"","jetpack_sharing_enabled":true,"jetpack_shortlink":"https:\/\/wp.me\/p7y0qY-1xs","_links":{"self":[{"href":"https:\/\/blog.startups.ch\/fr\/wp-json\/wp\/v2\/posts\/5918"}],"collection":[{"href":"https:\/\/blog.startups.ch\/fr\/wp-json\/wp\/v2\/posts"}],"about":[{"href":"https:\/\/blog.startups.ch\/fr\/wp-json\/wp\/v2\/types\/post"}],"author":[{"embeddable":true,"href":"https:\/\/blog.startups.ch\/fr\/wp-json\/wp\/v2\/users\/17"}],"replies":[{"embeddable":true,"href":"https:\/\/blog.startups.ch\/fr\/wp-json\/wp\/v2\/comments?post=5918"}],"version-history":[{"count":2,"href":"https:\/\/blog.startups.ch\/fr\/wp-json\/wp\/v2\/posts\/5918\/revisions"}],"predecessor-version":[{"id":7963,"href":"https:\/\/blog.startups.ch\/fr\/wp-json\/wp\/v2\/posts\/5918\/revisions\/7963"}],"wp:attachment":[{"href":"https:\/\/blog.startups.ch\/fr\/wp-json\/wp\/v2\/media?parent=5918"}],"wp:term":[{"taxonomy":"category","embeddable":true,"href":"https:\/\/blog.startups.ch\/fr\/wp-json\/wp\/v2\/categories?post=5918"},{"taxonomy":"post_tag","embeddable":true,"href":"https:\/\/blog.startups.ch\/fr\/wp-json\/wp\/v2\/tags?post=5918"}],"curies":[{"name":"wp","href":"https:\/\/api.w.org\/{rel}","templated":true}]}}