{"id":59,"date":"2009-08-14T17:35:00","date_gmt":"2009-08-14T15:35:00","guid":{"rendered":"http:\/\/blog.startups.ch\/fr\/?p=59"},"modified":"2014-06-11T11:07:34","modified_gmt":"2014-06-11T09:07:34","slug":"est-il-possible-de-traduire-sa-raison-sociale-societe-individuelle-societe-en-nom-collectif-sarl-sa-en-langue-etrangere","status":"publish","type":"post","link":"https:\/\/blog.startups.ch\/fr\/2009\/08\/14\/est-il-possible-de-traduire-sa-raison-sociale-societe-individuelle-societe-en-nom-collectif-sarl-sa-en-langue-etrangere\/","title":{"rendered":"Traduire sa raison sociale: est-ce possible?"},"content":{"rendered":"<h2>Est-il possible de traduire sa raison sociale (raison individuelle, soci\u00e9t\u00e9 en nom collectif, S\u00e0rl, SA) en langue \u00e9trang\u00e8re ?<\/h2>\n<p><!--more--><\/p>\n<p><a href=\"https:\/\/i0.wp.com\/blog.startups.ch\/fr\/wp-content\/uploads\/2011\/09\/Fotolia_43009286_S.png\"><img loading=\"lazy\" decoding=\"async\" class=\"aligncenter size-full wp-image-1871\" src=\"https:\/\/i0.wp.com\/blog.startups.ch\/fr\/wp-content\/uploads\/2011\/09\/Fotolia_43009286_S.png?resize=690%2C356\" alt=\"traduire sa raison sociale\" width=\"690\" height=\"356\" srcset=\"https:\/\/i0.wp.com\/blog.startups.ch\/fr\/wp-content\/uploads\/2011\/09\/Fotolia_43009286_S.png?w=690&amp;ssl=1 690w, https:\/\/i0.wp.com\/blog.startups.ch\/fr\/wp-content\/uploads\/2011\/09\/Fotolia_43009286_S.png?resize=300%2C154&amp;ssl=1 300w\" sizes=\"(max-width: 690px) 100vw, 690px\" data-recalc-dims=\"1\" \/><\/a><\/p>\n<p>L\u2019ordonnance sur le registre du commerce (ORC) a d\u00e9fini diff\u00e9rentes r\u00e8gles \u00e0 ce sujet\u00a0: seuls les caract\u00e8res de l\u2019alphabet latin peuvent \u00eatre utilis\u00e9s. Toutes les traductions doivent avoir le m\u00eame contenu\u00a0! Des graphismes de fantaisie ou des termes sp\u00e9cialis\u00e9s ne peuvent \u00eatre traduits. Une suite de caract\u00e8re qui n\u2019a pas un but d\u2019abr\u00e9viation ne peut pas \u00eatre traduite.<\/p>\n<p>Vous avez le choix de traduire soit uniquement la forme juridique (par exemple SA en AG ou S\u00e0rl en Gmbh), soit toute la raison sociale (pour autant que ce soit possible). Il est important de noter que dans ce cas, toute la raison sociale devra \u00eatre traduite.<\/p>\n<p>&nbsp;<\/p>\n","protected":false},"excerpt":{"rendered":"<p>Est-il possible de traduire sa raison sociale (raison individuelle, soci\u00e9t\u00e9 en nom collectif, S\u00e0rl, SA) en langue \u00e9trang\u00e8re ?<\/p>\n","protected":false},"author":7,"featured_media":0,"comment_status":"closed","ping_status":"closed","sticky":false,"template":"","format":"standard","meta":{"content-type":"","jetpack_post_was_ever_published":false,"_jetpack_newsletter_access":"","_jetpack_dont_email_post_to_subs":false,"_jetpack_newsletter_tier_id":0,"footnotes":"","jetpack_publicize_message":"","jetpack_publicize_feature_enabled":true,"jetpack_social_post_already_shared":false,"jetpack_social_options":{"image_generator_settings":{"template":"highway","enabled":false}}},"categories":[10,6,3,4,8],"tags":[35,403,404,406,36,34],"jetpack_publicize_connections":[],"aioseo_notices":[],"views":3363,"jetpack_featured_media_url":"","jetpack_sharing_enabled":true,"jetpack_shortlink":"https:\/\/wp.me\/p7y0qY-X","_links":{"self":[{"href":"https:\/\/blog.startups.ch\/fr\/wp-json\/wp\/v2\/posts\/59"}],"collection":[{"href":"https:\/\/blog.startups.ch\/fr\/wp-json\/wp\/v2\/posts"}],"about":[{"href":"https:\/\/blog.startups.ch\/fr\/wp-json\/wp\/v2\/types\/post"}],"author":[{"embeddable":true,"href":"https:\/\/blog.startups.ch\/fr\/wp-json\/wp\/v2\/users\/7"}],"replies":[{"embeddable":true,"href":"https:\/\/blog.startups.ch\/fr\/wp-json\/wp\/v2\/comments?post=59"}],"version-history":[{"count":6,"href":"https:\/\/blog.startups.ch\/fr\/wp-json\/wp\/v2\/posts\/59\/revisions"}],"predecessor-version":[{"id":3329,"href":"https:\/\/blog.startups.ch\/fr\/wp-json\/wp\/v2\/posts\/59\/revisions\/3329"}],"wp:attachment":[{"href":"https:\/\/blog.startups.ch\/fr\/wp-json\/wp\/v2\/media?parent=59"}],"wp:term":[{"taxonomy":"category","embeddable":true,"href":"https:\/\/blog.startups.ch\/fr\/wp-json\/wp\/v2\/categories?post=59"},{"taxonomy":"post_tag","embeddable":true,"href":"https:\/\/blog.startups.ch\/fr\/wp-json\/wp\/v2\/tags?post=59"}],"curies":[{"name":"wp","href":"https:\/\/api.w.org\/{rel}","templated":true}]}}