{"id":585,"date":"2011-08-28T12:54:33","date_gmt":"2011-08-28T10:54:33","guid":{"rendered":"http:\/\/blog.startups.ch\/fr\/?p=585"},"modified":"2013-06-27T12:13:17","modified_gmt":"2013-06-27T10:13:17","slug":"la-sarl-melange-sa-et-societe-en-nom-collectif","status":"publish","type":"post","link":"https:\/\/blog.startups.ch\/fr\/2011\/08\/28\/la-sarl-melange-sa-et-societe-en-nom-collectif\/","title":{"rendered":"S\u00e0RL: un m\u00e9lange entre SA et raison individuelle"},"content":{"rendered":"<p><a href=\"https:\/\/i0.wp.com\/blog.startups.ch\/fr\/wp-content\/uploads\/2011\/08\/Mann-am-PC_2.jpg\"><img loading=\"lazy\" decoding=\"async\" class=\"aligncenter size-full wp-image-1897\" alt=\"S\u00e0RL\" src=\"https:\/\/i0.wp.com\/blog.startups.ch\/fr\/wp-content\/uploads\/2011\/08\/Mann-am-PC_2.jpg?resize=690%2C298\" width=\"690\" height=\"298\" srcset=\"https:\/\/i0.wp.com\/blog.startups.ch\/fr\/wp-content\/uploads\/2011\/08\/Mann-am-PC_2.jpg?w=690&amp;ssl=1 690w, https:\/\/i0.wp.com\/blog.startups.ch\/fr\/wp-content\/uploads\/2011\/08\/Mann-am-PC_2.jpg?resize=300%2C129&amp;ssl=1 300w\" sizes=\"(max-width: 690px) 100vw, 690px\" data-recalc-dims=\"1\" \/><\/a>Le Code des Obligations d\u00e9finit la S\u00e0RL comme \u00e9tant\u00a0 \u00ab\u00a0une soci\u00e9t\u00e9 de capitaux \u00e0 caract\u00e8re personnel\u00a0\u00bb (772 I CO). La S\u00e0RL a, en tant que forme juridique de droit suisse, les caract\u00e8res d\u2019une soci\u00e9t\u00e9 \u00e0 capitaux et en m\u00eame temps, ceux d\u2019une soci\u00e9t\u00e9 personnelle. Le caract\u00e8re personnel vient du fait que dans une S\u00e0RL, chaque associ\u00e9 peut diriger la soci\u00e9t\u00e9. La loi parle d\u2019une soci\u00e9t\u00e9 de capitaux, car c\u2019est le capital social de la soci\u00e9t\u00e9 qui est mobilis\u00e9 en cas de dettes de l\u2019entreprise. La S\u00e0RL est une forme adapt\u00e9e aux petites et moyennes entreprises (PME).<\/p>\n<p>Quelles sont les caract\u00e9ristiques exactes de la S\u00e0RL?<\/p>\n<p>La S\u00e0RL comme soci\u00e9t\u00e9 de capitaux\u00a0:<\/p>\n<ul>\n<li>Le capital social de la S\u00e0RL remplit les m\u00eames fonctions que le capital-actions de la SA.<\/li>\n<li>Le droit de vote se d\u00e9finit, comme pour une SA, par rapport aux nombres d\u2019actions d\u00e9tenues.<\/li>\n<li>Les parts sociales sont transmissibles, pour autant qu\u2019aucune limitation n\u2019ait \u00e9t\u00e9 pr\u00e9vue, comme pour une SA.<\/li>\n<\/ul>\n<p>La S\u00e0RL comme soci\u00e9t\u00e9 \u00e0 caract\u00e8re personnel :<\/p>\n<ul>\n<li>L\u2019associ\u00e9 ne doit pas uniquement lib\u00e9rer le capital social, il a \u00e9galement une obligation de loyaut\u00e9. Les statuts peuvent aussi pr\u00e9voir que dans le cas d\u2019une perte, il doive r\u00e9pondre lui-m\u00eame.<\/li>\n<li>Dans la S\u00e0RL, le principe de la gestion propre des associ\u00e9s existe, c.-\u00e0-d. que chaque associ\u00e9 \u00e0 le pouvoir de g\u00e9rer la soci\u00e9t\u00e9.<\/li>\n<li>Les associ\u00e9s sont inscrits au registre du commerce avec leur part du capital social.<\/li>\n<\/ul>\n","protected":false},"excerpt":{"rendered":"<p>Le Code des Obligations d\u00e9finit la S\u00e0RL comme \u00e9tant\u00a0 \u00ab\u00a0une soci\u00e9t\u00e9 de capitaux \u00e0 caract\u00e8re personnel\u00a0\u00bb (772 I CO). La S\u00e0RL a, en tant que forme juridique de droit suisse, les caract\u00e8res d\u2019une soci\u00e9t\u00e9 \u00e0 capitaux et en m\u00eame temps, ceux d\u2019une soci\u00e9t\u00e9 personnelle. Le caract\u00e8re personnel vient du fait que dans une S\u00e0RL, chaque [&hellip;]<\/p>\n","protected":false},"author":7,"featured_media":0,"comment_status":"closed","ping_status":"closed","sticky":false,"template":"","format":"standard","meta":{"content-type":"","jetpack_post_was_ever_published":false,"_jetpack_newsletter_access":"","_jetpack_dont_email_post_to_subs":false,"_jetpack_newsletter_tier_id":0,"footnotes":"","jetpack_publicize_message":"","jetpack_publicize_feature_enabled":true,"jetpack_social_post_already_shared":false,"jetpack_social_options":{"image_generator_settings":{"template":"highway","enabled":false}}},"categories":[10,3,4,8],"tags":[51,403,404,406],"jetpack_publicize_connections":[],"aioseo_notices":[],"views":2848,"jetpack_featured_media_url":"","jetpack_sharing_enabled":true,"jetpack_shortlink":"https:\/\/wp.me\/p7y0qY-9r","_links":{"self":[{"href":"https:\/\/blog.startups.ch\/fr\/wp-json\/wp\/v2\/posts\/585"}],"collection":[{"href":"https:\/\/blog.startups.ch\/fr\/wp-json\/wp\/v2\/posts"}],"about":[{"href":"https:\/\/blog.startups.ch\/fr\/wp-json\/wp\/v2\/types\/post"}],"author":[{"embeddable":true,"href":"https:\/\/blog.startups.ch\/fr\/wp-json\/wp\/v2\/users\/7"}],"replies":[{"embeddable":true,"href":"https:\/\/blog.startups.ch\/fr\/wp-json\/wp\/v2\/comments?post=585"}],"version-history":[{"count":8,"href":"https:\/\/blog.startups.ch\/fr\/wp-json\/wp\/v2\/posts\/585\/revisions"}],"predecessor-version":[{"id":1900,"href":"https:\/\/blog.startups.ch\/fr\/wp-json\/wp\/v2\/posts\/585\/revisions\/1900"}],"wp:attachment":[{"href":"https:\/\/blog.startups.ch\/fr\/wp-json\/wp\/v2\/media?parent=585"}],"wp:term":[{"taxonomy":"category","embeddable":true,"href":"https:\/\/blog.startups.ch\/fr\/wp-json\/wp\/v2\/categories?post=585"},{"taxonomy":"post_tag","embeddable":true,"href":"https:\/\/blog.startups.ch\/fr\/wp-json\/wp\/v2\/tags?post=585"}],"curies":[{"name":"wp","href":"https:\/\/api.w.org\/{rel}","templated":true}]}}