{"id":5684,"date":"2017-09-06T10:16:18","date_gmt":"2017-09-06T08:16:18","guid":{"rendered":"https:\/\/www.startups.ch\/fr\/blog\/?p=5684"},"modified":"2017-09-06T10:21:08","modified_gmt":"2017-09-06T08:21:08","slug":"rapport-creations-dentreprises-mois-daout-2017-bonne-croissance-malgre-creux-estival","status":"publish","type":"post","link":"https:\/\/blog.startups.ch\/fr\/2017\/09\/06\/rapport-creations-dentreprises-mois-daout-2017-bonne-croissance-malgre-creux-estival\/","title":{"rendered":"Rapport sur les cr\u00e9ations d\u2019entreprises pour le mois d\u2018ao\u00fbt 2017 \u2013 une bonne croissance malgr\u00e9 le creux estival"},"content":{"rendered":"<h2>Comme le montrent les rapports de STARTUPS.CH, le mois d\u2018ao\u00fbt est g\u00e9n\u00e9ralement un mois creux pour les jeunes entrepreneurs et cette ann\u00e9e ne fit pas exception \u00e0 la r\u00e8gle. En effet, le mois d\u2019ao\u00fbt fut le plus mauvais mois depuis le d\u00e9but de l\u2019ann\u00e9e 2017. Cependant, on peut se permettre d\u2019\u00eatre optimiste et de relativiser ce \u00ab\u00a0mauvais\u00a0\u00bb r\u00e9sultat car il s\u2019agit l\u00e0 du meilleur mois d\u2019ao\u00fbt que l\u2019on ait connu depuis bien longtemps.<\/h2>\n<p><!--more--><\/p>\n<p><img loading=\"lazy\" decoding=\"async\" class=\"alignnone size-full wp-image-5685\" src=\"https:\/\/i0.wp.com\/www.startups.ch\/fr\/blog\/wp-content\/uploads\/2017\/09\/GraphFran.jpg?resize=881%2C686&#038;ssl=1\" alt=\"\" width=\"881\" height=\"686\" data-recalc-dims=\"1\" \/><\/p>\n<h3><strong>Bonne croissance de 6.04%<\/strong><\/h3>\n<p>Comme le montrent les chiffres de STARTUPS.CH, le registre du commerce Suisse a enregistr\u00e9, par rapport au mois d\u2019ao\u00fbt 2016, une hausse des inscriptions de 6.04% au cours du mois d\u2019ao\u00fbt 2017. Cela \u00e9quivaut \u00e0 2949 nouvelles inscriptions. M\u00eame si le nombre d\u2019inscriptions au registre du commerce durant le mois d\u2019ao\u00fbt est chaque ann\u00e9e en hausse depuis 2014, cette ann\u00e9e fut marqu\u00e9e par une croissance particuli\u00e8rement forte. C\u2019est en Suisse allemande et plus particuli\u00e8rement dans les cantons de Zurich, Berne et Zoug que cette pouss\u00e9e fut la plus forte (+9.74%). \u00c0 l\u2019\u00e9chelle nationale, Zurich repr\u00e9sente 17.53% des entreprises cr\u00e9\u00e9es en ao\u00fbt 2017, Berne 7.93% et Zoug 6.14%. Pour ce qui est de la croissance de chacun de ces trois cantons, Zurich augmenta son nombre de cr\u00e9ations d\u2019entreprises de +7.48%, Berne +11.43% et Zoug +17.53%.<\/p>\n<h3><strong>Le Tessin continue de reculer<\/strong><\/h3>\n<p>\u00c0 notre grand regret, le Tessin n\u2019a pas pu profiter de l\u2019optimisme g\u00e9n\u00e9ral qui r\u00e9gnait en Suisse cet \u00e9t\u00e9. En effet, compar\u00e9 au mois d\u2019ao\u00fbt 2016, le canton transalpin est le seul \u00e0 n\u2019avoir pas connu de croissance en 2017 (-13.17%). Malheureusement, ce n\u2019est pas la premi\u00e8re fois que le Tessin endosse le dossard d\u2019outsider. En effet, cela fait plusieurs mois qu\u2019il enchaine les tr\u00e8s mauvais r\u00e9sultats\u00a0: juillet (-20.22 %), juin (-21.84%) et avril (-14.98%). Pour ne rien arranger, les seules croissances enregistr\u00e9es au Tessin en 2017 furent tr\u00e8s faibles\u00a0: janvier (+4.14%) et mars (+9.40%). Affaire \u00e0 suivre\u00a0!<\/p>\n<p><img loading=\"lazy\" decoding=\"async\" class=\"alignnone size-full wp-image-5686\" src=\"https:\/\/i0.wp.com\/www.startups.ch\/fr\/blog\/wp-content\/uploads\/2017\/09\/KantFran.jpg?resize=490%2C594&#038;ssl=1\" alt=\"\" width=\"490\" height=\"594\" data-recalc-dims=\"1\" \/><\/p>\n<p><strong><a class=\"postButton\" href=\"https:\/\/www.startups.ch\/fr\/blog\/category\/divers\/\" target=\"_blank\" rel=\"noopener noreferrer\">\u00bb Autres articles<\/a> <a class=\"postButton\" href=\" https:\/\/startups.ch\/fr\/preparer\/business-plan\/qui-besoin\/\" target=\"_blank\" rel=\"noopener noreferrer\">\u00bb R\u00e9diger son Business plan<\/a><\/strong><\/p>\n<p>&nbsp;<\/p>\n","protected":false},"excerpt":{"rendered":"<p>Comme le montrent les rapports de STARTUPS.CH, le mois d\u2018ao\u00fbt est g\u00e9n\u00e9ralement un mois creux pour les jeunes entrepreneurs et cette ann\u00e9e ne fit pas exception \u00e0 la r\u00e8gle. En effet, le mois d\u2019ao\u00fbt fut le plus mauvais mois depuis le d\u00e9but de l\u2019ann\u00e9e 2017. Cependant, on peut se permettre d\u2019\u00eatre optimiste et de relativiser [&hellip;]<\/p>\n","protected":false},"author":1,"featured_media":0,"comment_status":"open","ping_status":"open","sticky":false,"template":"","format":"standard","meta":{"content-type":"","jetpack_post_was_ever_published":false,"_jetpack_newsletter_access":"","_jetpack_dont_email_post_to_subs":false,"_jetpack_newsletter_tier_id":0,"footnotes":"","jetpack_publicize_message":"","jetpack_publicize_feature_enabled":true,"jetpack_social_post_already_shared":true,"jetpack_social_options":{"image_generator_settings":{"template":"highway","enabled":false}}},"categories":[228],"tags":[],"jetpack_publicize_connections":[],"aioseo_notices":[],"views":1206,"jetpack_featured_media_url":"","jetpack_sharing_enabled":true,"jetpack_shortlink":"https:\/\/wp.me\/p7y0qY-1tG","_links":{"self":[{"href":"https:\/\/blog.startups.ch\/fr\/wp-json\/wp\/v2\/posts\/5684"}],"collection":[{"href":"https:\/\/blog.startups.ch\/fr\/wp-json\/wp\/v2\/posts"}],"about":[{"href":"https:\/\/blog.startups.ch\/fr\/wp-json\/wp\/v2\/types\/post"}],"author":[{"embeddable":true,"href":"https:\/\/blog.startups.ch\/fr\/wp-json\/wp\/v2\/users\/1"}],"replies":[{"embeddable":true,"href":"https:\/\/blog.startups.ch\/fr\/wp-json\/wp\/v2\/comments?post=5684"}],"version-history":[{"count":3,"href":"https:\/\/blog.startups.ch\/fr\/wp-json\/wp\/v2\/posts\/5684\/revisions"}],"predecessor-version":[{"id":5690,"href":"https:\/\/blog.startups.ch\/fr\/wp-json\/wp\/v2\/posts\/5684\/revisions\/5690"}],"wp:attachment":[{"href":"https:\/\/blog.startups.ch\/fr\/wp-json\/wp\/v2\/media?parent=5684"}],"wp:term":[{"taxonomy":"category","embeddable":true,"href":"https:\/\/blog.startups.ch\/fr\/wp-json\/wp\/v2\/categories?post=5684"},{"taxonomy":"post_tag","embeddable":true,"href":"https:\/\/blog.startups.ch\/fr\/wp-json\/wp\/v2\/tags?post=5684"}],"curies":[{"name":"wp","href":"https:\/\/api.w.org\/{rel}","templated":true}]}}