{"id":5641,"date":"2017-08-24T11:30:38","date_gmt":"2017-08-24T09:30:38","guid":{"rendered":"https:\/\/www.startups.ch\/fr\/blog\/?p=5641"},"modified":"2017-09-06T13:19:23","modified_gmt":"2017-09-06T11:19:23","slug":"lorsque-main-doeuvre-qualifiee-vient-a-manquer","status":"publish","type":"post","link":"https:\/\/blog.startups.ch\/fr\/2017\/08\/24\/lorsque-main-doeuvre-qualifiee-vient-a-manquer\/","title":{"rendered":"Lorsque la main-d\u2019\u0153uvre qualifi\u00e9e vient \u00e0 manquer"},"content":{"rendered":"<h2>Environ 90 000 PME suisses souffrent de la p\u00e9nurie de main-d\u2019\u0153uvre qualifi\u00e9e. Que faites-vous pour lutter contre ce ph\u00e9nom\u00e8ne?<\/h2>\n<p><!--more--><\/p>\n<p><a href=\"https:\/\/i0.wp.com\/www.startups.ch\/fr\/blog\/wp-content\/uploads\/2017\/08\/1920x960.jpg?ssl=1\"><img loading=\"lazy\" decoding=\"async\" class=\"alignnone size-large wp-image-5642\" src=\"https:\/\/i0.wp.com\/www.startups.ch\/fr\/blog\/wp-content\/uploads\/2017\/08\/1920x960-1200x600.jpg?resize=1200%2C600&#038;ssl=1\" alt=\"\" width=\"1200\" height=\"600\" data-recalc-dims=\"1\" \/><\/a><\/p>\n<p>Pour qu\u2019une entreprise prosp\u00e8re, r\u00e9agisse rapidement face aux d\u00e9fis et puisse \u00eatre innovante, elle a essentiellement besoin de collaborateurs comp\u00e9tents. Cependant, trouver des professionnels qualifi\u00e9s peut s\u2019av\u00e9rer \u00eatre un v\u00e9ritable casse-t\u00eate. Plus de la moiti\u00e9 des PME suisses qui recrutent ont des difficult\u00e9s \u00e0 trouver les bons candidats pour les postes vacants, selon l&#8217;\u00e9tude du <a href=\"https:\/\/www.credit-suisse.com\/ch\/fr\/unternehmen\/unternehmen-unternehmer\/aktuell\/wenn-fachkraefte-knapp-sind.html\" target=\"_blank\" rel=\"noopener\">Credit Suisse sur les PME<\/a>.<\/p>\n<p>Environ un quart des entreprises ayant particip\u00e9 \u00e0 l\u2019enqu\u00eate souffre de la p\u00e9nurie de main-d\u2019\u0153uvre qualifi\u00e9e, soit 90 000 PME suisses. Les entreprises abordent cette probl\u00e9matique de diff\u00e9rentes mani\u00e8res. Le recrutement \u00e0 l\u2019\u00e9tranger est loin d\u2019\u00eatre la seule option, m\u00eame si les entreprises de plus grande envergure (entre autres) \u00e9tablies dans les r\u00e9gions frontali\u00e8res c\u00e8dent souvent aux sir\u00e8nes des travailleurs frontaliers afin de pouvoir puiser dans un plus grand vivier de professionnels. La strat\u00e9gie privil\u00e9gi\u00e9e pour disposer de main-d\u2019\u0153uvre qualifi\u00e9e est la formation et le perfectionnement de ses propres collaborateurs. Pr\u00e8s de 80% des entreprises proposent des formations en interne, et plus de la moiti\u00e9 forme des apprentis. La qualit\u00e9 du syst\u00e8me \u00e9ducatif suisse et l\u2019importance de la formation professionnelle duale sont \u00e0 nouveau soulign\u00e9es. Mais des voix critiques s\u2019\u00e9l\u00e8vent \u00e9galement: pr\u00e8s d\u2019un quart des entreprises ayant particip\u00e9 \u00e0 l\u2019enqu\u00eate estime que le syst\u00e8me \u00e9ducatif ne r\u00e9pond qu\u2019en partie \u00e0 leurs besoins. Il est donc crucial que les fili\u00e8res de formation prennent davantage en compte les besoins \u00e9volutifs de l\u2019\u00e9conomie.<\/p>\n<p>La num\u00e9risation et l\u2019automatisation vont entra\u00eener la cr\u00e9ation de nouveaux postes et profils de comp\u00e9tences. Si aujourd\u2019hui une PME sur quatre investit dans la num\u00e9risation pour faire face au manque de main-d\u2019\u0153uvre qualifi\u00e9e, 40% d\u2019entre elles estiment que ces \u00e9volutions entra\u00eeneront un besoin accru de professionnels sp\u00e9cialis\u00e9s dans les ann\u00e9es \u00e0 venir.<\/p>\n<p>Le vieillissement de la population est un d\u00e9fi suppl\u00e9mentaire auquel sont confront\u00e9es les PME suisses. Les travailleurs de la g\u00e9n\u00e9ration du baby-boom partiront \u00e0 la retraite dans les cinq \u00e0 dix prochaines ann\u00e9es et, \u00e0 l\u2019avenir, les entreprises disposeront (au mieux) d\u2019un potentiel de main-d\u2019\u0153uvre stagnant et vieillissant. Dans ce contexte, l\u2019emploi de salari\u00e9s ayant d\u00e9pass\u00e9 l\u2019\u00e2ge de la retraite, par exemple, semble \u00eatre une solution \u00e9vidente, pour laquelle \u00e0 peine un quart des PME interrog\u00e9es a opt\u00e9 jusqu\u2019\u00e0 pr\u00e9sent. Beaucoup d\u2019entreprises s\u2019engageant sur cette voie en retirent des exp\u00e9riences positives, ce que confirment \u00e9galement les participants \u00e0 notre table ronde, qui \u00e9toffent notre enqu\u00eate en partageant leurs opinions et exp\u00e9riences de la vie quotidienne en entreprise.<\/p>\n<p><strong><a class=\"postButton\" href=\"https:\/\/www.credit-suisse.com\/ch\/fr\/unternehmen\/unternehmen-unternehmer\/aktuell\/wenn-fachkraefte-knapp-sind.html\" target=\"_blank\" rel=\"noopener noreferrer\">\u00bb Credit Suisse \/ Entrepreneur<\/a> <a class=\"postButton\" href=\"https:\/\/startups.ch\/fr\/preparer\/business-plan\/qui-besoin\/\" target=\"_blank\" rel=\"noopener noreferrer\">\u00bb R\u00e9diger son Business plan<\/a><\/strong><\/p>\n<p>&nbsp;<\/p>\n<p>&nbsp;<\/p>\n","protected":false},"excerpt":{"rendered":"<p>Environ 90 000 PME suisses souffrent de la p\u00e9nurie de main-d\u2019\u0153uvre qualifi\u00e9e. Que faites-vous pour lutter contre ce ph\u00e9nom\u00e8ne?<\/p>\n","protected":false},"author":22,"featured_media":0,"comment_status":"open","ping_status":"open","sticky":false,"template":"","format":"standard","meta":{"content-type":"","jetpack_post_was_ever_published":false,"_jetpack_newsletter_access":"","_jetpack_dont_email_post_to_subs":false,"_jetpack_newsletter_tier_id":0,"footnotes":"","jetpack_publicize_message":"","jetpack_publicize_feature_enabled":true,"jetpack_social_post_already_shared":true,"jetpack_social_options":{"image_generator_settings":{"template":"highway","enabled":false}}},"categories":[1],"tags":[],"jetpack_publicize_connections":[],"aioseo_notices":[],"views":1136,"jetpack_featured_media_url":"","jetpack_sharing_enabled":true,"jetpack_shortlink":"https:\/\/wp.me\/p7y0qY-1sZ","_links":{"self":[{"href":"https:\/\/blog.startups.ch\/fr\/wp-json\/wp\/v2\/posts\/5641"}],"collection":[{"href":"https:\/\/blog.startups.ch\/fr\/wp-json\/wp\/v2\/posts"}],"about":[{"href":"https:\/\/blog.startups.ch\/fr\/wp-json\/wp\/v2\/types\/post"}],"author":[{"embeddable":true,"href":"https:\/\/blog.startups.ch\/fr\/wp-json\/wp\/v2\/users\/22"}],"replies":[{"embeddable":true,"href":"https:\/\/blog.startups.ch\/fr\/wp-json\/wp\/v2\/comments?post=5641"}],"version-history":[{"count":3,"href":"https:\/\/blog.startups.ch\/fr\/wp-json\/wp\/v2\/posts\/5641\/revisions"}],"predecessor-version":[{"id":5681,"href":"https:\/\/blog.startups.ch\/fr\/wp-json\/wp\/v2\/posts\/5641\/revisions\/5681"}],"wp:attachment":[{"href":"https:\/\/blog.startups.ch\/fr\/wp-json\/wp\/v2\/media?parent=5641"}],"wp:term":[{"taxonomy":"category","embeddable":true,"href":"https:\/\/blog.startups.ch\/fr\/wp-json\/wp\/v2\/categories?post=5641"},{"taxonomy":"post_tag","embeddable":true,"href":"https:\/\/blog.startups.ch\/fr\/wp-json\/wp\/v2\/tags?post=5641"}],"curies":[{"name":"wp","href":"https:\/\/api.w.org\/{rel}","templated":true}]}}