{"id":553,"date":"2011-07-15T11:42:04","date_gmt":"2011-07-15T09:42:04","guid":{"rendered":"http:\/\/blog.startups.ch\/fr\/?p=553"},"modified":"2013-07-03T14:15:24","modified_gmt":"2013-07-03T12:15:24","slug":"interview-%c2%ab-mini-sarl-%c2%bb-michele-blasucci","status":"publish","type":"post","link":"https:\/\/blog.startups.ch\/fr\/2011\/07\/15\/interview-%c2%ab-mini-sarl-%c2%bb-michele-blasucci\/","title":{"rendered":"La &#8220;Mini-S\u00e0RL&#8221; : questions \u00e0 Michele Blasucci, CEO STARTUPS.CH"},"content":{"rendered":"<p><a href=\"https:\/\/i0.wp.com\/blog.startups.ch\/fr\/wp-content\/uploads\/2011\/09\/Fotolia_Mann-Stift-und-idea.jpg\"><img loading=\"lazy\" decoding=\"async\" class=\"aligncenter size-full wp-image-1884\" alt=\"mini-S\u00e0RL\" src=\"https:\/\/i0.wp.com\/blog.startups.ch\/fr\/wp-content\/uploads\/2011\/09\/Fotolia_Mann-Stift-und-idea.jpg?resize=690%2C306\" width=\"690\" height=\"306\" srcset=\"https:\/\/i0.wp.com\/blog.startups.ch\/fr\/wp-content\/uploads\/2011\/09\/Fotolia_Mann-Stift-und-idea.jpg?w=690&amp;ssl=1 690w, https:\/\/i0.wp.com\/blog.startups.ch\/fr\/wp-content\/uploads\/2011\/09\/Fotolia_Mann-Stift-und-idea.jpg?resize=300%2C133&amp;ssl=1 300w\" sizes=\"(max-width: 690px) 100vw, 690px\" data-recalc-dims=\"1\" \/><\/a>[Traduit de l\u2019allemand]<\/p>\n<h4><strong>Les m\u00e9dias parlent de plus en plus des Mini-S\u00e0RL. De quoi s&#8217;agit-il ?<\/strong><\/h4>\n<p>La Mini-S\u00e0RL est une soci\u00e9t\u00e9 \u00e0 responsabilit\u00e9 limit\u00e9e qui a un capital d\u2019au minimum 1 euro. Ce type de soci\u00e9t\u00e9 est install\u00e9 en Allemagne et se rapproche beaucoup de la soci\u00e9t\u00e9 anglaise <em>Limited<\/em> qui peut \u00e9galement \u00eatre cr\u00e9\u00e9e avec un apport de 1 livre. Les autorit\u00e9s allemandes ont \u00e9t\u00e9 contraintes d&#8217;introduire cette forme juridique, car les Allemands utilisaient de plus en plus la forme juridique <em>Limited, <\/em>bien moins ch\u00e8re \u00e0 cr\u00e9er.<\/p>\n<h4><strong>N\u2019est-ce pas dangereux pour les partenaires de n\u2019avoir un capital de base, c&#8217;est-\u00e0-dire un capital de responsabilit\u00e9, dont le montant s&#8217;\u00e9l\u00e8ve \u00e0 un euro seulement ?<\/strong><\/h4>\n<p>Il est question d\u2019un capital d\u2019au minimum un euro. Le capital peut tr\u00e8s bien \u00eatre de l&#8217;ordre de 5&#8217;000 ou 10&#8217;000 euro.<\/p>\n<p>Pour l\u2019entrepreneur, je ne vois aucun risque particulier. Il est simplement responsable \u00e0 hauteur du capital qu\u2019il apporte.<\/p>\n<p>Forc\u00e9ment, les clients, les fournisseurs et les banques ne tiennent pas le m\u00eame discours. Ceux-ci ne seront pas enclins \u00e0 donner un cr\u00e9dit \u00e0 une soci\u00e9t\u00e9 avec un si petit capital. Effectivement, la confiance n\u2019est pas pr\u00e9sente avec un capital si bas.<\/p>\n<h4><strong>La Mini-S\u00e0RL n&#8217;existe pas encore en Suisse. Pensez-vous qu&#8217;il y ait des chances pour que la Suisse l&#8217;adopte aussi?<\/strong><\/h4>\n<p>Pour l&#8217;instant, pas encore. Mais ce n&#8217;est qu&#8217;une question de temps avant que le d\u00e9bat sur cette forme juridique d\u00e9marre en Suisse. Le pays va d&#8217;abord attendre et observer comment se d\u00e9veloppent ces soci\u00e9t\u00e9s en Allemagne. Si c\u2019est un succ\u00e8s l\u00e0-bas, la Suisse pourra envisager\u00a0 \u00e0 court ou moyen terme de les adopter.<\/p>\n<h4><strong>Si la Suisse adoptait cette forme juridique, serait-ce une bonne chose?<\/strong><\/h4>\n<p>Oui absolument. En Suisse, si de jeunes entrepreneurs souhaitent devenir ind\u00e9pendants et cr\u00e9er leur projet et qu\u2019ils ne disposent pas de CHF 20&#8217;000.-, il ne leur reste que deux solutions\u00a0: la raison individuelle ou la soci\u00e9t\u00e9 en nom collectif. Et c\u2019est justement ces deux soci\u00e9t\u00e9s qui comportent le plus grand risque au niveau de la responsabilit\u00e9. Nous sommes souvent confront\u00e9s \u00e0 de jeunes personnes qui se retrouvent \u00e0 devoir payer pendant des ann\u00e9es les cons\u00e9quences d&#8217;un projet mal \u00e9valu\u00e9. Cette situation de d\u00e9tresse pourrait \u00eatre \u00e9vit\u00e9e avec l\u2019introduction de la Mini-S\u00e0RL.<\/p>\n<h4><strong>Un quart du revenu doit \u00eatre \u00e9pargn\u00e9 avec la Mini-S\u00e0RL allemande. Au moment o\u00f9 le capital d\u2019une S\u00e0RL traditionnelle est atteint, il est possible de transformer sa soci\u00e9t\u00e9 en une S\u00e0RL. Une raison individuelle peut \u00e9galement \u00eatre transform\u00e9e en S\u00e0RL. Pourquoi a-t-on donc besoin de ces Mini-S\u00e0RL ?<\/strong><\/h4>\n<p>Pour moi \u2013 comme je l&#8217;ai d\u00e9j\u00e0 expliqu\u00e9 \u2013 il s\u2019agit de la responsabilit\u00e9. Avec une Mini-S\u00e0RL, on ne r\u00e9pond que du capital apport\u00e9, ni plus, ni moins. Avec les deux autres formes de soci\u00e9t\u00e9s, on r\u00e9pond \u00e9galement subsidiairement avec sa fortune priv\u00e9e\u00a0!<\/p>\n","protected":false},"excerpt":{"rendered":"<p>[Traduit de l\u2019allemand] Les m\u00e9dias parlent de plus en plus des Mini-S\u00e0RL. De quoi s&#8217;agit-il ? La Mini-S\u00e0RL est une soci\u00e9t\u00e9 \u00e0 responsabilit\u00e9 limit\u00e9e qui a un capital d\u2019au minimum 1 euro. Ce type de soci\u00e9t\u00e9 est install\u00e9 en Allemagne et se rapproche beaucoup de la soci\u00e9t\u00e9 anglaise Limited qui peut \u00e9galement \u00eatre cr\u00e9\u00e9e avec [&hellip;]<\/p>\n","protected":false},"author":7,"featured_media":0,"comment_status":"closed","ping_status":"closed","sticky":false,"template":"","format":"standard","meta":{"content-type":"","jetpack_post_was_ever_published":false,"_jetpack_newsletter_access":"","_jetpack_dont_email_post_to_subs":false,"_jetpack_newsletter_tier_id":0,"footnotes":"","jetpack_publicize_message":"","jetpack_publicize_feature_enabled":true,"jetpack_social_post_already_shared":false,"jetpack_social_options":{"image_generator_settings":{"template":"highway","enabled":false}}},"categories":[13,1,3],"tags":[192,403,44],"jetpack_publicize_connections":[],"aioseo_notices":[],"views":3862,"jetpack_featured_media_url":"","jetpack_sharing_enabled":true,"jetpack_shortlink":"https:\/\/wp.me\/p7y0qY-8V","_links":{"self":[{"href":"https:\/\/blog.startups.ch\/fr\/wp-json\/wp\/v2\/posts\/553"}],"collection":[{"href":"https:\/\/blog.startups.ch\/fr\/wp-json\/wp\/v2\/posts"}],"about":[{"href":"https:\/\/blog.startups.ch\/fr\/wp-json\/wp\/v2\/types\/post"}],"author":[{"embeddable":true,"href":"https:\/\/blog.startups.ch\/fr\/wp-json\/wp\/v2\/users\/7"}],"replies":[{"embeddable":true,"href":"https:\/\/blog.startups.ch\/fr\/wp-json\/wp\/v2\/comments?post=553"}],"version-history":[{"count":7,"href":"https:\/\/blog.startups.ch\/fr\/wp-json\/wp\/v2\/posts\/553\/revisions"}],"predecessor-version":[{"id":2005,"href":"https:\/\/blog.startups.ch\/fr\/wp-json\/wp\/v2\/posts\/553\/revisions\/2005"}],"wp:attachment":[{"href":"https:\/\/blog.startups.ch\/fr\/wp-json\/wp\/v2\/media?parent=553"}],"wp:term":[{"taxonomy":"category","embeddable":true,"href":"https:\/\/blog.startups.ch\/fr\/wp-json\/wp\/v2\/categories?post=553"},{"taxonomy":"post_tag","embeddable":true,"href":"https:\/\/blog.startups.ch\/fr\/wp-json\/wp\/v2\/tags?post=553"}],"curies":[{"name":"wp","href":"https:\/\/api.w.org\/{rel}","templated":true}]}}