{"id":5407,"date":"2017-06-20T14:10:03","date_gmt":"2017-06-20T12:10:03","guid":{"rendered":"https:\/\/www.startups.ch\/fr\/blog\/?p=5407"},"modified":"2017-06-23T19:53:39","modified_gmt":"2017-06-23T17:53:39","slug":"digital-festival-zurich-inspiration-innovation-fun","status":"publish","type":"post","link":"https:\/\/blog.startups.ch\/fr\/2017\/06\/20\/digital-festival-zurich-inspiration-innovation-fun\/","title":{"rendered":"Digital Festival Z\u00fcrich: Inspiration, Innovation et Fun!"},"content":{"rendered":"<h2>Du 13 au 17 septembre 2017 aura lieu le Digital Festival de Zurich. Cette ann\u00e9e les visiteurs pourront profiter d\u2019un programme vari\u00e9: keynotes, workshops, labs et partys. STARTUPS.CH sera pr\u00e9sent en tant que partenaire m\u00e9diatique.<\/h2>\n<p><!--more--><\/p>\n<p><img loading=\"lazy\" decoding=\"async\" class=\"alignnone size-medium wp-image-5408\" src=\"https:\/\/i0.wp.com\/www.startups.ch\/fr\/blog\/wp-content\/uploads\/2017\/06\/lab-virtual-reality-1200x800.jpg?resize=1200%2C800&#038;ssl=1\" alt=\"\" width=\"1200\" height=\"800\" data-recalc-dims=\"1\" \/><\/p>\n<p><strong>Le programme <\/strong><\/p>\n<p>Cette ann\u00e9e, les organisateurs du Digital Festival de Zurich ont pr\u00e9vu un programme vari\u00e9 et complet. Pendant 5 jours, les nombreux visiteurs pourront assister \u00e0 des conf\u00e9rences d\u2019h\u00f4tes pr\u00e9stigieux tels que Daniel Sennheiser, CEO de Sennheiser electronic, Bracken Darrell, CEO de Logitech, Dr. Martin Hofmann, CIO du groupe Volkswagen ou encore Martin Eberhard, fondateur et ancien CEO de Tesla. Le c\u00e9l\u00e8bre HackZurich aura \u00e9galement lieu. Il s\u2019agit du plus grand Hackathon d\u2019Europe: plus de 550 sp\u00e9cialistes, programmateurs et ing\u00e9nieurs provenant de plus de 55 pays diff\u00e9rents. Diverses f\u00eates et grillades seront \u00e9galement propos\u00e9es dans le programme du festival.<\/p>\n<p>&nbsp;<\/p>\n<p><strong>Pourquoi y aller?<br \/>\n<\/strong><\/p>\n<p>Pour les personnes participant au festival, c\u2019est l\u2019occasion de profiter de l\u2019exp\u00e9rience et des conseils de professionnels du domaine digital. Ce festival s\u2019adresse avant tout aux personnes souhaitant \u00e9largir leur champ de vision et\/ou aux personnes ayant des projets (plus ou moins concrets) mais manquant d\u2019id\u00e9es pour les concr\u00e9tiser. Pour beaucoup, c\u2019est aussi l\u2019occasion de nouer de pr\u00e9cieux contacts et d\u2019\u00e9ventuellement trouver des associ\u00e9s ou des investisseurs.<\/p>\n<p>&nbsp;<\/p>\n<p>&nbsp;<\/p>\n<p><a class=\"postButton\" href=\"http:\/\/digitalfestival.ch\/\" target=\"_blank\" rel=\"noopener\">\u00bb Digital Festival Z\u00fcrich<\/a>\u00a0<a class=\"postButton\" href=\" https:\/\/startups.ch\/fr\/preparer\/business-plan\/qui-besoin\/\" target=\"_blank\" rel=\"noopener\">\u00bb R\u00e9diger son Business plan<\/a><\/p>\n<p>&nbsp;<\/p>\n","protected":false},"excerpt":{"rendered":"<p>Du 13 au 17 septembre 2017 aura lieu le Digital Festival de Zurich. Cette ann\u00e9e les visiteurs pourront profiter d\u2019un programme vari\u00e9: keynotes, workshops, labs et partys. STARTUPS.CH sera pr\u00e9sent en tant que partenaire m\u00e9diatique.<\/p>\n","protected":false},"author":1,"featured_media":0,"comment_status":"open","ping_status":"open","sticky":false,"template":"","format":"standard","meta":{"content-type":"","jetpack_post_was_ever_published":false,"_jetpack_newsletter_access":"","_jetpack_dont_email_post_to_subs":false,"_jetpack_newsletter_tier_id":0,"footnotes":"","jetpack_publicize_message":"","jetpack_publicize_feature_enabled":true,"jetpack_social_post_already_shared":true,"jetpack_social_options":{"image_generator_settings":{"template":"highway","enabled":false}}},"categories":[10],"tags":[],"jetpack_publicize_connections":[],"aioseo_notices":[],"views":1371,"jetpack_featured_media_url":"","jetpack_sharing_enabled":true,"jetpack_shortlink":"https:\/\/wp.me\/p7y0qY-1pd","_links":{"self":[{"href":"https:\/\/blog.startups.ch\/fr\/wp-json\/wp\/v2\/posts\/5407"}],"collection":[{"href":"https:\/\/blog.startups.ch\/fr\/wp-json\/wp\/v2\/posts"}],"about":[{"href":"https:\/\/blog.startups.ch\/fr\/wp-json\/wp\/v2\/types\/post"}],"author":[{"embeddable":true,"href":"https:\/\/blog.startups.ch\/fr\/wp-json\/wp\/v2\/users\/1"}],"replies":[{"embeddable":true,"href":"https:\/\/blog.startups.ch\/fr\/wp-json\/wp\/v2\/comments?post=5407"}],"version-history":[{"count":3,"href":"https:\/\/blog.startups.ch\/fr\/wp-json\/wp\/v2\/posts\/5407\/revisions"}],"predecessor-version":[{"id":5411,"href":"https:\/\/blog.startups.ch\/fr\/wp-json\/wp\/v2\/posts\/5407\/revisions\/5411"}],"wp:attachment":[{"href":"https:\/\/blog.startups.ch\/fr\/wp-json\/wp\/v2\/media?parent=5407"}],"wp:term":[{"taxonomy":"category","embeddable":true,"href":"https:\/\/blog.startups.ch\/fr\/wp-json\/wp\/v2\/categories?post=5407"},{"taxonomy":"post_tag","embeddable":true,"href":"https:\/\/blog.startups.ch\/fr\/wp-json\/wp\/v2\/tags?post=5407"}],"curies":[{"name":"wp","href":"https:\/\/api.w.org\/{rel}","templated":true}]}}