{"id":531,"date":"2011-06-08T17:37:00","date_gmt":"2011-06-08T15:37:00","guid":{"rendered":"http:\/\/blog.startups.ch\/fr\/?p=531"},"modified":"2024-09-24T11:23:45","modified_gmt":"2024-09-24T09:23:45","slug":"continuer-la-societe-en-nom-collectif-avec-une-raison-individuelle","status":"publish","type":"post","link":"https:\/\/blog.startups.ch\/fr\/2011\/06\/08\/continuer-la-societe-en-nom-collectif-avec-une-raison-individuelle\/","title":{"rendered":"Soci\u00e9t\u00e9 en nom collectif: vers une raison individuelle"},"content":{"rendered":"\n<h2 class=\"wp-block-heading\">La soci\u00e9t\u00e9 en nom collectif est caract\u00e9ris\u00e9e par le fait que deux ou plusieurs personnes morales tiennent un commerce ensemble.<\/h2>\n\n\n<div class=\"wp-block-image\">\n<figure class=\"aligncenter\"><a href=\"https:\/\/i0.wp.com\/blog.startups.ch\/fr\/wp-content\/uploads\/2010\/09\/Fotolia_Mann-mit-Rechner_zugeschnitten.jpg\"><img loading=\"lazy\" decoding=\"async\" width=\"689\" height=\"363\" src=\"https:\/\/i0.wp.com\/blog.startups.ch\/fr\/wp-content\/uploads\/2010\/09\/Fotolia_Mann-mit-Rechner_zugeschnitten.jpg?resize=689%2C363\" alt=\"soci\u00e9t\u00e9 en nom collectif\" class=\"wp-image-1081\" srcset=\"https:\/\/i0.wp.com\/blog.startups.ch\/fr\/wp-content\/uploads\/2010\/09\/Fotolia_Mann-mit-Rechner_zugeschnitten.jpg?w=689&amp;ssl=1 689w, https:\/\/i0.wp.com\/blog.startups.ch\/fr\/wp-content\/uploads\/2010\/09\/Fotolia_Mann-mit-Rechner_zugeschnitten.jpg?resize=300%2C158&amp;ssl=1 300w\" sizes=\"(max-width: 689px) 100vw, 689px\" data-recalc-dims=\"1\" \/><\/a><\/figure><\/div>\n\n\n<p>Dans une soci\u00e9t\u00e9 en nom collectif compos\u00e9e de deux associ\u00e9s, que se passe-t-il lorsque ceux-ci se s\u00e9parent?&nbsp; Est-ce qu&#8217;un associ\u00e9 peut continuer le commerce seul sous la forme d\u2019une raison individuelle? Oui, c\u2019est possible. Selon l\u2019article 579 CO, un associ\u00e9 peut continuer le commerce et mettre la part de fortune de l\u2019autre associ\u00e9 comme fortune commerciale.<\/p>\n\n\n\n<p>Cette op\u00e9ration ne correspond ni \u00e0 une reprise de biens selon 181 CO, ni \u00e0 une fusion selon 69 LFus. C\u2019est la fortune commerciale qui passe d\u2019une propri\u00e9t\u00e9 commune \u00e0 une propri\u00e9t\u00e9 individuelle. Pour la transmission des droits, les formes n\u00e9cessaires ne doivent pas \u00eatre particuli\u00e8rement maintenues. Ainsi, au registre du commerce, la soci\u00e9t\u00e9 va \u00eatre radi\u00e9e sans qu&#8217;elle ne soit liquid\u00e9e. L\u2019associ\u00e9 qui reprend le commerce seul devra ensuite inscrire sa raison individuelle au registre du commerce.<\/p>\n\n\n\n<h3 class=\"wp-block-heading\">Cr\u00e9ez votre entreprise en ligne avec STARTUPS.CH !<\/h3>\n\n\n\n<p>Vous avez une id\u00e9e d&#8217;entreprise innovante que vous souhaitez mettre en \u0153uvre ? Les experts de STARTUPS.CH sont \u00e0 votre disposition et vous accompagneront dans votre ind\u00e9pendance professionnelle.<\/p>\n\n\n\n<p>Obtenez d\u00e8s maintenant une <a href=\"https:\/\/www.startups.ch\/fr\/creation-entreprise\" title=\"offre sans engagement\">offre sans engagement<\/a> pour la cr\u00e9ation de votre entreprise !<\/p>\n\n\n\n<p>D\u00e9couvrez <a href=\"https:\/\/www.startups.ch\/fr\/prix\" title=\"Notre offre\">Notre offre<\/a><\/p>\n\n\n\n<p><a href=\"https:\/\/www.youtube.com\/user\/STARTUPSTV\" target=\"_blank\" rel=\"noopener\" title=\"StartupsTV\">D\u00e9couvrez des informations int\u00e9ressantes sur<\/a> <a href=\"https:\/\/www.youtube.com\/user\/STARTUPSTV\" target=\"_blank\" rel=\"noopener\" title=\"StartupsTV\">StartupsTV<\/a><\/p>\n\n\n\n<p><a class=\"postButton\" href=\"https:\/\/www.startups.ch\/fr\/services\/creation-entreprise\" target=\"_blank\" rel=\"noopener noreferrer\">\u00bb Se lancer, cr\u00e9er son entreprise<\/a>&nbsp;<a class=\"postButton\" href=\"https:\/\/startups.ch\/fr\/preparer\/business-plan\/qui-besoin\/\" target=\"_blank\" rel=\"noopener noreferrer\">\u00bb R\u00e9diger son Business plan<\/a><\/p>\n","protected":false},"excerpt":{"rendered":"<p>La soci\u00e9t\u00e9 en nom collectif est caract\u00e9ris\u00e9e par le fait que deux ou plusieurs personnes morales tiennent un commerce ensemble. Dans une soci\u00e9t\u00e9 en nom collectif compos\u00e9e de deux associ\u00e9s, que se passe-t-il lorsque ceux-ci se s\u00e9parent?&nbsp; Est-ce qu&#8217;un associ\u00e9 peut continuer le commerce seul sous la forme d\u2019une raison individuelle? Oui, c\u2019est possible. Selon [&hellip;]<\/p>\n","protected":false},"author":7,"featured_media":0,"comment_status":"closed","ping_status":"closed","sticky":false,"template":"","format":"standard","meta":{"content-type":"","jetpack_post_was_ever_published":false,"_jetpack_newsletter_access":"","_jetpack_dont_email_post_to_subs":false,"_jetpack_newsletter_tier_id":0,"footnotes":"","jetpack_publicize_message":"","jetpack_publicize_feature_enabled":true,"jetpack_social_post_already_shared":false,"jetpack_social_options":{"image_generator_settings":{"template":"highway","enabled":false}}},"categories":[9,5,8],"tags":[136,188,405,171,406],"jetpack_publicize_connections":[],"aioseo_notices":[],"views":3200,"jetpack_featured_media_url":"","jetpack_sharing_enabled":true,"jetpack_shortlink":"https:\/\/wp.me\/p7y0qY-8z","_links":{"self":[{"href":"https:\/\/blog.startups.ch\/fr\/wp-json\/wp\/v2\/posts\/531"}],"collection":[{"href":"https:\/\/blog.startups.ch\/fr\/wp-json\/wp\/v2\/posts"}],"about":[{"href":"https:\/\/blog.startups.ch\/fr\/wp-json\/wp\/v2\/types\/post"}],"author":[{"embeddable":true,"href":"https:\/\/blog.startups.ch\/fr\/wp-json\/wp\/v2\/users\/7"}],"replies":[{"embeddable":true,"href":"https:\/\/blog.startups.ch\/fr\/wp-json\/wp\/v2\/comments?post=531"}],"version-history":[{"count":11,"href":"https:\/\/blog.startups.ch\/fr\/wp-json\/wp\/v2\/posts\/531\/revisions"}],"predecessor-version":[{"id":11547,"href":"https:\/\/blog.startups.ch\/fr\/wp-json\/wp\/v2\/posts\/531\/revisions\/11547"}],"wp:attachment":[{"href":"https:\/\/blog.startups.ch\/fr\/wp-json\/wp\/v2\/media?parent=531"}],"wp:term":[{"taxonomy":"category","embeddable":true,"href":"https:\/\/blog.startups.ch\/fr\/wp-json\/wp\/v2\/categories?post=531"},{"taxonomy":"post_tag","embeddable":true,"href":"https:\/\/blog.startups.ch\/fr\/wp-json\/wp\/v2\/tags?post=531"}],"curies":[{"name":"wp","href":"https:\/\/api.w.org\/{rel}","templated":true}]}}