{"id":523,"date":"2011-05-31T21:30:53","date_gmt":"2011-05-31T19:30:53","guid":{"rendered":"http:\/\/blog.startups.ch\/fr\/?p=523"},"modified":"2022-09-28T13:09:27","modified_gmt":"2022-09-28T11:09:27","slug":"cloture-dans-une-societe-en-nom-collectif","status":"publish","type":"post","link":"https:\/\/blog.startups.ch\/fr\/2011\/05\/31\/cloture-dans-une-societe-en-nom-collectif\/","title":{"rendered":"Partage des b\u00e9n\u00e9fices: cl\u00f4ture dans une soci\u00e9t\u00e9 en nom collectif"},"content":{"rendered":"<p><a href=\"https:\/\/i0.wp.com\/blog.startups.ch\/fr\/wp-content\/uploads\/2013\/02\/Fotolia_43009286_S.jpg\"><img loading=\"lazy\" decoding=\"async\" class=\"aligncenter size-full wp-image-1405\" src=\"https:\/\/i0.wp.com\/blog.startups.ch\/fr\/wp-content\/uploads\/2013\/02\/Fotolia_43009286_S.jpg?resize=690%2C347\" alt=\"b\u00e9n\u00e9fices\" width=\"690\" height=\"347\" srcset=\"https:\/\/i0.wp.com\/blog.startups.ch\/fr\/wp-content\/uploads\/2013\/02\/Fotolia_43009286_S.jpg?w=690&amp;ssl=1 690w, https:\/\/i0.wp.com\/blog.startups.ch\/fr\/wp-content\/uploads\/2013\/02\/Fotolia_43009286_S.jpg?resize=300%2C150&amp;ssl=1 300w\" sizes=\"(max-width: 690px) 100vw, 690px\" data-recalc-dims=\"1\" \/><\/a><\/p>\n<p>La soci\u00e9t\u00e9 en nom collectif est cr\u00e9\u00e9e par deux personnes morales au minimum. Au plus tard \u00e0 la fin de l\u2019ann\u00e9e, les associ\u00e9s ont droit \u00e0 un int\u00e9r\u00eat sur leur capital et \u00e0 un honoraire, pour autant que le contrat le pr\u00e9voit (558 CO). Le fait que l\u2019ann\u00e9e commerciale ait amen\u00e9 un b\u00e9n\u00e9fice ou non ne joue aucun r\u00f4le.<\/p>\n<p>Cependant, les b\u00e9n\u00e9fices ne peuvent, \u00e9videmment, \u00eatre uniquement pay\u00e9s que si la soci\u00e9t\u00e9 a r\u00e9alis\u00e9 un profit. Si rien d\u2019autre n\u2019a \u00e9t\u00e9 convenu, les b\u00e9n\u00e9fices seront partag\u00e9s par t\u00eate entre les associ\u00e9s.<\/p>\n<p>Si un associ\u00e9 ne prend pas de b\u00e9n\u00e9fices ou d\u2019int\u00e9r\u00eats, sa part lui sera attribu\u00e9e dans le bilan.<\/p>\n<p>Afin que toutes les relations entre la soci\u00e9t\u00e9 et les associ\u00e9s soient claires, chaque associ\u00e9 aura un compte pour son capital et un autre pour ses cr\u00e9ances courts termes.<\/p>\n<p>Si la soci\u00e9t\u00e9 en nom collectif fait des pertes, celles-ci seront comptabilis\u00e9es \u00e0 travers le compte de capital de chaque associ\u00e9. Si la soci\u00e9t\u00e9 fait \u00e0 nouveau du b\u00e9n\u00e9fice, celui-ci ne peut \u00eatre distribu\u00e9 que lorsque la r\u00e9duction du capital a \u00e9t\u00e9 combl\u00e9e.<\/p>\n","protected":false},"excerpt":{"rendered":"<p>La soci\u00e9t\u00e9 en nom collectif est cr\u00e9\u00e9e par deux personnes morales au minimum. Au plus tard \u00e0 la fin de l\u2019ann\u00e9e, les associ\u00e9s ont droit \u00e0 un int\u00e9r\u00eat sur leur capital et \u00e0 un honoraire, pour autant que le contrat le pr\u00e9voit (558 CO). Le fait que l\u2019ann\u00e9e commerciale ait amen\u00e9 un b\u00e9n\u00e9fice ou non [&hellip;]<\/p>\n","protected":false},"author":7,"featured_media":0,"comment_status":"closed","ping_status":"closed","sticky":false,"template":"","format":"standard","meta":{"content-type":"","jetpack_post_was_ever_published":false,"_jetpack_newsletter_access":"","_jetpack_dont_email_post_to_subs":false,"_jetpack_newsletter_tier_id":0,"footnotes":"","jetpack_publicize_message":"","jetpack_publicize_feature_enabled":true,"jetpack_social_post_already_shared":false,"jetpack_social_options":{"image_generator_settings":{"template":"highway","enabled":false}}},"categories":[10,1,8],"tags":[186,408,406],"jetpack_publicize_connections":[],"aioseo_notices":[],"views":2883,"jetpack_featured_media_url":"","jetpack_sharing_enabled":true,"jetpack_shortlink":"https:\/\/wp.me\/p7y0qY-8r","_links":{"self":[{"href":"https:\/\/blog.startups.ch\/fr\/wp-json\/wp\/v2\/posts\/523"}],"collection":[{"href":"https:\/\/blog.startups.ch\/fr\/wp-json\/wp\/v2\/posts"}],"about":[{"href":"https:\/\/blog.startups.ch\/fr\/wp-json\/wp\/v2\/types\/post"}],"author":[{"embeddable":true,"href":"https:\/\/blog.startups.ch\/fr\/wp-json\/wp\/v2\/users\/7"}],"replies":[{"embeddable":true,"href":"https:\/\/blog.startups.ch\/fr\/wp-json\/wp\/v2\/comments?post=523"}],"version-history":[{"count":13,"href":"https:\/\/blog.startups.ch\/fr\/wp-json\/wp\/v2\/posts\/523\/revisions"}],"predecessor-version":[{"id":10839,"href":"https:\/\/blog.startups.ch\/fr\/wp-json\/wp\/v2\/posts\/523\/revisions\/10839"}],"wp:attachment":[{"href":"https:\/\/blog.startups.ch\/fr\/wp-json\/wp\/v2\/media?parent=523"}],"wp:term":[{"taxonomy":"category","embeddable":true,"href":"https:\/\/blog.startups.ch\/fr\/wp-json\/wp\/v2\/categories?post=523"},{"taxonomy":"post_tag","embeddable":true,"href":"https:\/\/blog.startups.ch\/fr\/wp-json\/wp\/v2\/tags?post=523"}],"curies":[{"name":"wp","href":"https:\/\/api.w.org\/{rel}","templated":true}]}}